{"id":17855,"date":"2014-02-26T14:33:29","date_gmt":"2014-02-26T13:33:29","guid":{"rendered":"https:\/\/you-charity.de\/jerome-boateng-et-ute-ohoven-lancent-une-campagne-de-financement\/"},"modified":"2014-02-26T14:33:29","modified_gmt":"2014-02-26T13:33:29","slug":"jerome-boateng-et-ute-ohoven-lancent-une-campagne-de-financement","status":"publish","type":"post","link":"https:\/\/you-stiftung.de\/fr\/jerome-boateng-et-ute-ohoven-lancent-une-campagne-de-financement\/","title":{"rendered":"J\u00e9r\u00f4me Boateng et Ute Ohoven lancent une campagne de financement"},"content":{"rendered":"<blockquote><p>\u00ab\u00a0Vous aussi pouvez participer !\u201c<\/p><\/blockquote>\n<p>C&rsquo;est la devise de la grande campagne de collecte de fonds de la \u00ab Stiftung UNESCO \u2013 Pro Kinderhilfe e.V. \u00bb, qui a d\u00e9but\u00e9 aujourd&rsquo;hui dans l&rsquo;\u00e9cole du projet UNESCO Willy-Brandt-Gesamtschule \u00e0 Munich.<\/p>\n<p>\u00ab C&rsquo;est formidable de voir comment les \u00e9tudiants ont fait preuve d&rsquo;engagement social avec ce tournoi de football caritatif et rapprochent ainsi les enfants du Br\u00e9sil de leur r\u00eave d&rsquo;une vie autod\u00e9termin\u00e9e \u00bb, souligne l&rsquo;Ambassadeur de bonne volont\u00e9 de l&rsquo;UNESCO, le Dr. h.c. L&rsquo;Ute-Henriette Ohoven et le Parrain de l&rsquo;Espoir de la Fondation UNSECO, l&rsquo;acteur national J\u00e9r\u00f4me Boateng. Toutes les \u00e9coles et clubs de football d\u2019Allemagne sont invit\u00e9s \u00e0 participer \u00e0 cette campagne de collecte de fonds.<\/p>\n<p><img fetchpriority=\"high\" decoding=\"async\" class=\"alignnone wp-image-456 size-full\" src=\"http:\/\/you-stiftung.de\/wp-content\/uploads\/2014\/02\/Kick-Off-Jerome-Boateng--e1439546487224.jpg\" alt=\"Kick Off Jerome Boateng\" width=\"780\" height=\"438\" srcset=\"https:\/\/you-stiftung.de\/wp-content\/uploads\/2014\/02\/Kick-Off-Jerome-Boateng--e1439546487224.jpg 780w, https:\/\/you-stiftung.de\/wp-content\/uploads\/2014\/02\/Kick-Off-Jerome-Boateng--e1439546487224-600x337.jpg 600w\" sizes=\"(max-width: 780px) 100vw, 780px\" \/>Une tourn\u00e9e de pr\u00e9sentation avec laquelle Pro Kinderhilfe e.V. fait la promotion de la campagne nationale fait partie de la campagne de collecte de fonds. L&rsquo;objectif du roadshow est d&rsquo;informer les \u00e9coles et les clubs sportifs du projet et d&rsquo;encourager les \u00e9tudiants et les jeunes \u00e0 lancer leur propre campagne de collecte de fonds. L&rsquo;\u00e9cole ou le club ayant r\u00e9alis\u00e9 la campagne de financement la plus originale remporte, entre autres, une formation de football exclusive avec J\u00e9r\u00f4me Boateng. Le fabricant d&rsquo;articles de sport NIKE offre des prix suppl\u00e9mentaires pour cette campagne.<\/p>\n<p><strong>Les \u00e9coles et clubs int\u00e9ress\u00e9s peuvent trouver des informations sur cette campagne exemplaire et le projet \u00ab Vivre un r\u00eave \u00bb sur <a href=\"http:\/\/www.pro-kinderhilfe.de\/index.php\/fussballfans-aufgepasst\/\">www.living-a-dream.de<\/a>.<\/strong><\/p>\n<p>&nbsp;<\/p>\n","protected":false},"excerpt":{"rendered":"<p>Le footballeur national J\u00e9r\u00f4me Boateng lance une campagne de collecte de fonds pour les enfants et les jeunes<\/p>\n","protected":false},"author":9,"featured_media":0,"comment_status":"closed","ping_status":"closed","sticky":false,"template":"","format":"standard","meta":{"footnotes":""},"categories":[452],"tags":[],"class_list":["post-17855","post","type-post","status-publish","format-standard","hentry","category-partenariats"],"yoast_head":"<!-- This site is optimized with the Yoast SEO plugin v27.4 - https:\/\/yoast.com\/product\/yoast-seo-wordpress\/ -->\n<title>J\u00e9r\u00f4me Boateng et Ute Ohoven lancent une campagne de financement &#8211; You Stiftung<\/title>\n<meta name=\"robots\" content=\"index, follow, max-snippet:-1, max-image-preview:large, max-video-preview:-1\" \/>\n<link rel=\"canonical\" href=\"https:\/\/you-stiftung.de\/jerome-boateng-et-ute-ohoven-lancent-une-campagne-de-financement\/\" \/>\n<meta property=\"og:locale\" content=\"fr_FR\" \/>\n<meta property=\"og:type\" content=\"article\" \/>\n<meta property=\"og:title\" content=\"J\u00e9r\u00f4me Boateng et Ute Ohoven lancent une campagne de financement &#8211; You Stiftung\" \/>\n<meta property=\"og:description\" content=\"Le footballeur national J\u00e9r\u00f4me Boateng lance une campagne de collecte de fonds pour les enfants et les jeunes\" \/>\n<meta property=\"og:url\" content=\"https:\/\/you-stiftung.de\/jerome-boateng-et-ute-ohoven-lancent-une-campagne-de-financement\/\" \/>\n<meta property=\"og:site_name\" content=\"You Stiftung\" \/>\n<meta property=\"article:publisher\" content=\"https:\/\/www.facebook.com\/youstiftung\" \/>\n<meta property=\"article:published_time\" content=\"2014-02-26T13:33:29+00:00\" \/>\n<meta property=\"og:image\" content=\"http:\/\/you-stiftung.de\/wp-content\/uploads\/2014\/02\/Kick-Off-Jerome-Boateng--e1439546487224.jpg\" \/>\n<meta name=\"author\" content=\"Anika\" \/>\n<meta name=\"twitter:card\" content=\"summary_large_image\" \/>\n<meta name=\"twitter:label1\" content=\"\u00c9crit par\" \/>\n\t<meta name=\"twitter:data1\" content=\"Anika\" \/>\n\t<meta name=\"twitter:label2\" content=\"Dur\u00e9e de lecture estim\u00e9e\" \/>\n\t<meta name=\"twitter:data2\" content=\"1 minute\" \/>\n<script type=\"application\/ld+json\" class=\"yoast-schema-graph\">{\"@context\":\"https:\\\/\\\/schema.org\",\"@graph\":[{\"@type\":\"Article\",\"@id\":\"https:\\\/\\\/you-stiftung.de\\\/jerome-boateng-et-ute-ohoven-lancent-une-campagne-de-financement\\\/#article\",\"isPartOf\":{\"@id\":\"https:\\\/\\\/you-stiftung.de\\\/jerome-boateng-et-ute-ohoven-lancent-une-campagne-de-financement\\\/\"},\"author\":{\"name\":\"Anika\",\"@id\":\"https:\\\/\\\/you-stiftung.de\\\/#\\\/schema\\\/person\\\/214a30a2452f82bf648d22ebdba2b10f\"},\"headline\":\"J\u00e9r\u00f4me Boateng et Ute Ohoven lancent une campagne de financement\",\"datePublished\":\"2014-02-26T13:33:29+00:00\",\"mainEntityOfPage\":{\"@id\":\"https:\\\/\\\/you-stiftung.de\\\/jerome-boateng-et-ute-ohoven-lancent-une-campagne-de-financement\\\/\"},\"wordCount\":269,\"publisher\":{\"@id\":\"https:\\\/\\\/you-stiftung.de\\\/#organization\"},\"image\":{\"@id\":\"https:\\\/\\\/you-stiftung.de\\\/jerome-boateng-et-ute-ohoven-lancent-une-campagne-de-financement\\\/#primaryimage\"},\"thumbnailUrl\":\"http:\\\/\\\/you-stiftung.de\\\/wp-content\\\/uploads\\\/2014\\\/02\\\/Kick-Off-Jerome-Boateng--e1439546487224.jpg\",\"articleSection\":[\"Partenariats\"],\"inLanguage\":\"fr-FR\"},{\"@type\":\"WebPage\",\"@id\":\"https:\\\/\\\/you-stiftung.de\\\/jerome-boateng-et-ute-ohoven-lancent-une-campagne-de-financement\\\/\",\"url\":\"https:\\\/\\\/you-stiftung.de\\\/jerome-boateng-et-ute-ohoven-lancent-une-campagne-de-financement\\\/\",\"name\":\"J\u00e9r\u00f4me Boateng et Ute Ohoven lancent une campagne de financement &#8211; You Stiftung\",\"isPartOf\":{\"@id\":\"https:\\\/\\\/you-stiftung.de\\\/#website\"},\"primaryImageOfPage\":{\"@id\":\"https:\\\/\\\/you-stiftung.de\\\/jerome-boateng-et-ute-ohoven-lancent-une-campagne-de-financement\\\/#primaryimage\"},\"image\":{\"@id\":\"https:\\\/\\\/you-stiftung.de\\\/jerome-boateng-et-ute-ohoven-lancent-une-campagne-de-financement\\\/#primaryimage\"},\"thumbnailUrl\":\"http:\\\/\\\/you-stiftung.de\\\/wp-content\\\/uploads\\\/2014\\\/02\\\/Kick-Off-Jerome-Boateng--e1439546487224.jpg\",\"datePublished\":\"2014-02-26T13:33:29+00:00\",\"breadcrumb\":{\"@id\":\"https:\\\/\\\/you-stiftung.de\\\/jerome-boateng-et-ute-ohoven-lancent-une-campagne-de-financement\\\/#breadcrumb\"},\"inLanguage\":\"fr-FR\",\"potentialAction\":[{\"@type\":\"ReadAction\",\"target\":[\"https:\\\/\\\/you-stiftung.de\\\/jerome-boateng-et-ute-ohoven-lancent-une-campagne-de-financement\\\/\"]}]},{\"@type\":\"ImageObject\",\"inLanguage\":\"fr-FR\",\"@id\":\"https:\\\/\\\/you-stiftung.de\\\/jerome-boateng-et-ute-ohoven-lancent-une-campagne-de-financement\\\/#primaryimage\",\"url\":\"http:\\\/\\\/you-stiftung.de\\\/wp-content\\\/uploads\\\/2014\\\/02\\\/Kick-Off-Jerome-Boateng--e1439546487224.jpg\",\"contentUrl\":\"http:\\\/\\\/you-stiftung.de\\\/wp-content\\\/uploads\\\/2014\\\/02\\\/Kick-Off-Jerome-Boateng--e1439546487224.jpg\"},{\"@type\":\"BreadcrumbList\",\"@id\":\"https:\\\/\\\/you-stiftung.de\\\/jerome-boateng-et-ute-ohoven-lancent-une-campagne-de-financement\\\/#breadcrumb\",\"itemListElement\":[{\"@type\":\"ListItem\",\"position\":1,\"name\":\"Home\",\"item\":\"https:\\\/\\\/you-stiftung.de\\\/fr\\\/accueil-fr\\\/\"},{\"@type\":\"ListItem\",\"position\":2,\"name\":\"J\u00e9r\u00f4me Boateng et Ute Ohoven lancent une campagne de financement\"}]},{\"@type\":\"WebSite\",\"@id\":\"https:\\\/\\\/you-stiftung.de\\\/#website\",\"url\":\"https:\\\/\\\/you-stiftung.de\\\/\",\"name\":\"YOU Stiftung\",\"description\":\"Bildung f\u00fcr Kinder in Not\",\"publisher\":{\"@id\":\"https:\\\/\\\/you-stiftung.de\\\/#organization\"},\"potentialAction\":[{\"@type\":\"SearchAction\",\"target\":{\"@type\":\"EntryPoint\",\"urlTemplate\":\"https:\\\/\\\/you-stiftung.de\\\/?s={search_term_string}\"},\"query-input\":{\"@type\":\"PropertyValueSpecification\",\"valueRequired\":true,\"valueName\":\"search_term_string\"}}],\"inLanguage\":\"fr-FR\"},{\"@type\":\"Organization\",\"@id\":\"https:\\\/\\\/you-stiftung.de\\\/#organization\",\"name\":\"YOU Stiftung\",\"url\":\"https:\\\/\\\/you-stiftung.de\\\/\",\"logo\":{\"@type\":\"ImageObject\",\"inLanguage\":\"fr-FR\",\"@id\":\"https:\\\/\\\/you-stiftung.de\\\/#\\\/schema\\\/logo\\\/image\\\/\",\"url\":\"https:\\\/\\\/you-stiftung.de\\\/wp-content\\\/uploads\\\/2021\\\/02\\\/YOU_Logo_pos_RGB_deutsch_RZ.png\",\"contentUrl\":\"https:\\\/\\\/you-stiftung.de\\\/wp-content\\\/uploads\\\/2021\\\/02\\\/YOU_Logo_pos_RGB_deutsch_RZ.png\",\"width\":729,\"height\":449,\"caption\":\"YOU Stiftung\"},\"image\":{\"@id\":\"https:\\\/\\\/you-stiftung.de\\\/#\\\/schema\\\/logo\\\/image\\\/\"},\"sameAs\":[\"https:\\\/\\\/www.facebook.com\\\/youstiftung\",\"https:\\\/\\\/www.instagram.com\\\/youstiftung\"]},{\"@type\":\"Person\",\"@id\":\"https:\\\/\\\/you-stiftung.de\\\/#\\\/schema\\\/person\\\/214a30a2452f82bf648d22ebdba2b10f\",\"name\":\"Anika\",\"url\":\"https:\\\/\\\/you-stiftung.de\\\/fr\\\/author\\\/anika\\\/\"}]}<\/script>\n<!-- \/ Yoast SEO plugin. -->","yoast_head_json":{"title":"J\u00e9r\u00f4me Boateng et Ute Ohoven lancent une campagne de financement &#8211; You Stiftung","robots":{"index":"index","follow":"follow","max-snippet":"max-snippet:-1","max-image-preview":"max-image-preview:large","max-video-preview":"max-video-preview:-1"},"canonical":"https:\/\/you-stiftung.de\/jerome-boateng-et-ute-ohoven-lancent-une-campagne-de-financement\/","og_locale":"fr_FR","og_type":"article","og_title":"J\u00e9r\u00f4me Boateng et Ute Ohoven lancent une campagne de financement &#8211; You Stiftung","og_description":"Le footballeur national J\u00e9r\u00f4me Boateng lance une campagne de collecte de fonds pour les enfants et les jeunes","og_url":"https:\/\/you-stiftung.de\/jerome-boateng-et-ute-ohoven-lancent-une-campagne-de-financement\/","og_site_name":"You Stiftung","article_publisher":"https:\/\/www.facebook.com\/youstiftung","article_published_time":"2014-02-26T13:33:29+00:00","og_image":[{"url":"http:\/\/you-stiftung.de\/wp-content\/uploads\/2014\/02\/Kick-Off-Jerome-Boateng--e1439546487224.jpg","type":"","width":"","height":""}],"author":"Anika","twitter_card":"summary_large_image","twitter_misc":{"\u00c9crit par":"Anika","Dur\u00e9e de lecture estim\u00e9e":"1 minute"},"schema":{"@context":"https:\/\/schema.org","@graph":[{"@type":"Article","@id":"https:\/\/you-stiftung.de\/jerome-boateng-et-ute-ohoven-lancent-une-campagne-de-financement\/#article","isPartOf":{"@id":"https:\/\/you-stiftung.de\/jerome-boateng-et-ute-ohoven-lancent-une-campagne-de-financement\/"},"author":{"name":"Anika","@id":"https:\/\/you-stiftung.de\/#\/schema\/person\/214a30a2452f82bf648d22ebdba2b10f"},"headline":"J\u00e9r\u00f4me Boateng et Ute Ohoven lancent une campagne de financement","datePublished":"2014-02-26T13:33:29+00:00","mainEntityOfPage":{"@id":"https:\/\/you-stiftung.de\/jerome-boateng-et-ute-ohoven-lancent-une-campagne-de-financement\/"},"wordCount":269,"publisher":{"@id":"https:\/\/you-stiftung.de\/#organization"},"image":{"@id":"https:\/\/you-stiftung.de\/jerome-boateng-et-ute-ohoven-lancent-une-campagne-de-financement\/#primaryimage"},"thumbnailUrl":"http:\/\/you-stiftung.de\/wp-content\/uploads\/2014\/02\/Kick-Off-Jerome-Boateng--e1439546487224.jpg","articleSection":["Partenariats"],"inLanguage":"fr-FR"},{"@type":"WebPage","@id":"https:\/\/you-stiftung.de\/jerome-boateng-et-ute-ohoven-lancent-une-campagne-de-financement\/","url":"https:\/\/you-stiftung.de\/jerome-boateng-et-ute-ohoven-lancent-une-campagne-de-financement\/","name":"J\u00e9r\u00f4me Boateng et Ute Ohoven lancent une campagne de financement &#8211; You Stiftung","isPartOf":{"@id":"https:\/\/you-stiftung.de\/#website"},"primaryImageOfPage":{"@id":"https:\/\/you-stiftung.de\/jerome-boateng-et-ute-ohoven-lancent-une-campagne-de-financement\/#primaryimage"},"image":{"@id":"https:\/\/you-stiftung.de\/jerome-boateng-et-ute-ohoven-lancent-une-campagne-de-financement\/#primaryimage"},"thumbnailUrl":"http:\/\/you-stiftung.de\/wp-content\/uploads\/2014\/02\/Kick-Off-Jerome-Boateng--e1439546487224.jpg","datePublished":"2014-02-26T13:33:29+00:00","breadcrumb":{"@id":"https:\/\/you-stiftung.de\/jerome-boateng-et-ute-ohoven-lancent-une-campagne-de-financement\/#breadcrumb"},"inLanguage":"fr-FR","potentialAction":[{"@type":"ReadAction","target":["https:\/\/you-stiftung.de\/jerome-boateng-et-ute-ohoven-lancent-une-campagne-de-financement\/"]}]},{"@type":"ImageObject","inLanguage":"fr-FR","@id":"https:\/\/you-stiftung.de\/jerome-boateng-et-ute-ohoven-lancent-une-campagne-de-financement\/#primaryimage","url":"http:\/\/you-stiftung.de\/wp-content\/uploads\/2014\/02\/Kick-Off-Jerome-Boateng--e1439546487224.jpg","contentUrl":"http:\/\/you-stiftung.de\/wp-content\/uploads\/2014\/02\/Kick-Off-Jerome-Boateng--e1439546487224.jpg"},{"@type":"BreadcrumbList","@id":"https:\/\/you-stiftung.de\/jerome-boateng-et-ute-ohoven-lancent-une-campagne-de-financement\/#breadcrumb","itemListElement":[{"@type":"ListItem","position":1,"name":"Home","item":"https:\/\/you-stiftung.de\/fr\/accueil-fr\/"},{"@type":"ListItem","position":2,"name":"J\u00e9r\u00f4me Boateng et Ute Ohoven lancent une campagne de financement"}]},{"@type":"WebSite","@id":"https:\/\/you-stiftung.de\/#website","url":"https:\/\/you-stiftung.de\/","name":"YOU Stiftung","description":"Bildung f\u00fcr Kinder in Not","publisher":{"@id":"https:\/\/you-stiftung.de\/#organization"},"potentialAction":[{"@type":"SearchAction","target":{"@type":"EntryPoint","urlTemplate":"https:\/\/you-stiftung.de\/?s={search_term_string}"},"query-input":{"@type":"PropertyValueSpecification","valueRequired":true,"valueName":"search_term_string"}}],"inLanguage":"fr-FR"},{"@type":"Organization","@id":"https:\/\/you-stiftung.de\/#organization","name":"YOU Stiftung","url":"https:\/\/you-stiftung.de\/","logo":{"@type":"ImageObject","inLanguage":"fr-FR","@id":"https:\/\/you-stiftung.de\/#\/schema\/logo\/image\/","url":"https:\/\/you-stiftung.de\/wp-content\/uploads\/2021\/02\/YOU_Logo_pos_RGB_deutsch_RZ.png","contentUrl":"https:\/\/you-stiftung.de\/wp-content\/uploads\/2021\/02\/YOU_Logo_pos_RGB_deutsch_RZ.png","width":729,"height":449,"caption":"YOU Stiftung"},"image":{"@id":"https:\/\/you-stiftung.de\/#\/schema\/logo\/image\/"},"sameAs":["https:\/\/www.facebook.com\/youstiftung","https:\/\/www.instagram.com\/youstiftung"]},{"@type":"Person","@id":"https:\/\/you-stiftung.de\/#\/schema\/person\/214a30a2452f82bf648d22ebdba2b10f","name":"Anika","url":"https:\/\/you-stiftung.de\/fr\/author\/anika\/"}]}},"_links":{"self":[{"href":"https:\/\/you-stiftung.de\/fr\/wp-json\/wp\/v2\/posts\/17855","targetHints":{"allow":["GET"]}}],"collection":[{"href":"https:\/\/you-stiftung.de\/fr\/wp-json\/wp\/v2\/posts"}],"about":[{"href":"https:\/\/you-stiftung.de\/fr\/wp-json\/wp\/v2\/types\/post"}],"author":[{"embeddable":true,"href":"https:\/\/you-stiftung.de\/fr\/wp-json\/wp\/v2\/users\/9"}],"replies":[{"embeddable":true,"href":"https:\/\/you-stiftung.de\/fr\/wp-json\/wp\/v2\/comments?post=17855"}],"version-history":[{"count":0,"href":"https:\/\/you-stiftung.de\/fr\/wp-json\/wp\/v2\/posts\/17855\/revisions"}],"wp:attachment":[{"href":"https:\/\/you-stiftung.de\/fr\/wp-json\/wp\/v2\/media?parent=17855"}],"wp:term":[{"taxonomy":"category","embeddable":true,"href":"https:\/\/you-stiftung.de\/fr\/wp-json\/wp\/v2\/categories?post=17855"},{"taxonomy":"post_tag","embeddable":true,"href":"https:\/\/you-stiftung.de\/fr\/wp-json\/wp\/v2\/tags?post=17855"}],"curies":[{"name":"wp","href":"https:\/\/api.w.org\/{rel}","templated":true}]}}