{"id":17305,"date":"2022-02-05T18:34:34","date_gmt":"2022-02-05T17:34:34","guid":{"rendered":"https:\/\/you-charity.de\/sante-et-dignite-des-meres-et-des-enfants-station-de-sante-fai-senegal\/"},"modified":"2023-08-05T18:50:39","modified_gmt":"2023-08-05T16:50:39","slug":"sante-et-dignite-des-meres-et-des-enfants-station-de-sante-fai-senegal","status":"publish","type":"post","link":"https:\/\/you-stiftung.de\/fr\/sante-et-dignite-des-meres-et-des-enfants-station-de-sante-fai-senegal\/","title":{"rendered":"SANT\u00c9 ET DIGNIT\u00c9 DES M\u00c8RES ET DES ENFANTS \u2013 STATION DE SANT\u00c9 FAI SENEGAL"},"content":{"rendered":"\t\t<div data-elementor-type=\"wp-post\" data-elementor-id=\"17305\" class=\"elementor elementor-17305 elementor-17277\" data-elementor-post-type=\"post\">\n\t\t\t\t\t\t<section class=\"elementor-section elementor-top-section elementor-element elementor-element-d585ab3 elementor-section-boxed elementor-section-height-default elementor-section-height-default\" data-id=\"d585ab3\" data-element_type=\"section\">\n\t\t\t\t\t\t<div class=\"elementor-container elementor-column-gap-default\">\n\t\t\t\t\t<div class=\"elementor-column elementor-col-100 elementor-top-column elementor-element elementor-element-ed3f0a4\" data-id=\"ed3f0a4\" data-element_type=\"column\">\n\t\t\t<div class=\"elementor-widget-wrap elementor-element-populated\">\n\t\t\t\t\t\t<div class=\"elementor-element elementor-element-a1377d3 elementor-widget elementor-widget-text-editor\" data-id=\"a1377d3\" data-element_type=\"widget\" data-widget_type=\"text-editor.default\">\n\t\t\t\t<div class=\"elementor-widget-container\">\n\t\t\t\t\t\t\t\t\t<p>Le projet \u00ab\u00a0<strong>Agrandissement du poste de sant\u00e9 de M\u00e9dina Ch\u00e9rif\u00a0\u00bb (commune de Kolda, S\u00e9n\u00e9gal)<\/strong> sert \u00e0 soutenir divers projets sanitaires d&rsquo;envergure.<\/p>\n<p>Le poste de sant\u00e9 est destin\u00e9 \u00e0 desservir la communaut\u00e9 rurale de M\u00e9dina Ch\u00e9rif pour lutter contre la mortalit\u00e9 maternelle et infantile, pr\u00e9venir les maladies infectieuses et contribuer \u00e0 l&rsquo;am\u00e9lioration des soins de sant\u00e9 extr\u00eamement importants de l&rsquo;ensemble de la population.<\/p>\n<p>Les anciennes installations m\u00e9dicales de la communaut\u00e9, avec leurs ressources minimales, ne pouvaient fournir que des soins m\u00e9dicaux inad\u00e9quats aux femmes enceintes. La cons\u00e9quence dramatique a \u00e9t\u00e9 une mortalit\u00e9 maternelle, infantile et juv\u00e9nile \u00e9lev\u00e9e. Depuis la construction du poste de sant\u00e9, la prise en charge s&rsquo;est nettement am\u00e9lior\u00e9e et le nombre de patientes \u00e0 la maternit\u00e9 FAI a augment\u00e9 de 1 670 femmes par an.<\/p>\n<p>En janvier 2021, une nouvelle maison de sage-femme et un mur complet du site ont \u00e9t\u00e9 construits. La maternit\u00e9 a \u00e9t\u00e9 r\u00e9nov\u00e9e gr\u00e2ce \u00e0 d&rsquo;importants travaux de construction, les \u00e9quipements ont \u00e9t\u00e9 renouvel\u00e9s et agrandis, une nouvelle alimentation \u00e9lectrique a \u00e9t\u00e9 s\u00e9curis\u00e9e par un syst\u00e8me d&rsquo;\u00e9nergie solaire et diverses formations ont \u00e9t\u00e9 organis\u00e9es pour le personnel m\u00e9dical.<\/p>\n\t\t\t\t\t\t\t\t<\/div>\n\t\t\t\t<\/div>\n\t\t\t\t\t<\/div>\n\t\t<\/div>\n\t\t\t\t\t<\/div>\n\t\t<\/section>\n\t\t\t\t<section class=\"elementor-section elementor-top-section elementor-element elementor-element-5cc97db elementor-section-boxed elementor-section-height-default elementor-section-height-default\" data-id=\"5cc97db\" data-element_type=\"section\">\n\t\t\t\t\t\t<div class=\"elementor-container elementor-column-gap-default\">\n\t\t\t\t\t<div class=\"elementor-column elementor-col-100 elementor-top-column elementor-element elementor-element-f7b368e\" data-id=\"f7b368e\" data-element_type=\"column\">\n\t\t\t<div class=\"elementor-widget-wrap elementor-element-populated\">\n\t\t\t\t\t\t<div class=\"elementor-element elementor-element-1fa0236 elementor-widget elementor-widget-heading\" data-id=\"1fa0236\" data-element_type=\"widget\" data-widget_type=\"heading.default\">\n\t\t\t\t<div class=\"elementor-widget-container\">\n\t\t\t\t\t<h2 class=\"elementor-heading-title elementor-size-default\">Maison de sage-femme et mur d'enceinte<\/h2>\t\t\t\t<\/div>\n\t\t\t\t<\/div>\n\t\t\t\t\t<\/div>\n\t\t<\/div>\n\t\t\t\t\t<\/div>\n\t\t<\/section>\n\t\t\t\t<section class=\"elementor-section elementor-top-section elementor-element elementor-element-ffccf10 elementor-section-boxed elementor-section-height-default elementor-section-height-default\" data-id=\"ffccf10\" data-element_type=\"section\">\n\t\t\t\t\t\t<div class=\"elementor-container elementor-column-gap-default\">\n\t\t\t\t\t<div class=\"elementor-column elementor-col-100 elementor-top-column elementor-element elementor-element-f54f23d\" data-id=\"f54f23d\" data-element_type=\"column\">\n\t\t\t<div class=\"elementor-widget-wrap elementor-element-populated\">\n\t\t\t\t\t\t<div class=\"elementor-element elementor-element-22c1ba5 elementor-widget elementor-widget-text-editor\" data-id=\"22c1ba5\" data-element_type=\"widget\" data-widget_type=\"text-editor.default\">\n\t\t\t\t<div class=\"elementor-widget-container\">\n\t\t\t\t\t\t\t\t\t<p>Avec la maison de sage-femme, le personnel peut d\u00e9sormais \u00e9galement \u00eatre disponible la nuit dans le service qui assure le service de nuit.<br \/>\nEn raison du manque de s\u00e9curit\u00e9 d\u00fb au manque d&rsquo;isolement du site, de nombreuses femmes enceintes ont d\u00fb se rendre dans des maternit\u00e9s \u00e9loign\u00e9es.<\/p>\n<p>Gr\u00e2ce aux mesures du projet, \u00e0 la construction de la maison de sage-femme et \u00e0 la construction du mur, les soins m\u00e9dicaux ont \u00e9t\u00e9 consid\u00e9rablement am\u00e9lior\u00e9s, la dignit\u00e9 et la s\u00e9curit\u00e9 des m\u00e8res et des enfants sont garanties &#8211; de jour comme de nuit &#8211; et la le nombre de femmes trait\u00e9es quotidiennement ne cesse d&rsquo;augmenter.<\/p>\n\t\t\t\t\t\t\t\t<\/div>\n\t\t\t\t<\/div>\n\t\t\t\t\t<\/div>\n\t\t<\/div>\n\t\t\t\t\t<\/div>\n\t\t<\/section>\n\t\t\t\t<section class=\"elementor-section elementor-top-section elementor-element elementor-element-2419369 elementor-section-boxed elementor-section-height-default elementor-section-height-default\" data-id=\"2419369\" data-element_type=\"section\">\n\t\t\t\t\t\t<div class=\"elementor-container elementor-column-gap-default\">\n\t\t\t\t\t<div class=\"elementor-column elementor-col-100 elementor-top-column elementor-element elementor-element-907788c\" data-id=\"907788c\" data-element_type=\"column\">\n\t\t\t<div class=\"elementor-widget-wrap elementor-element-populated\">\n\t\t\t\t\t\t<div class=\"elementor-element elementor-element-d30046a elementor-widget elementor-widget-image\" data-id=\"d30046a\" data-element_type=\"widget\" data-widget_type=\"image.default\">\n\t\t\t\t<div class=\"elementor-widget-container\">\n\t\t\t\t\t\t\t\t\t\t\t\t\t\t\t<img fetchpriority=\"high\" decoding=\"async\" width=\"750\" height=\"422\" src=\"https:\/\/you-stiftung.de\/wp-content\/uploads\/2023\/08\/DJI_0277_Gesundheitsstation-750x422-1.jpeg\" class=\"attachment-large size-large wp-image-17284\" alt=\"DJI 0277 Gesundheitsstation 750x422 1\" srcset=\"https:\/\/you-stiftung.de\/wp-content\/uploads\/2023\/08\/DJI_0277_Gesundheitsstation-750x422-1.jpeg 750w, https:\/\/you-stiftung.de\/wp-content\/uploads\/2023\/08\/DJI_0277_Gesundheitsstation-750x422-1-300x169.jpeg 300w\" sizes=\"(max-width: 750px) 100vw, 750px\" \/>\t\t\t\t\t\t\t\t\t\t\t\t\t\t\t<\/div>\n\t\t\t\t<\/div>\n\t\t\t\t\t<\/div>\n\t\t<\/div>\n\t\t\t\t\t<\/div>\n\t\t<\/section>\n\t\t\t\t<section class=\"elementor-section elementor-top-section elementor-element elementor-element-c9a1567 elementor-section-boxed elementor-section-height-default elementor-section-height-default\" data-id=\"c9a1567\" data-element_type=\"section\">\n\t\t\t\t\t\t<div class=\"elementor-container elementor-column-gap-default\">\n\t\t\t\t\t<div class=\"elementor-column elementor-col-100 elementor-top-column elementor-element elementor-element-32ae862\" data-id=\"32ae862\" data-element_type=\"column\">\n\t\t\t<div class=\"elementor-widget-wrap elementor-element-populated\">\n\t\t\t\t\t\t<div class=\"elementor-element elementor-element-dd8c884 elementor-widget elementor-widget-text-editor\" data-id=\"dd8c884\" data-element_type=\"widget\" data-widget_type=\"text-editor.default\">\n\t\t\t\t<div class=\"elementor-widget-container\">\n\t\t\t\t\t\t\t\t\t<p>R\u00e9habilitation de la maternit\u00e9<br \/>\nLa maternit\u00e9 avait besoin d&rsquo;\u00eatre r\u00e9nov\u00e9e d&rsquo;urgence, ce qui a permis d&rsquo;optimiser la prise en charge des femmes enceintes. Les travaux de r\u00e9novation et d&rsquo;agrandissement comprenaient :<br \/>\n\u2013 Rampe d&rsquo;acc\u00e8s pour handicap\u00e9s<br \/>\n\u2013 Agrandissement de la salle d&rsquo;accouchement<br \/>\n\u2013 R\u00e9novation compl\u00e8te des toilettes, sanitaires<br \/>\n&#8211; Travail de peinture<br \/>\n\u2013 Syst\u00e8me solaire pour l&rsquo;alimentation \u00e9lectrique<\/p>\n<p>De plus, une salle familiale a \u00e9t\u00e9 ouverte dans laquelle des consultations avec la \u00abvie priv\u00e9e\u00bb n\u00e9cessaire ont lieu.<\/p>\n\t\t\t\t\t\t\t\t<\/div>\n\t\t\t\t<\/div>\n\t\t\t\t<div class=\"elementor-element elementor-element-6254399 elementor-widget elementor-widget-image\" data-id=\"6254399\" data-element_type=\"widget\" data-widget_type=\"image.default\">\n\t\t\t\t<div class=\"elementor-widget-container\">\n\t\t\t\t\t\t\t\t\t\t\t\t\t\t\t<img decoding=\"async\" width=\"750\" height=\"500\" src=\"https:\/\/you-stiftung.de\/wp-content\/uploads\/2023\/08\/IMG_3440_Gesundheitsstation-750x500-1.jpeg\" class=\"attachment-large size-large wp-image-17287\" alt=\"IMG 3440 Gesundheitsstation 750x500 1\" srcset=\"https:\/\/you-stiftung.de\/wp-content\/uploads\/2023\/08\/IMG_3440_Gesundheitsstation-750x500-1.jpeg 750w, https:\/\/you-stiftung.de\/wp-content\/uploads\/2023\/08\/IMG_3440_Gesundheitsstation-750x500-1-300x200.jpeg 300w\" sizes=\"(max-width: 750px) 100vw, 750px\" \/>\t\t\t\t\t\t\t\t\t\t\t\t\t\t\t<\/div>\n\t\t\t\t<\/div>\n\t\t\t\t\t<\/div>\n\t\t<\/div>\n\t\t\t\t\t<\/div>\n\t\t<\/section>\n\t\t\t\t<section class=\"elementor-section elementor-top-section elementor-element elementor-element-e4bbd8a elementor-section-boxed elementor-section-height-default elementor-section-height-default\" data-id=\"e4bbd8a\" data-element_type=\"section\">\n\t\t\t\t\t\t<div class=\"elementor-container elementor-column-gap-default\">\n\t\t\t\t\t<div class=\"elementor-column elementor-col-100 elementor-top-column elementor-element elementor-element-55740e4\" data-id=\"55740e4\" data-element_type=\"column\">\n\t\t\t<div class=\"elementor-widget-wrap elementor-element-populated\">\n\t\t\t\t\t\t<div class=\"elementor-element elementor-element-fb403a9 elementor-widget elementor-widget-text-editor\" data-id=\"fb403a9\" data-element_type=\"widget\" data-widget_type=\"text-editor.default\">\n\t\t\t\t<div class=\"elementor-widget-container\">\n\t\t\t\t\t\t\t\t\t<p>R\u00e9novation et extension des \u00e9quipements du poste de sant\u00e9<br \/>\n\u2013 Lits et matelas hospitaliers<br \/>\n\u2013 p\u00f4les IV<br \/>\n&#8211; meubles<br \/>\n\u2013 chariot<br \/>\n\u2013 Lampes de poche<br \/>\n\u2013 Bo\u00eetes d&rsquo;insertion et de retrait<br \/>\n\u2013 cloisons<br \/>\n\u2013 Mat\u00e9riel pour arr\u00eater le saignement<br \/>\n\u2013 table chauffante<br \/>\n\u2013 Des accessoires tels que des p\u00e8se-b\u00e9b\u00e9s, des escabeaux, des bo\u00eetes de livraison, des poubelles \u00e0 p\u00e9dale, des porte-aiguilles, des seringues, des st\u00e9thoscopes, des tablettes rectangulaires\u2026<\/p>\n<p>usine d&rsquo;\u00e9nergie solaire<br \/>\nPour le poste de sant\u00e9 et le logement de la sage-femme, un<br \/>\nFourniture d&rsquo;\u00e9lectricit\u00e9 par \u00e9nergie solaire ainsi qu&rsquo;un syst\u00e8me d&rsquo;adduction d&rsquo;eau<br \/>\ncr\u00e9\u00e9.<br \/>\nLa nouvelle installation \u00e9lectrique facilite les accouchements nocturnes et le suivi des nouveau-n\u00e9s ainsi qu&rsquo;un bon refroidissement des<br \/>\nm\u00e9dicaments et vaccins.<\/p>\n<p>Cours de formation \/ ateliers<br \/>\nDans des ateliers, les employ\u00e9s du poste de sant\u00e9 ont pu se familiariser avec leurs t\u00e2ches, leurs responsabilit\u00e9s, la gestion administrative et financi\u00e8re, l&rsquo;entretien du poste et l&rsquo;utilisation des nouveaux \u00e9quipements.<\/p>\n\t\t\t\t\t\t\t\t<\/div>\n\t\t\t\t<\/div>\n\t\t\t\t\t<\/div>\n\t\t<\/div>\n\t\t\t\t\t<\/div>\n\t\t<\/section>\n\t\t\t\t<section class=\"elementor-section elementor-top-section elementor-element elementor-element-1335c0a elementor-section-boxed elementor-section-height-default elementor-section-height-default\" data-id=\"1335c0a\" data-element_type=\"section\">\n\t\t\t\t\t\t<div class=\"elementor-container elementor-column-gap-default\">\n\t\t\t\t\t<div class=\"elementor-column elementor-col-100 elementor-top-column elementor-element elementor-element-774d7f6\" data-id=\"774d7f6\" data-element_type=\"column\">\n\t\t\t<div class=\"elementor-widget-wrap elementor-element-populated\">\n\t\t\t\t\t\t<div class=\"elementor-element elementor-element-d7ad085 elementor-widget elementor-widget-image\" data-id=\"d7ad085\" data-element_type=\"widget\" data-widget_type=\"image.default\">\n\t\t\t\t<div class=\"elementor-widget-container\">\n\t\t\t\t\t\t\t\t\t\t\t\t\t\t\t<img decoding=\"async\" width=\"750\" height=\"500\" src=\"https:\/\/you-stiftung.de\/wp-content\/uploads\/2023\/08\/IMG_3420_Gesundheitsstation-750x500-1.jpeg\" class=\"attachment-large size-large wp-image-17290\" alt=\"IMG 3420 Gesundheitsstation 750x500 1\" srcset=\"https:\/\/you-stiftung.de\/wp-content\/uploads\/2023\/08\/IMG_3420_Gesundheitsstation-750x500-1.jpeg 750w, https:\/\/you-stiftung.de\/wp-content\/uploads\/2023\/08\/IMG_3420_Gesundheitsstation-750x500-1-300x200.jpeg 300w\" sizes=\"(max-width: 750px) 100vw, 750px\" \/>\t\t\t\t\t\t\t\t\t\t\t\t\t\t\t<\/div>\n\t\t\t\t<\/div>\n\t\t\t\t\t<\/div>\n\t\t<\/div>\n\t\t\t\t\t<\/div>\n\t\t<\/section>\n\t\t\t\t<section class=\"elementor-section elementor-top-section elementor-element elementor-element-09af17c elementor-section-boxed elementor-section-height-default elementor-section-height-default\" data-id=\"09af17c\" data-element_type=\"section\">\n\t\t\t\t\t\t<div class=\"elementor-container elementor-column-gap-default\">\n\t\t\t\t\t<div class=\"elementor-column elementor-col-100 elementor-top-column elementor-element elementor-element-e80896a\" data-id=\"e80896a\" data-element_type=\"column\">\n\t\t\t<div class=\"elementor-widget-wrap elementor-element-populated\">\n\t\t\t\t\t\t<div class=\"elementor-element elementor-element-3b2841b elementor-widget elementor-widget-text-editor\" data-id=\"3b2841b\" data-element_type=\"widget\" data-widget_type=\"text-editor.default\">\n\t\t\t\t<div class=\"elementor-widget-container\">\n\t\t\t\t\t\t\t\t\t<p><strong>Perspectives et changements li\u00e9s au Covid-19<\/strong><\/p>\n<p>Le d\u00e9marrage du projet a co\u00efncid\u00e9 avec la deuxi\u00e8me vague de Covid-19. Au cours de cette vague, les mesures restrictives suppl\u00e9mentaires ont \u00e9t\u00e9 mises \u00e0 jour pour emp\u00eacher la propagation du virus. Le Centre de Sant\u00e9 FAI est le centre de vaccination de la population de M\u00e9dina Ch\u00e9rif contre le COVID-19.<\/p>\n\t\t\t\t\t\t\t\t<\/div>\n\t\t\t\t<\/div>\n\t\t\t\t\t<\/div>\n\t\t<\/div>\n\t\t\t\t\t<\/div>\n\t\t<\/section>\n\t\t\t\t<section class=\"elementor-section elementor-top-section elementor-element elementor-element-0888ad9 elementor-section-boxed elementor-section-height-default elementor-section-height-default\" data-id=\"0888ad9\" data-element_type=\"section\">\n\t\t\t\t\t\t<div class=\"elementor-container elementor-column-gap-default\">\n\t\t\t\t\t<div class=\"elementor-column elementor-col-100 elementor-top-column elementor-element elementor-element-db5ef9b\" data-id=\"db5ef9b\" data-element_type=\"column\">\n\t\t\t<div class=\"elementor-widget-wrap elementor-element-populated\">\n\t\t\t\t\t\t<div class=\"elementor-element elementor-element-08e84b2 elementor-widget elementor-widget-image\" data-id=\"08e84b2\" data-element_type=\"widget\" data-widget_type=\"image.default\">\n\t\t\t\t<div class=\"elementor-widget-container\">\n\t\t\t\t\t\t\t\t\t\t\t\t\t\t\t<img loading=\"lazy\" decoding=\"async\" width=\"750\" height=\"500\" src=\"https:\/\/you-stiftung.de\/wp-content\/uploads\/2023\/08\/IMG_3445_Gesundheitsstation-750x500-1.jpeg\" class=\"attachment-large size-large wp-image-17293\" alt=\"IMG 3445 Gesundheitsstation 750x500 1\" srcset=\"https:\/\/you-stiftung.de\/wp-content\/uploads\/2023\/08\/IMG_3445_Gesundheitsstation-750x500-1.jpeg 750w, https:\/\/you-stiftung.de\/wp-content\/uploads\/2023\/08\/IMG_3445_Gesundheitsstation-750x500-1-300x200.jpeg 300w\" sizes=\"(max-width: 750px) 100vw, 750px\" \/>\t\t\t\t\t\t\t\t\t\t\t\t\t\t\t<\/div>\n\t\t\t\t<\/div>\n\t\t\t\t\t<\/div>\n\t\t<\/div>\n\t\t\t\t\t<\/div>\n\t\t<\/section>\n\t\t\t\t<section class=\"elementor-section elementor-top-section elementor-element elementor-element-4713e2e elementor-section-boxed elementor-section-height-default elementor-section-height-default\" data-id=\"4713e2e\" data-element_type=\"section\">\n\t\t\t\t\t\t<div class=\"elementor-container elementor-column-gap-default\">\n\t\t\t\t\t<div class=\"elementor-column elementor-col-100 elementor-top-column elementor-element elementor-element-3172fb3\" data-id=\"3172fb3\" data-element_type=\"column\">\n\t\t\t<div class=\"elementor-widget-wrap elementor-element-populated\">\n\t\t\t\t\t\t<div class=\"elementor-element elementor-element-f085a90 elementor-widget elementor-widget-text-editor\" data-id=\"f085a90\" data-element_type=\"widget\" data-widget_type=\"text-editor.default\">\n\t\t\t\t<div class=\"elementor-widget-container\">\n\t\t\t\t\t\t\t\t\t<p><strong>R\u00e9alisations et impact<\/strong><br \/>\nLa mise en \u0153uvre du projet a contribu\u00e9 au respect de la dignit\u00e9 humaine des femmes, en particulier des femmes enceintes, en am\u00e9liorant les conditions de travail des agents de sant\u00e9 communautaires et des agents de sant\u00e9.<\/p>\n<p>Le projet apporte une contribution importante \u00e0 la r\u00e9duction des accouchements dangereux \u00e0 domicile, \u00e0 la prise en charge des femmes enceintes jusqu&rsquo;\u00e0 l&rsquo;accouchement et \u00e0 l&rsquo;intervention en cas de complications.<\/p>\n<p>Les activit\u00e9s de planification familiale chez les femmes et les filles ont enregistr\u00e9 une augmentation \u00e0 475 femmes en juin 2021 contre 226 femmes \u00e0 la m\u00eame p\u00e9riode en 2020.<\/p>\n<p>La mise en \u0153uvre de ce projet a pu causer des probl\u00e8mes dans le<br \/>\nlien avec la sant\u00e9 des m\u00e8res et des enfants, pourraient \u00eatre am\u00e9lior\u00e9s de mani\u00e8re participative.<br \/>\nL&rsquo;inconv\u00e9nient de l&rsquo;\u00e9loignement des autres postes de sant\u00e9 (Mampatim,<br \/>\nAnamb\u00e9 et Diaob\u00e9), que les femmes et les filles ont visit\u00e9es au pr\u00e9alable, ainsi que<br \/>\nle manque de m\u00e9dicaments essentiels pourrait \u00eatre r\u00e9solu avec ce projet.<\/p>\n<p>Le projet repr\u00e9sente une contribution \u00e0 la r\u00e9alisation de l&rsquo;important objectif de d\u00e9veloppement durable n\u00b0 3 (ODD 3), la sant\u00e9 et le bien-\u00eatre pour tous.<\/p>\n\t\t\t\t\t\t\t\t<\/div>\n\t\t\t\t<\/div>\n\t\t\t\t\t<\/div>\n\t\t<\/div>\n\t\t\t\t\t<\/div>\n\t\t<\/section>\n\t\t\t\t<section class=\"elementor-section elementor-top-section elementor-element elementor-element-07a41e2 elementor-section-boxed elementor-section-height-default elementor-section-height-default\" data-id=\"07a41e2\" data-element_type=\"section\">\n\t\t\t\t\t\t<div class=\"elementor-container elementor-column-gap-default\">\n\t\t\t\t\t<div class=\"elementor-column elementor-col-100 elementor-top-column elementor-element elementor-element-256e051\" data-id=\"256e051\" data-element_type=\"column\">\n\t\t\t<div class=\"elementor-widget-wrap elementor-element-populated\">\n\t\t\t\t\t\t<div class=\"elementor-element elementor-element-aaa622c elementor-widget elementor-widget-image\" data-id=\"aaa622c\" data-element_type=\"widget\" data-widget_type=\"image.default\">\n\t\t\t\t<div class=\"elementor-widget-container\">\n\t\t\t\t\t\t\t\t\t\t\t\t\t\t\t<img loading=\"lazy\" decoding=\"async\" width=\"750\" height=\"500\" src=\"https:\/\/you-stiftung.de\/wp-content\/uploads\/2023\/08\/IMG_3373_Gesundheitsstation-750x500-1.jpeg\" class=\"attachment-large size-large wp-image-17296\" alt=\"IMG 3373 Gesundheitsstation 750x500 1\" srcset=\"https:\/\/you-stiftung.de\/wp-content\/uploads\/2023\/08\/IMG_3373_Gesundheitsstation-750x500-1.jpeg 750w, https:\/\/you-stiftung.de\/wp-content\/uploads\/2023\/08\/IMG_3373_Gesundheitsstation-750x500-1-300x200.jpeg 300w\" sizes=\"(max-width: 750px) 100vw, 750px\" \/>\t\t\t\t\t\t\t\t\t\t\t\t\t\t\t<\/div>\n\t\t\t\t<\/div>\n\t\t\t\t\t<\/div>\n\t\t<\/div>\n\t\t\t\t\t<\/div>\n\t\t<\/section>\n\t\t\t\t<section class=\"elementor-section elementor-top-section elementor-element elementor-element-32fee0c elementor-section-boxed elementor-section-height-default elementor-section-height-default\" data-id=\"32fee0c\" data-element_type=\"section\">\n\t\t\t\t\t\t<div class=\"elementor-container elementor-column-gap-default\">\n\t\t\t\t\t<div class=\"elementor-column elementor-col-100 elementor-top-column elementor-element elementor-element-ef2347c\" data-id=\"ef2347c\" data-element_type=\"column\">\n\t\t\t<div class=\"elementor-widget-wrap elementor-element-populated\">\n\t\t\t\t\t\t<div class=\"elementor-element elementor-element-0f156da elementor-widget elementor-widget-text-editor\" data-id=\"0f156da\" data-element_type=\"widget\" data-widget_type=\"text-editor.default\">\n\t\t\t\t<div class=\"elementor-widget-container\">\n\t\t\t\t\t\t\t\t\t<p><strong>Points de vue<\/strong><br \/>\nLe poste de sant\u00e9 est enregistr\u00e9 aupr\u00e8s du conseil de sant\u00e9 de Kolda et assure la durabilit\u00e9, la planification \u00e0 long terme et des soins de sant\u00e9 de qualit\u00e9 sous la supervision du conseil de sant\u00e9 de Kolda.<\/p>\n<p>Le poste de sant\u00e9 continue de contribuer aux capacit\u00e9s des agents de sant\u00e9 de la<br \/>\n\u00e9largir la communaut\u00e9. Cela permet aux 6 postes de sant\u00e9 existants dans la commune de M\u00e9dina Ch\u00e9rif de rester op\u00e9rationnels.<\/p>\n\t\t\t\t\t\t\t\t<\/div>\n\t\t\t\t<\/div>\n\t\t\t\t\t<\/div>\n\t\t<\/div>\n\t\t\t\t\t<\/div>\n\t\t<\/section>\n\t\t\t\t<section class=\"elementor-section elementor-top-section elementor-element elementor-element-70716dd elementor-section-boxed elementor-section-height-default elementor-section-height-default\" data-id=\"70716dd\" data-element_type=\"section\">\n\t\t\t\t\t\t<div class=\"elementor-container elementor-column-gap-default\">\n\t\t\t\t\t<div class=\"elementor-column elementor-col-100 elementor-top-column elementor-element elementor-element-4fb49a8\" data-id=\"4fb49a8\" data-element_type=\"column\">\n\t\t\t<div class=\"elementor-widget-wrap elementor-element-populated\">\n\t\t\t\t\t\t<div class=\"elementor-element elementor-element-7a74eef elementor-widget elementor-widget-image\" data-id=\"7a74eef\" data-element_type=\"widget\" data-widget_type=\"image.default\">\n\t\t\t\t<div class=\"elementor-widget-container\">\n\t\t\t\t\t\t\t\t\t\t\t\t\t\t\t<img loading=\"lazy\" decoding=\"async\" width=\"750\" height=\"346\" src=\"https:\/\/you-stiftung.de\/wp-content\/uploads\/2023\/08\/IMG_20211125_091418_251_Gesundheitsstation-750x346-1.jpeg\" class=\"attachment-large size-large wp-image-17299\" alt=\"IMG 20211125 091418 251 Gesundheitsstation 750x346 1\" srcset=\"https:\/\/you-stiftung.de\/wp-content\/uploads\/2023\/08\/IMG_20211125_091418_251_Gesundheitsstation-750x346-1.jpeg 750w, https:\/\/you-stiftung.de\/wp-content\/uploads\/2023\/08\/IMG_20211125_091418_251_Gesundheitsstation-750x346-1-300x138.jpeg 300w\" sizes=\"(max-width: 750px) 100vw, 750px\" \/>\t\t\t\t\t\t\t\t\t\t\t\t\t\t\t<\/div>\n\t\t\t\t<\/div>\n\t\t\t\t\t<\/div>\n\t\t<\/div>\n\t\t\t\t\t<\/div>\n\t\t<\/section>\n\t\t\t\t<\/div>\n\t\t","protected":false},"excerpt":{"rendered":"<p>Le projet \u00ab\u00a0Agrandissement du poste de sant\u00e9 de M\u00e9dina Ch\u00e9rif\u00a0\u00bb (commune de Kolda, S\u00e9n\u00e9gal) sert \u00e0 soutenir divers projets sanitaires d&rsquo;envergure. Le poste de sant\u00e9 est destin\u00e9 \u00e0 desservir la communaut\u00e9 rurale de M\u00e9dina Ch\u00e9rif pour lutter contre la mortalit\u00e9 maternelle et infantile, pr\u00e9venir les maladies infectieuses et contribuer \u00e0 l&rsquo;am\u00e9lioration des soins de sant\u00e9 [&hellip;]<\/p>\n","protected":false},"author":17,"featured_media":17280,"comment_status":"closed","ping_status":"closed","sticky":false,"template":"","format":"standard","meta":{"footnotes":""},"categories":[447,443,448,458],"tags":[],"class_list":["post-17305","post","type-post","status-publish","format-standard","has-post-thumbnail","hentry","category-general-fr","category-non-classifiee","category-projets","category-senegal-fr"],"yoast_head":"<!-- This site is optimized with the Yoast SEO plugin v27.4 - https:\/\/yoast.com\/product\/yoast-seo-wordpress\/ -->\n<title>SANT\u00c9 ET DIGNIT\u00c9 DES M\u00c8RES ET DES ENFANTS \u2013 STATION DE SANT\u00c9 FAI SENEGAL &#8211; You Stiftung<\/title>\n<meta name=\"robots\" content=\"index, follow, max-snippet:-1, max-image-preview:large, max-video-preview:-1\" \/>\n<link rel=\"canonical\" href=\"https:\/\/you-stiftung.de\/fr\/sante-et-dignite-des-meres-et-des-enfants-station-de-sante-fai-senegal\/\" \/>\n<meta property=\"og:locale\" content=\"fr_FR\" \/>\n<meta property=\"og:type\" content=\"article\" \/>\n<meta property=\"og:title\" content=\"SANT\u00c9 ET DIGNIT\u00c9 DES M\u00c8RES ET DES ENFANTS \u2013 STATION DE SANT\u00c9 FAI SENEGAL &#8211; You Stiftung\" \/>\n<meta property=\"og:description\" content=\"Le projet \u00ab\u00a0Agrandissement du poste de sant\u00e9 de M\u00e9dina Ch\u00e9rif\u00a0\u00bb (commune de Kolda, S\u00e9n\u00e9gal) sert \u00e0 soutenir divers projets sanitaires d&rsquo;envergure. Le poste de sant\u00e9 est destin\u00e9 \u00e0 desservir la communaut\u00e9 rurale de M\u00e9dina Ch\u00e9rif pour lutter contre la mortalit\u00e9 maternelle et infantile, pr\u00e9venir les maladies infectieuses et contribuer \u00e0 l&rsquo;am\u00e9lioration des soins de sant\u00e9 [&hellip;]\" \/>\n<meta property=\"og:url\" content=\"https:\/\/you-stiftung.de\/fr\/sante-et-dignite-des-meres-et-des-enfants-station-de-sante-fai-senegal\/\" \/>\n<meta property=\"og:site_name\" content=\"You Stiftung\" \/>\n<meta property=\"article:publisher\" content=\"https:\/\/www.facebook.com\/youstiftung\" \/>\n<meta property=\"article:published_time\" content=\"2022-02-05T17:34:34+00:00\" \/>\n<meta property=\"article:modified_time\" content=\"2023-08-05T16:50:39+00:00\" \/>\n<meta property=\"og:image\" content=\"https:\/\/you-stiftung.de\/wp-content\/uploads\/2023\/08\/Gesundheitsstation-750x493-1.jpeg\" \/>\n\t<meta property=\"og:image:width\" content=\"750\" \/>\n\t<meta property=\"og:image:height\" content=\"493\" \/>\n\t<meta property=\"og:image:type\" content=\"image\/jpeg\" \/>\n<meta name=\"author\" content=\"ayoub\" \/>\n<meta name=\"twitter:card\" content=\"summary_large_image\" \/>\n<meta name=\"twitter:label1\" content=\"\u00c9crit par\" \/>\n\t<meta name=\"twitter:data1\" content=\"ayoub\" \/>\n\t<meta name=\"twitter:label2\" content=\"Dur\u00e9e de lecture estim\u00e9e\" \/>\n\t<meta name=\"twitter:data2\" content=\"5 minutes\" \/>\n<script type=\"application\/ld+json\" class=\"yoast-schema-graph\">{\"@context\":\"https:\\\/\\\/schema.org\",\"@graph\":[{\"@type\":\"Article\",\"@id\":\"https:\\\/\\\/you-stiftung.de\\\/fr\\\/sante-et-dignite-des-meres-et-des-enfants-station-de-sante-fai-senegal\\\/#article\",\"isPartOf\":{\"@id\":\"https:\\\/\\\/you-stiftung.de\\\/fr\\\/sante-et-dignite-des-meres-et-des-enfants-station-de-sante-fai-senegal\\\/\"},\"author\":{\"name\":\"ayoub\",\"@id\":\"https:\\\/\\\/you-stiftung.de\\\/#\\\/schema\\\/person\\\/f6ecfd5747199a2c2c8da55913d6de12\"},\"headline\":\"SANT\u00c9 ET DIGNIT\u00c9 DES M\u00c8RES ET DES ENFANTS \u2013 STATION DE SANT\u00c9 FAI SENEGAL\",\"datePublished\":\"2022-02-05T17:34:34+00:00\",\"dateModified\":\"2023-08-05T16:50:39+00:00\",\"mainEntityOfPage\":{\"@id\":\"https:\\\/\\\/you-stiftung.de\\\/fr\\\/sante-et-dignite-des-meres-et-des-enfants-station-de-sante-fai-senegal\\\/\"},\"wordCount\":946,\"publisher\":{\"@id\":\"https:\\\/\\\/you-stiftung.de\\\/#organization\"},\"image\":{\"@id\":\"https:\\\/\\\/you-stiftung.de\\\/fr\\\/sante-et-dignite-des-meres-et-des-enfants-station-de-sante-fai-senegal\\\/#primaryimage\"},\"thumbnailUrl\":\"https:\\\/\\\/you-stiftung.de\\\/wp-content\\\/uploads\\\/2023\\\/08\\\/Gesundheitsstation-750x493-1.jpeg\",\"articleSection\":[\"general\",\"Non classifi\u00e9(e)\",\"Projets\",\"S\u00e9n\u00e9gal\"],\"inLanguage\":\"fr-FR\"},{\"@type\":\"WebPage\",\"@id\":\"https:\\\/\\\/you-stiftung.de\\\/fr\\\/sante-et-dignite-des-meres-et-des-enfants-station-de-sante-fai-senegal\\\/\",\"url\":\"https:\\\/\\\/you-stiftung.de\\\/fr\\\/sante-et-dignite-des-meres-et-des-enfants-station-de-sante-fai-senegal\\\/\",\"name\":\"SANT\u00c9 ET DIGNIT\u00c9 DES M\u00c8RES ET DES ENFANTS \u2013 STATION DE SANT\u00c9 FAI SENEGAL &#8211; You Stiftung\",\"isPartOf\":{\"@id\":\"https:\\\/\\\/you-stiftung.de\\\/#website\"},\"primaryImageOfPage\":{\"@id\":\"https:\\\/\\\/you-stiftung.de\\\/fr\\\/sante-et-dignite-des-meres-et-des-enfants-station-de-sante-fai-senegal\\\/#primaryimage\"},\"image\":{\"@id\":\"https:\\\/\\\/you-stiftung.de\\\/fr\\\/sante-et-dignite-des-meres-et-des-enfants-station-de-sante-fai-senegal\\\/#primaryimage\"},\"thumbnailUrl\":\"https:\\\/\\\/you-stiftung.de\\\/wp-content\\\/uploads\\\/2023\\\/08\\\/Gesundheitsstation-750x493-1.jpeg\",\"datePublished\":\"2022-02-05T17:34:34+00:00\",\"dateModified\":\"2023-08-05T16:50:39+00:00\",\"breadcrumb\":{\"@id\":\"https:\\\/\\\/you-stiftung.de\\\/fr\\\/sante-et-dignite-des-meres-et-des-enfants-station-de-sante-fai-senegal\\\/#breadcrumb\"},\"inLanguage\":\"fr-FR\",\"potentialAction\":[{\"@type\":\"ReadAction\",\"target\":[\"https:\\\/\\\/you-stiftung.de\\\/fr\\\/sante-et-dignite-des-meres-et-des-enfants-station-de-sante-fai-senegal\\\/\"]}]},{\"@type\":\"ImageObject\",\"inLanguage\":\"fr-FR\",\"@id\":\"https:\\\/\\\/you-stiftung.de\\\/fr\\\/sante-et-dignite-des-meres-et-des-enfants-station-de-sante-fai-senegal\\\/#primaryimage\",\"url\":\"https:\\\/\\\/you-stiftung.de\\\/wp-content\\\/uploads\\\/2023\\\/08\\\/Gesundheitsstation-750x493-1.jpeg\",\"contentUrl\":\"https:\\\/\\\/you-stiftung.de\\\/wp-content\\\/uploads\\\/2023\\\/08\\\/Gesundheitsstation-750x493-1.jpeg\",\"width\":750,\"height\":493,\"caption\":\"Gesundheitsstation 750x493 1\"},{\"@type\":\"BreadcrumbList\",\"@id\":\"https:\\\/\\\/you-stiftung.de\\\/fr\\\/sante-et-dignite-des-meres-et-des-enfants-station-de-sante-fai-senegal\\\/#breadcrumb\",\"itemListElement\":[{\"@type\":\"ListItem\",\"position\":1,\"name\":\"Home\",\"item\":\"https:\\\/\\\/you-stiftung.de\\\/fr\\\/accueil-fr\\\/\"},{\"@type\":\"ListItem\",\"position\":2,\"name\":\"SANT\u00c9 ET DIGNIT\u00c9 DES M\u00c8RES ET DES ENFANTS \u2013 STATION DE SANT\u00c9 FAI SENEGAL\"}]},{\"@type\":\"WebSite\",\"@id\":\"https:\\\/\\\/you-stiftung.de\\\/#website\",\"url\":\"https:\\\/\\\/you-stiftung.de\\\/\",\"name\":\"YOU Stiftung\",\"description\":\"Bildung f\u00fcr Kinder in Not\",\"publisher\":{\"@id\":\"https:\\\/\\\/you-stiftung.de\\\/#organization\"},\"potentialAction\":[{\"@type\":\"SearchAction\",\"target\":{\"@type\":\"EntryPoint\",\"urlTemplate\":\"https:\\\/\\\/you-stiftung.de\\\/?s={search_term_string}\"},\"query-input\":{\"@type\":\"PropertyValueSpecification\",\"valueRequired\":true,\"valueName\":\"search_term_string\"}}],\"inLanguage\":\"fr-FR\"},{\"@type\":\"Organization\",\"@id\":\"https:\\\/\\\/you-stiftung.de\\\/#organization\",\"name\":\"YOU Stiftung\",\"url\":\"https:\\\/\\\/you-stiftung.de\\\/\",\"logo\":{\"@type\":\"ImageObject\",\"inLanguage\":\"fr-FR\",\"@id\":\"https:\\\/\\\/you-stiftung.de\\\/#\\\/schema\\\/logo\\\/image\\\/\",\"url\":\"https:\\\/\\\/you-stiftung.de\\\/wp-content\\\/uploads\\\/2021\\\/02\\\/YOU_Logo_pos_RGB_deutsch_RZ.png\",\"contentUrl\":\"https:\\\/\\\/you-stiftung.de\\\/wp-content\\\/uploads\\\/2021\\\/02\\\/YOU_Logo_pos_RGB_deutsch_RZ.png\",\"width\":729,\"height\":449,\"caption\":\"YOU Stiftung\"},\"image\":{\"@id\":\"https:\\\/\\\/you-stiftung.de\\\/#\\\/schema\\\/logo\\\/image\\\/\"},\"sameAs\":[\"https:\\\/\\\/www.facebook.com\\\/youstiftung\",\"https:\\\/\\\/www.instagram.com\\\/youstiftung\"]},{\"@type\":\"Person\",\"@id\":\"https:\\\/\\\/you-stiftung.de\\\/#\\\/schema\\\/person\\\/f6ecfd5747199a2c2c8da55913d6de12\",\"name\":\"ayoub\",\"url\":\"https:\\\/\\\/you-stiftung.de\\\/fr\\\/author\\\/ayoub\\\/\"}]}<\/script>\n<!-- \/ Yoast SEO plugin. -->","yoast_head_json":{"title":"SANT\u00c9 ET DIGNIT\u00c9 DES M\u00c8RES ET DES ENFANTS \u2013 STATION DE SANT\u00c9 FAI SENEGAL &#8211; You Stiftung","robots":{"index":"index","follow":"follow","max-snippet":"max-snippet:-1","max-image-preview":"max-image-preview:large","max-video-preview":"max-video-preview:-1"},"canonical":"https:\/\/you-stiftung.de\/fr\/sante-et-dignite-des-meres-et-des-enfants-station-de-sante-fai-senegal\/","og_locale":"fr_FR","og_type":"article","og_title":"SANT\u00c9 ET DIGNIT\u00c9 DES M\u00c8RES ET DES ENFANTS \u2013 STATION DE SANT\u00c9 FAI SENEGAL &#8211; You Stiftung","og_description":"Le projet \u00ab\u00a0Agrandissement du poste de sant\u00e9 de M\u00e9dina Ch\u00e9rif\u00a0\u00bb (commune de Kolda, S\u00e9n\u00e9gal) sert \u00e0 soutenir divers projets sanitaires d&rsquo;envergure. Le poste de sant\u00e9 est destin\u00e9 \u00e0 desservir la communaut\u00e9 rurale de M\u00e9dina Ch\u00e9rif pour lutter contre la mortalit\u00e9 maternelle et infantile, pr\u00e9venir les maladies infectieuses et contribuer \u00e0 l&rsquo;am\u00e9lioration des soins de sant\u00e9 [&hellip;]","og_url":"https:\/\/you-stiftung.de\/fr\/sante-et-dignite-des-meres-et-des-enfants-station-de-sante-fai-senegal\/","og_site_name":"You Stiftung","article_publisher":"https:\/\/www.facebook.com\/youstiftung","article_published_time":"2022-02-05T17:34:34+00:00","article_modified_time":"2023-08-05T16:50:39+00:00","og_image":[{"width":750,"height":493,"url":"https:\/\/you-stiftung.de\/wp-content\/uploads\/2023\/08\/Gesundheitsstation-750x493-1.jpeg","type":"image\/jpeg"}],"author":"ayoub","twitter_card":"summary_large_image","twitter_misc":{"\u00c9crit par":"ayoub","Dur\u00e9e de lecture estim\u00e9e":"5 minutes"},"schema":{"@context":"https:\/\/schema.org","@graph":[{"@type":"Article","@id":"https:\/\/you-stiftung.de\/fr\/sante-et-dignite-des-meres-et-des-enfants-station-de-sante-fai-senegal\/#article","isPartOf":{"@id":"https:\/\/you-stiftung.de\/fr\/sante-et-dignite-des-meres-et-des-enfants-station-de-sante-fai-senegal\/"},"author":{"name":"ayoub","@id":"https:\/\/you-stiftung.de\/#\/schema\/person\/f6ecfd5747199a2c2c8da55913d6de12"},"headline":"SANT\u00c9 ET DIGNIT\u00c9 DES M\u00c8RES ET DES ENFANTS \u2013 STATION DE SANT\u00c9 FAI SENEGAL","datePublished":"2022-02-05T17:34:34+00:00","dateModified":"2023-08-05T16:50:39+00:00","mainEntityOfPage":{"@id":"https:\/\/you-stiftung.de\/fr\/sante-et-dignite-des-meres-et-des-enfants-station-de-sante-fai-senegal\/"},"wordCount":946,"publisher":{"@id":"https:\/\/you-stiftung.de\/#organization"},"image":{"@id":"https:\/\/you-stiftung.de\/fr\/sante-et-dignite-des-meres-et-des-enfants-station-de-sante-fai-senegal\/#primaryimage"},"thumbnailUrl":"https:\/\/you-stiftung.de\/wp-content\/uploads\/2023\/08\/Gesundheitsstation-750x493-1.jpeg","articleSection":["general","Non classifi\u00e9(e)","Projets","S\u00e9n\u00e9gal"],"inLanguage":"fr-FR"},{"@type":"WebPage","@id":"https:\/\/you-stiftung.de\/fr\/sante-et-dignite-des-meres-et-des-enfants-station-de-sante-fai-senegal\/","url":"https:\/\/you-stiftung.de\/fr\/sante-et-dignite-des-meres-et-des-enfants-station-de-sante-fai-senegal\/","name":"SANT\u00c9 ET DIGNIT\u00c9 DES M\u00c8RES ET DES ENFANTS \u2013 STATION DE SANT\u00c9 FAI SENEGAL &#8211; You Stiftung","isPartOf":{"@id":"https:\/\/you-stiftung.de\/#website"},"primaryImageOfPage":{"@id":"https:\/\/you-stiftung.de\/fr\/sante-et-dignite-des-meres-et-des-enfants-station-de-sante-fai-senegal\/#primaryimage"},"image":{"@id":"https:\/\/you-stiftung.de\/fr\/sante-et-dignite-des-meres-et-des-enfants-station-de-sante-fai-senegal\/#primaryimage"},"thumbnailUrl":"https:\/\/you-stiftung.de\/wp-content\/uploads\/2023\/08\/Gesundheitsstation-750x493-1.jpeg","datePublished":"2022-02-05T17:34:34+00:00","dateModified":"2023-08-05T16:50:39+00:00","breadcrumb":{"@id":"https:\/\/you-stiftung.de\/fr\/sante-et-dignite-des-meres-et-des-enfants-station-de-sante-fai-senegal\/#breadcrumb"},"inLanguage":"fr-FR","potentialAction":[{"@type":"ReadAction","target":["https:\/\/you-stiftung.de\/fr\/sante-et-dignite-des-meres-et-des-enfants-station-de-sante-fai-senegal\/"]}]},{"@type":"ImageObject","inLanguage":"fr-FR","@id":"https:\/\/you-stiftung.de\/fr\/sante-et-dignite-des-meres-et-des-enfants-station-de-sante-fai-senegal\/#primaryimage","url":"https:\/\/you-stiftung.de\/wp-content\/uploads\/2023\/08\/Gesundheitsstation-750x493-1.jpeg","contentUrl":"https:\/\/you-stiftung.de\/wp-content\/uploads\/2023\/08\/Gesundheitsstation-750x493-1.jpeg","width":750,"height":493,"caption":"Gesundheitsstation 750x493 1"},{"@type":"BreadcrumbList","@id":"https:\/\/you-stiftung.de\/fr\/sante-et-dignite-des-meres-et-des-enfants-station-de-sante-fai-senegal\/#breadcrumb","itemListElement":[{"@type":"ListItem","position":1,"name":"Home","item":"https:\/\/you-stiftung.de\/fr\/accueil-fr\/"},{"@type":"ListItem","position":2,"name":"SANT\u00c9 ET DIGNIT\u00c9 DES M\u00c8RES ET DES ENFANTS \u2013 STATION DE SANT\u00c9 FAI SENEGAL"}]},{"@type":"WebSite","@id":"https:\/\/you-stiftung.de\/#website","url":"https:\/\/you-stiftung.de\/","name":"YOU Stiftung","description":"Bildung f\u00fcr Kinder in Not","publisher":{"@id":"https:\/\/you-stiftung.de\/#organization"},"potentialAction":[{"@type":"SearchAction","target":{"@type":"EntryPoint","urlTemplate":"https:\/\/you-stiftung.de\/?s={search_term_string}"},"query-input":{"@type":"PropertyValueSpecification","valueRequired":true,"valueName":"search_term_string"}}],"inLanguage":"fr-FR"},{"@type":"Organization","@id":"https:\/\/you-stiftung.de\/#organization","name":"YOU Stiftung","url":"https:\/\/you-stiftung.de\/","logo":{"@type":"ImageObject","inLanguage":"fr-FR","@id":"https:\/\/you-stiftung.de\/#\/schema\/logo\/image\/","url":"https:\/\/you-stiftung.de\/wp-content\/uploads\/2021\/02\/YOU_Logo_pos_RGB_deutsch_RZ.png","contentUrl":"https:\/\/you-stiftung.de\/wp-content\/uploads\/2021\/02\/YOU_Logo_pos_RGB_deutsch_RZ.png","width":729,"height":449,"caption":"YOU Stiftung"},"image":{"@id":"https:\/\/you-stiftung.de\/#\/schema\/logo\/image\/"},"sameAs":["https:\/\/www.facebook.com\/youstiftung","https:\/\/www.instagram.com\/youstiftung"]},{"@type":"Person","@id":"https:\/\/you-stiftung.de\/#\/schema\/person\/f6ecfd5747199a2c2c8da55913d6de12","name":"ayoub","url":"https:\/\/you-stiftung.de\/fr\/author\/ayoub\/"}]}},"_links":{"self":[{"href":"https:\/\/you-stiftung.de\/fr\/wp-json\/wp\/v2\/posts\/17305","targetHints":{"allow":["GET"]}}],"collection":[{"href":"https:\/\/you-stiftung.de\/fr\/wp-json\/wp\/v2\/posts"}],"about":[{"href":"https:\/\/you-stiftung.de\/fr\/wp-json\/wp\/v2\/types\/post"}],"author":[{"embeddable":true,"href":"https:\/\/you-stiftung.de\/fr\/wp-json\/wp\/v2\/users\/17"}],"replies":[{"embeddable":true,"href":"https:\/\/you-stiftung.de\/fr\/wp-json\/wp\/v2\/comments?post=17305"}],"version-history":[{"count":1,"href":"https:\/\/you-stiftung.de\/fr\/wp-json\/wp\/v2\/posts\/17305\/revisions"}],"predecessor-version":[{"id":17306,"href":"https:\/\/you-stiftung.de\/fr\/wp-json\/wp\/v2\/posts\/17305\/revisions\/17306"}],"wp:featuredmedia":[{"embeddable":true,"href":"https:\/\/you-stiftung.de\/fr\/wp-json\/wp\/v2\/media\/17280"}],"wp:attachment":[{"href":"https:\/\/you-stiftung.de\/fr\/wp-json\/wp\/v2\/media?parent=17305"}],"wp:term":[{"taxonomy":"category","embeddable":true,"href":"https:\/\/you-stiftung.de\/fr\/wp-json\/wp\/v2\/categories?post=17305"},{"taxonomy":"post_tag","embeddable":true,"href":"https:\/\/you-stiftung.de\/fr\/wp-json\/wp\/v2\/tags?post=17305"}],"curies":[{"name":"wp","href":"https:\/\/api.w.org\/{rel}","templated":true}]}}