{"id":16841,"date":"2022-12-21T20:12:59","date_gmt":"2022-12-21T19:12:59","guid":{"rendered":"https:\/\/you-charity.de\/merci\/"},"modified":"2023-08-01T20:26:17","modified_gmt":"2023-08-01T18:26:17","slug":"merci","status":"publish","type":"post","link":"https:\/\/you-stiftung.de\/fr\/merci\/","title":{"rendered":"MERCI"},"content":{"rendered":"\t\t<div data-elementor-type=\"wp-post\" data-elementor-id=\"16841\" class=\"elementor elementor-16841 elementor-16830\" data-elementor-post-type=\"post\">\n\t\t\t\t\t\t<section class=\"elementor-section elementor-top-section elementor-element elementor-element-b63c787 elementor-section-boxed elementor-section-height-default elementor-section-height-default\" data-id=\"b63c787\" data-element_type=\"section\">\n\t\t\t\t\t\t<div class=\"elementor-container elementor-column-gap-default\">\n\t\t\t\t\t<div class=\"elementor-column elementor-col-100 elementor-top-column elementor-element elementor-element-08ad006\" data-id=\"08ad006\" data-element_type=\"column\">\n\t\t\t<div class=\"elementor-widget-wrap elementor-element-populated\">\n\t\t\t\t\t\t<div class=\"elementor-element elementor-element-ecde9ca elementor-widget elementor-widget-text-editor\" data-id=\"ecde9ca\" data-element_type=\"widget\" data-widget_type=\"text-editor.default\">\n\t\t\t\t<div class=\"elementor-widget-container\">\n\t\t\t\t\t\t\t\t\t<p>D\u00fcsseldorf, No\u00ebl 2022<\/p>\n<p>Chers amis de la Fondation YOU,<br \/>\nChers supporters et partenaires,<\/p>\n<p>Une autre ann\u00e9e se termine.<br \/>\nNous vivons des moments de grand danger pour notre monde unique.<br \/>\nConflits, guerres et catastrophes climatiques, m\u00e9fiance et division,<br \/>\nl&rsquo;extr\u00eame pauvret\u00e9, la faim et la maladie,<br \/>\ndes d\u00e9placements et des r\u00e9installations massifs et d&rsquo;\u00e9normes mouvements de r\u00e9fugi\u00e9s.<\/p>\n<p>Avec chacune de ces menaces, les objectifs de d\u00e9veloppement durable s&rsquo;\u00e9loignent dangereusement<\/p>\n<p>Mais l&rsquo;\u00e9ducation et le d\u00e9veloppement durable ne peuvent pas attendre !<\/p>\n<p>La Fondation YOU &#8211; Education for Children in Need lutte contre ce d\u00e9veloppement depuis des ann\u00e9es et travaille et fournit une aide \u00e0 l&rsquo;auto-assistance par l&rsquo;\u00e9ducation et des mesures dans les pays les plus pauvres. Le bien-\u00eatre et l&rsquo;am\u00e9lioration des moyens de subsistance des enfants et des jeunes sont nos principaux objectifs, car ils sont l&rsquo;avenir de notre monde unique.<\/p>\n<p>Quelques exemples de nos projets de cette ann\u00e9e qui nous permettent d&rsquo;apporter une contribution positive aux personnes dans le besoin sont<\/p>\n<p>L&rsquo;aide humanitaire d&rsquo;urgence pour la Moldavie pour la zone de guerre ukrainienne a afflig\u00e9 les personnes pour fournir de la nourriture, des aliments pour b\u00e9b\u00e9s et des produits de premi\u00e8re n\u00e9cessit\u00e9, des fournitures scolaires, un logement, des articles d&rsquo;hygi\u00e8ne, des produits m\u00e9dicaux, etc.<br \/>\nBARAKA \/ Dakar, S\u00e9n\u00e9gal : Reconstruction de salles de formation et d&rsquo;artisanat, r\u00e9am\u00e9nagement d&rsquo;un nouveau cabinet dentaire, formation d&rsquo;artisans et d&rsquo;activit\u00e9s g\u00e9n\u00e9ratrices de revenus, promotion de la sant\u00e9 par le b\u00e9n\u00e9volat des m\u00e9decins, mise en place d&rsquo;un cybercaf\u00e9, soutien \u00e0 l&rsquo;\u00e9cole et enfants d&rsquo;\u00e2ge pr\u00e9scolaire.<br \/>\nDans le m\u00eame temps, la construction des immeubles d&rsquo;appartements restants (2e phase) pour la population des bidonvilles par Casa Orascom et le principal donateur du projet, M. Samih Sawiris, a pu \u00eatre poursuivie avec succ\u00e8s. Le 2\u00e8me d\u00e9m\u00e9nagement est imminent.<br \/>\nS\u00e9curit\u00e9 alimentaire au Burkina Faso et au Mali : une ferme pilote pour la formation de petits exploitants en aviculture et production mara\u00eech\u00e8re.<br \/>\nLe projet d&rsquo;assistance humanitaire en 3 approches pour les r\u00e9fugi\u00e9s rohingyas au Bangladesh fournit aux personnes une assistance m\u00e9dicale et de l&rsquo;eau potable, des activit\u00e9s \u00e9ducatives pour les enfants et les jeunes et une formation professionnelle pour les femmes afin d&rsquo;am\u00e9liorer la sant\u00e9 et les conditions de vie dans les camps de r\u00e9fugi\u00e9s.<br \/>\nR\u00e9silience &amp; 6 approches de d\u00e9veloppement durable pour le Burkina Faso et le Mali avec la formation et l&rsquo;autonomisation, aider les gens \u00e0 s&rsquo;aider eux-m\u00eames gr\u00e2ce \u00e0 des activit\u00e9s g\u00e9n\u00e9ratrices de revenus, la s\u00e9curit\u00e9 alimentaire &#8211; r\u00e9duire la famine, la mobilit\u00e9 et la logistique, propager la protection de l&rsquo;environnement et accro\u00eetre la r\u00e9silience au changement climatique, le sport pour enfants dans la zone frontali\u00e8re pour promouvoir la paix et les \u00e9changes culturels.<br \/>\nWild recue &#8211; reboisement &amp; conservation : Sensibilisation et \u00e9ducation environnementale durable pour l&rsquo;Afrique de l&rsquo;Ouest.<br \/>\nRenforcement de la sant\u00e9 et de la protection des enfants dans les bidonvilles de Pune, Inde<br \/>\nou par exemple le projet d&rsquo;appui \u00e0 la soci\u00e9t\u00e9 civile locale et aux acteurs gouvernementaux pour pr\u00e9venir la malnutrition chronique et la mortalit\u00e9 infanto-juv\u00e9nile au Burkina Faso pourrait d\u00e9marrer.<\/p>\n\t\t\t\t\t\t\t\t<\/div>\n\t\t\t\t<\/div>\n\t\t\t\t\t<\/div>\n\t\t<\/div>\n\t\t\t\t\t<\/div>\n\t\t<\/section>\n\t\t\t\t<section class=\"elementor-section elementor-top-section elementor-element elementor-element-e0d5d2c elementor-section-boxed elementor-section-height-default elementor-section-height-default\" data-id=\"e0d5d2c\" data-element_type=\"section\">\n\t\t\t\t\t\t<div class=\"elementor-container elementor-column-gap-default\">\n\t\t\t\t\t<div class=\"elementor-column elementor-col-100 elementor-top-column elementor-element elementor-element-cbc61bc\" data-id=\"cbc61bc\" data-element_type=\"column\">\n\t\t\t<div class=\"elementor-widget-wrap elementor-element-populated\">\n\t\t\t\t\t\t<div class=\"elementor-element elementor-element-f4d2d7b elementor-widget elementor-widget-text-editor\" data-id=\"f4d2d7b\" data-element_type=\"widget\" data-widget_type=\"text-editor.default\">\n\t\t\t\t<div class=\"elementor-widget-container\">\n\t\t\t\t\t\t\t\t\t<p>Nous avons pu initier et r\u00e9aliser de nombreux autres projets. Gr\u00e2ce \u00e0 nos soutiens, nous sommes en mesure, ann\u00e9e apr\u00e8s ann\u00e9e, d&rsquo;offrir aux personnes dans le besoin, en particulier aux enfants, un avenir meilleur, comme une \u00e9ducation de qualit\u00e9, des soins de sant\u00e9, la s\u00e9curit\u00e9 alimentaire, de l&rsquo;eau potable et des mesures d&rsquo;hygi\u00e8ne, WaSH, et de donner aux parents les moyens de g\u00e9n\u00e9rer des revenus. activit\u00e9s.<\/p>\n\t\t\t\t\t\t\t\t<\/div>\n\t\t\t\t<\/div>\n\t\t\t\t\t<\/div>\n\t\t<\/div>\n\t\t\t\t\t<\/div>\n\t\t<\/section>\n\t\t\t\t<section class=\"elementor-section elementor-top-section elementor-element elementor-element-726b0b7 elementor-section-boxed elementor-section-height-default elementor-section-height-default\" data-id=\"726b0b7\" data-element_type=\"section\">\n\t\t\t\t\t\t<div class=\"elementor-container elementor-column-gap-default\">\n\t\t\t\t\t<div class=\"elementor-column elementor-col-100 elementor-top-column elementor-element elementor-element-8b5041d\" data-id=\"8b5041d\" data-element_type=\"column\">\n\t\t\t<div class=\"elementor-widget-wrap elementor-element-populated\">\n\t\t\t\t\t\t<div class=\"elementor-element elementor-element-1fa103c elementor-widget elementor-widget-text-editor\" data-id=\"1fa103c\" data-element_type=\"widget\" data-widget_type=\"text-editor.default\">\n\t\t\t\t<div class=\"elementor-widget-container\">\n\t\t\t\t\t\t\t\t\t<p><strong>Nos amis, chers supporters et donateurs,<\/strong><br \/>\n<strong>la t\u00e2che qui nous attend est immense.<\/strong><br \/>\n<strong>Il faut sauver notre plan\u00e8te qui br\u00fble !<\/strong><br \/>\n<strong>Les jeunes demandent de l&rsquo;action &#8211; non seulement pour eux-m\u00eames,<\/strong><br \/>\n<strong>mais aussi pour les g\u00e9n\u00e9rations futures !<\/strong><\/p>\n<p>Nous tenons \u00e0 remercier tous les supporters et nos partenaires et vous souhaitons un Joyeux No\u00ebl et une Bonne et Heureuse Ann\u00e9e 2023 !<\/p>\n<p>Son,<\/p>\n<p>docteur h.c. Ute-Henriette Ohoven et Claudia Jerger<\/p>\n<p>avec l&rsquo;\u00e9quipe de la Fondation YOU<\/p>\n\t\t\t\t\t\t\t\t<\/div>\n\t\t\t\t<\/div>\n\t\t\t\t\t<\/div>\n\t\t<\/div>\n\t\t\t\t\t<\/div>\n\t\t<\/section>\n\t\t\t\t<section class=\"elementor-section elementor-top-section elementor-element elementor-element-734fcda elementor-section-boxed elementor-section-height-default elementor-section-height-default\" data-id=\"734fcda\" data-element_type=\"section\">\n\t\t\t\t\t\t<div class=\"elementor-container elementor-column-gap-default\">\n\t\t\t\t\t<div class=\"elementor-column elementor-col-100 elementor-top-column elementor-element elementor-element-cf87e12\" data-id=\"cf87e12\" data-element_type=\"column\">\n\t\t\t<div class=\"elementor-widget-wrap elementor-element-populated\">\n\t\t\t\t\t\t<div class=\"elementor-element elementor-element-6ba229a elementor-align-center elementor-tablet-align-right elementor-mobile-align-left elementor-widget elementor-widget-button\" data-id=\"6ba229a\" data-element_type=\"widget\" data-widget_type=\"button.default\">\n\t\t\t\t<div class=\"elementor-widget-container\">\n\t\t\t\t\t\t\t\t\t<div class=\"elementor-button-wrapper\">\n\t\t\t\t\t<a class=\"elementor-button elementor-button-link elementor-size-xl\" href=\"https:\/\/you-stiftung.de\/fr\/formulaire-de-don\/\">\n\t\t\t\t\t\t<span class=\"elementor-button-content-wrapper\">\n\t\t\t\t\t\t\t\t\t<span class=\"elementor-button-text\">Faire un don<\/span>\n\t\t\t\t\t<\/span>\n\t\t\t\t\t<\/a>\n\t\t\t\t<\/div>\n\t\t\t\t\t\t\t\t<\/div>\n\t\t\t\t<\/div>\n\t\t\t\t\t<\/div>\n\t\t<\/div>\n\t\t\t\t\t<\/div>\n\t\t<\/section>\n\t\t\t\t<\/div>\n\t\t","protected":false},"excerpt":{"rendered":"<p>D\u00fcsseldorf, No\u00ebl 2022 Chers amis de la Fondation YOU, Chers supporters et partenaires, Une autre ann\u00e9e se termine. Nous vivons des moments de grand danger pour notre monde unique. Conflits, guerres et catastrophes climatiques, m\u00e9fiance et division, l&rsquo;extr\u00eame pauvret\u00e9, la faim et la maladie, des d\u00e9placements et des r\u00e9installations massifs et d&rsquo;\u00e9normes mouvements de r\u00e9fugi\u00e9s. [&hellip;]<\/p>\n","protected":false},"author":17,"featured_media":16833,"comment_status":"closed","ping_status":"closed","sticky":false,"template":"","format":"standard","meta":{"footnotes":""},"categories":[447,443],"tags":[],"class_list":["post-16841","post","type-post","status-publish","format-standard","has-post-thumbnail","hentry","category-general-fr","category-non-classifiee"],"yoast_head":"<!-- This site is optimized with the Yoast SEO plugin v27.4 - https:\/\/yoast.com\/product\/yoast-seo-wordpress\/ -->\n<title>MERCI &#8211; You Stiftung<\/title>\n<meta name=\"robots\" content=\"index, follow, max-snippet:-1, max-image-preview:large, max-video-preview:-1\" \/>\n<link rel=\"canonical\" href=\"https:\/\/you-stiftung.de\/fr\/merci\/\" \/>\n<meta property=\"og:locale\" content=\"fr_FR\" \/>\n<meta property=\"og:type\" content=\"article\" \/>\n<meta property=\"og:title\" content=\"MERCI &#8211; You Stiftung\" \/>\n<meta property=\"og:description\" content=\"D\u00fcsseldorf, No\u00ebl 2022 Chers amis de la Fondation YOU, Chers supporters et partenaires, Une autre ann\u00e9e se termine. Nous vivons des moments de grand danger pour notre monde unique. Conflits, guerres et catastrophes climatiques, m\u00e9fiance et division, l&rsquo;extr\u00eame pauvret\u00e9, la faim et la maladie, des d\u00e9placements et des r\u00e9installations massifs et d&rsquo;\u00e9normes mouvements de r\u00e9fugi\u00e9s. [&hellip;]\" \/>\n<meta property=\"og:url\" content=\"https:\/\/you-stiftung.de\/fr\/merci\/\" \/>\n<meta property=\"og:site_name\" content=\"You Stiftung\" \/>\n<meta property=\"article:publisher\" content=\"https:\/\/www.facebook.com\/youstiftung\" \/>\n<meta property=\"article:published_time\" content=\"2022-12-21T19:12:59+00:00\" \/>\n<meta property=\"article:modified_time\" content=\"2023-08-01T18:26:17+00:00\" \/>\n<meta property=\"og:image\" content=\"https:\/\/you-stiftung.de\/wp-content\/uploads\/2023\/08\/Weihnachten2022-1.png\" \/>\n\t<meta property=\"og:image:width\" content=\"168\" \/>\n\t<meta property=\"og:image:height\" content=\"174\" \/>\n\t<meta property=\"og:image:type\" content=\"image\/png\" \/>\n<meta name=\"author\" content=\"ayoub\" \/>\n<meta name=\"twitter:card\" content=\"summary_large_image\" \/>\n<meta name=\"twitter:label1\" content=\"\u00c9crit par\" \/>\n\t<meta name=\"twitter:data1\" content=\"ayoub\" \/>\n\t<meta name=\"twitter:label2\" content=\"Dur\u00e9e de lecture estim\u00e9e\" \/>\n\t<meta name=\"twitter:data2\" content=\"4 minutes\" \/>\n<script type=\"application\/ld+json\" class=\"yoast-schema-graph\">{\"@context\":\"https:\\\/\\\/schema.org\",\"@graph\":[{\"@type\":\"Article\",\"@id\":\"https:\\\/\\\/you-stiftung.de\\\/fr\\\/merci\\\/#article\",\"isPartOf\":{\"@id\":\"https:\\\/\\\/you-stiftung.de\\\/fr\\\/merci\\\/\"},\"author\":{\"name\":\"ayoub\",\"@id\":\"https:\\\/\\\/you-stiftung.de\\\/#\\\/schema\\\/person\\\/f6ecfd5747199a2c2c8da55913d6de12\"},\"headline\":\"MERCI\",\"datePublished\":\"2022-12-21T19:12:59+00:00\",\"dateModified\":\"2023-08-01T18:26:17+00:00\",\"mainEntityOfPage\":{\"@id\":\"https:\\\/\\\/you-stiftung.de\\\/fr\\\/merci\\\/\"},\"wordCount\":739,\"publisher\":{\"@id\":\"https:\\\/\\\/you-stiftung.de\\\/#organization\"},\"image\":{\"@id\":\"https:\\\/\\\/you-stiftung.de\\\/fr\\\/merci\\\/#primaryimage\"},\"thumbnailUrl\":\"https:\\\/\\\/you-stiftung.de\\\/wp-content\\\/uploads\\\/2023\\\/08\\\/Weihnachten2022-1.png\",\"articleSection\":[\"general\",\"Non classifi\u00e9(e)\"],\"inLanguage\":\"fr-FR\"},{\"@type\":\"WebPage\",\"@id\":\"https:\\\/\\\/you-stiftung.de\\\/fr\\\/merci\\\/\",\"url\":\"https:\\\/\\\/you-stiftung.de\\\/fr\\\/merci\\\/\",\"name\":\"MERCI &#8211; You Stiftung\",\"isPartOf\":{\"@id\":\"https:\\\/\\\/you-stiftung.de\\\/#website\"},\"primaryImageOfPage\":{\"@id\":\"https:\\\/\\\/you-stiftung.de\\\/fr\\\/merci\\\/#primaryimage\"},\"image\":{\"@id\":\"https:\\\/\\\/you-stiftung.de\\\/fr\\\/merci\\\/#primaryimage\"},\"thumbnailUrl\":\"https:\\\/\\\/you-stiftung.de\\\/wp-content\\\/uploads\\\/2023\\\/08\\\/Weihnachten2022-1.png\",\"datePublished\":\"2022-12-21T19:12:59+00:00\",\"dateModified\":\"2023-08-01T18:26:17+00:00\",\"breadcrumb\":{\"@id\":\"https:\\\/\\\/you-stiftung.de\\\/fr\\\/merci\\\/#breadcrumb\"},\"inLanguage\":\"fr-FR\",\"potentialAction\":[{\"@type\":\"ReadAction\",\"target\":[\"https:\\\/\\\/you-stiftung.de\\\/fr\\\/merci\\\/\"]}]},{\"@type\":\"ImageObject\",\"inLanguage\":\"fr-FR\",\"@id\":\"https:\\\/\\\/you-stiftung.de\\\/fr\\\/merci\\\/#primaryimage\",\"url\":\"https:\\\/\\\/you-stiftung.de\\\/wp-content\\\/uploads\\\/2023\\\/08\\\/Weihnachten2022-1.png\",\"contentUrl\":\"https:\\\/\\\/you-stiftung.de\\\/wp-content\\\/uploads\\\/2023\\\/08\\\/Weihnachten2022-1.png\",\"width\":168,\"height\":174,\"caption\":\"Weihnachten2022 1\"},{\"@type\":\"BreadcrumbList\",\"@id\":\"https:\\\/\\\/you-stiftung.de\\\/fr\\\/merci\\\/#breadcrumb\",\"itemListElement\":[{\"@type\":\"ListItem\",\"position\":1,\"name\":\"Home\",\"item\":\"https:\\\/\\\/you-stiftung.de\\\/fr\\\/accueil-fr\\\/\"},{\"@type\":\"ListItem\",\"position\":2,\"name\":\"MERCI\"}]},{\"@type\":\"WebSite\",\"@id\":\"https:\\\/\\\/you-stiftung.de\\\/#website\",\"url\":\"https:\\\/\\\/you-stiftung.de\\\/\",\"name\":\"YOU Stiftung\",\"description\":\"Bildung f\u00fcr Kinder in Not\",\"publisher\":{\"@id\":\"https:\\\/\\\/you-stiftung.de\\\/#organization\"},\"potentialAction\":[{\"@type\":\"SearchAction\",\"target\":{\"@type\":\"EntryPoint\",\"urlTemplate\":\"https:\\\/\\\/you-stiftung.de\\\/?s={search_term_string}\"},\"query-input\":{\"@type\":\"PropertyValueSpecification\",\"valueRequired\":true,\"valueName\":\"search_term_string\"}}],\"inLanguage\":\"fr-FR\"},{\"@type\":\"Organization\",\"@id\":\"https:\\\/\\\/you-stiftung.de\\\/#organization\",\"name\":\"YOU Stiftung\",\"url\":\"https:\\\/\\\/you-stiftung.de\\\/\",\"logo\":{\"@type\":\"ImageObject\",\"inLanguage\":\"fr-FR\",\"@id\":\"https:\\\/\\\/you-stiftung.de\\\/#\\\/schema\\\/logo\\\/image\\\/\",\"url\":\"https:\\\/\\\/you-stiftung.de\\\/wp-content\\\/uploads\\\/2021\\\/02\\\/YOU_Logo_pos_RGB_deutsch_RZ.png\",\"contentUrl\":\"https:\\\/\\\/you-stiftung.de\\\/wp-content\\\/uploads\\\/2021\\\/02\\\/YOU_Logo_pos_RGB_deutsch_RZ.png\",\"width\":729,\"height\":449,\"caption\":\"YOU Stiftung\"},\"image\":{\"@id\":\"https:\\\/\\\/you-stiftung.de\\\/#\\\/schema\\\/logo\\\/image\\\/\"},\"sameAs\":[\"https:\\\/\\\/www.facebook.com\\\/youstiftung\",\"https:\\\/\\\/www.instagram.com\\\/youstiftung\"]},{\"@type\":\"Person\",\"@id\":\"https:\\\/\\\/you-stiftung.de\\\/#\\\/schema\\\/person\\\/f6ecfd5747199a2c2c8da55913d6de12\",\"name\":\"ayoub\",\"url\":\"https:\\\/\\\/you-stiftung.de\\\/fr\\\/author\\\/ayoub\\\/\"}]}<\/script>\n<!-- \/ Yoast SEO plugin. -->","yoast_head_json":{"title":"MERCI &#8211; You Stiftung","robots":{"index":"index","follow":"follow","max-snippet":"max-snippet:-1","max-image-preview":"max-image-preview:large","max-video-preview":"max-video-preview:-1"},"canonical":"https:\/\/you-stiftung.de\/fr\/merci\/","og_locale":"fr_FR","og_type":"article","og_title":"MERCI &#8211; You Stiftung","og_description":"D\u00fcsseldorf, No\u00ebl 2022 Chers amis de la Fondation YOU, Chers supporters et partenaires, Une autre ann\u00e9e se termine. Nous vivons des moments de grand danger pour notre monde unique. Conflits, guerres et catastrophes climatiques, m\u00e9fiance et division, l&rsquo;extr\u00eame pauvret\u00e9, la faim et la maladie, des d\u00e9placements et des r\u00e9installations massifs et d&rsquo;\u00e9normes mouvements de r\u00e9fugi\u00e9s. [&hellip;]","og_url":"https:\/\/you-stiftung.de\/fr\/merci\/","og_site_name":"You Stiftung","article_publisher":"https:\/\/www.facebook.com\/youstiftung","article_published_time":"2022-12-21T19:12:59+00:00","article_modified_time":"2023-08-01T18:26:17+00:00","og_image":[{"width":168,"height":174,"url":"https:\/\/you-stiftung.de\/wp-content\/uploads\/2023\/08\/Weihnachten2022-1.png","type":"image\/png"}],"author":"ayoub","twitter_card":"summary_large_image","twitter_misc":{"\u00c9crit par":"ayoub","Dur\u00e9e de lecture estim\u00e9e":"4 minutes"},"schema":{"@context":"https:\/\/schema.org","@graph":[{"@type":"Article","@id":"https:\/\/you-stiftung.de\/fr\/merci\/#article","isPartOf":{"@id":"https:\/\/you-stiftung.de\/fr\/merci\/"},"author":{"name":"ayoub","@id":"https:\/\/you-stiftung.de\/#\/schema\/person\/f6ecfd5747199a2c2c8da55913d6de12"},"headline":"MERCI","datePublished":"2022-12-21T19:12:59+00:00","dateModified":"2023-08-01T18:26:17+00:00","mainEntityOfPage":{"@id":"https:\/\/you-stiftung.de\/fr\/merci\/"},"wordCount":739,"publisher":{"@id":"https:\/\/you-stiftung.de\/#organization"},"image":{"@id":"https:\/\/you-stiftung.de\/fr\/merci\/#primaryimage"},"thumbnailUrl":"https:\/\/you-stiftung.de\/wp-content\/uploads\/2023\/08\/Weihnachten2022-1.png","articleSection":["general","Non classifi\u00e9(e)"],"inLanguage":"fr-FR"},{"@type":"WebPage","@id":"https:\/\/you-stiftung.de\/fr\/merci\/","url":"https:\/\/you-stiftung.de\/fr\/merci\/","name":"MERCI &#8211; You Stiftung","isPartOf":{"@id":"https:\/\/you-stiftung.de\/#website"},"primaryImageOfPage":{"@id":"https:\/\/you-stiftung.de\/fr\/merci\/#primaryimage"},"image":{"@id":"https:\/\/you-stiftung.de\/fr\/merci\/#primaryimage"},"thumbnailUrl":"https:\/\/you-stiftung.de\/wp-content\/uploads\/2023\/08\/Weihnachten2022-1.png","datePublished":"2022-12-21T19:12:59+00:00","dateModified":"2023-08-01T18:26:17+00:00","breadcrumb":{"@id":"https:\/\/you-stiftung.de\/fr\/merci\/#breadcrumb"},"inLanguage":"fr-FR","potentialAction":[{"@type":"ReadAction","target":["https:\/\/you-stiftung.de\/fr\/merci\/"]}]},{"@type":"ImageObject","inLanguage":"fr-FR","@id":"https:\/\/you-stiftung.de\/fr\/merci\/#primaryimage","url":"https:\/\/you-stiftung.de\/wp-content\/uploads\/2023\/08\/Weihnachten2022-1.png","contentUrl":"https:\/\/you-stiftung.de\/wp-content\/uploads\/2023\/08\/Weihnachten2022-1.png","width":168,"height":174,"caption":"Weihnachten2022 1"},{"@type":"BreadcrumbList","@id":"https:\/\/you-stiftung.de\/fr\/merci\/#breadcrumb","itemListElement":[{"@type":"ListItem","position":1,"name":"Home","item":"https:\/\/you-stiftung.de\/fr\/accueil-fr\/"},{"@type":"ListItem","position":2,"name":"MERCI"}]},{"@type":"WebSite","@id":"https:\/\/you-stiftung.de\/#website","url":"https:\/\/you-stiftung.de\/","name":"YOU Stiftung","description":"Bildung f\u00fcr Kinder in Not","publisher":{"@id":"https:\/\/you-stiftung.de\/#organization"},"potentialAction":[{"@type":"SearchAction","target":{"@type":"EntryPoint","urlTemplate":"https:\/\/you-stiftung.de\/?s={search_term_string}"},"query-input":{"@type":"PropertyValueSpecification","valueRequired":true,"valueName":"search_term_string"}}],"inLanguage":"fr-FR"},{"@type":"Organization","@id":"https:\/\/you-stiftung.de\/#organization","name":"YOU Stiftung","url":"https:\/\/you-stiftung.de\/","logo":{"@type":"ImageObject","inLanguage":"fr-FR","@id":"https:\/\/you-stiftung.de\/#\/schema\/logo\/image\/","url":"https:\/\/you-stiftung.de\/wp-content\/uploads\/2021\/02\/YOU_Logo_pos_RGB_deutsch_RZ.png","contentUrl":"https:\/\/you-stiftung.de\/wp-content\/uploads\/2021\/02\/YOU_Logo_pos_RGB_deutsch_RZ.png","width":729,"height":449,"caption":"YOU Stiftung"},"image":{"@id":"https:\/\/you-stiftung.de\/#\/schema\/logo\/image\/"},"sameAs":["https:\/\/www.facebook.com\/youstiftung","https:\/\/www.instagram.com\/youstiftung"]},{"@type":"Person","@id":"https:\/\/you-stiftung.de\/#\/schema\/person\/f6ecfd5747199a2c2c8da55913d6de12","name":"ayoub","url":"https:\/\/you-stiftung.de\/fr\/author\/ayoub\/"}]}},"_links":{"self":[{"href":"https:\/\/you-stiftung.de\/fr\/wp-json\/wp\/v2\/posts\/16841","targetHints":{"allow":["GET"]}}],"collection":[{"href":"https:\/\/you-stiftung.de\/fr\/wp-json\/wp\/v2\/posts"}],"about":[{"href":"https:\/\/you-stiftung.de\/fr\/wp-json\/wp\/v2\/types\/post"}],"author":[{"embeddable":true,"href":"https:\/\/you-stiftung.de\/fr\/wp-json\/wp\/v2\/users\/17"}],"replies":[{"embeddable":true,"href":"https:\/\/you-stiftung.de\/fr\/wp-json\/wp\/v2\/comments?post=16841"}],"version-history":[{"count":1,"href":"https:\/\/you-stiftung.de\/fr\/wp-json\/wp\/v2\/posts\/16841\/revisions"}],"predecessor-version":[{"id":16842,"href":"https:\/\/you-stiftung.de\/fr\/wp-json\/wp\/v2\/posts\/16841\/revisions\/16842"}],"wp:featuredmedia":[{"embeddable":true,"href":"https:\/\/you-stiftung.de\/fr\/wp-json\/wp\/v2\/media\/16833"}],"wp:attachment":[{"href":"https:\/\/you-stiftung.de\/fr\/wp-json\/wp\/v2\/media?parent=16841"}],"wp:term":[{"taxonomy":"category","embeddable":true,"href":"https:\/\/you-stiftung.de\/fr\/wp-json\/wp\/v2\/categories?post=16841"},{"taxonomy":"post_tag","embeddable":true,"href":"https:\/\/you-stiftung.de\/fr\/wp-json\/wp\/v2\/tags?post=16841"}],"curies":[{"name":"wp","href":"https:\/\/api.w.org\/{rel}","templated":true}]}}