{"id":16621,"date":"2023-02-24T16:54:34","date_gmt":"2023-02-24T15:54:34","guid":{"rendered":"https:\/\/you-charity.de\/a-lanniversaire-de-la-guerre-dagression-russe-contre-lukraine\/"},"modified":"2023-07-31T17:05:22","modified_gmt":"2023-07-31T15:05:22","slug":"a-lanniversaire-de-la-guerre-dagression-russe-contre-lukraine","status":"publish","type":"post","link":"https:\/\/you-stiftung.de\/fr\/a-lanniversaire-de-la-guerre-dagression-russe-contre-lukraine\/","title":{"rendered":"\u00c0 L&rsquo;ANNIVERSAIRE DE LA GUERRE D&rsquo;AGRESSION RUSSE CONTRE L&rsquo;UKRAINE"},"content":{"rendered":"\t\t<div data-elementor-type=\"wp-post\" data-elementor-id=\"16621\" class=\"elementor elementor-16621 elementor-16610\" data-elementor-post-type=\"post\">\n\t\t\t\t\t\t<section class=\"elementor-section elementor-top-section elementor-element elementor-element-7e461fa elementor-section-boxed elementor-section-height-default elementor-section-height-default\" data-id=\"7e461fa\" data-element_type=\"section\">\n\t\t\t\t\t\t<div class=\"elementor-container elementor-column-gap-default\">\n\t\t\t\t\t<div class=\"elementor-column elementor-col-100 elementor-top-column elementor-element elementor-element-0bd00af\" data-id=\"0bd00af\" data-element_type=\"column\">\n\t\t\t<div class=\"elementor-widget-wrap elementor-element-populated\">\n\t\t\t\t\t\t<div class=\"elementor-element elementor-element-021b22e elementor-widget elementor-widget-heading\" data-id=\"021b22e\" data-element_type=\"widget\" data-widget_type=\"heading.default\">\n\t\t\t\t<div class=\"elementor-widget-container\">\n\t\t\t\t\t<h2 class=\"elementor-heading-title elementor-size-default\">Aujourd'hui marque l'anniversaire de l'attaque russe contre l'Ukraine<\/h2>\t\t\t\t<\/div>\n\t\t\t\t<\/div>\n\t\t\t\t\t<\/div>\n\t\t<\/div>\n\t\t\t\t\t<\/div>\n\t\t<\/section>\n\t\t\t\t<section class=\"elementor-section elementor-top-section elementor-element elementor-element-8520670 elementor-section-boxed elementor-section-height-default elementor-section-height-default\" data-id=\"8520670\" data-element_type=\"section\">\n\t\t\t\t\t\t<div class=\"elementor-container elementor-column-gap-default\">\n\t\t\t\t\t<div class=\"elementor-column elementor-col-100 elementor-top-column elementor-element elementor-element-23aff81\" data-id=\"23aff81\" data-element_type=\"column\">\n\t\t\t<div class=\"elementor-widget-wrap elementor-element-populated\">\n\t\t\t\t\t\t<div class=\"elementor-element elementor-element-4e6a044 elementor-widget elementor-widget-text-editor\" data-id=\"4e6a044\" data-element_type=\"widget\" data-widget_type=\"text-editor.default\">\n\t\t\t\t<div class=\"elementor-widget-container\">\n\t\t\t\t\t\t\t\t\t<p>Les gens se souviennent tous tr\u00e8s bien qu&rsquo;il y a un an, les r\u00e9gions orientales de l&rsquo;Ukraine ont \u00e9t\u00e9 attaqu\u00e9es par l&rsquo;arm\u00e9e russe. La brutalit\u00e9 de l&rsquo;attaque, la guerre, \u00e0 Bakhmut, Kiev, Kharkiv et les autres villes, la souffrance du peuple, les d\u00e9combres, les bless\u00e9s et les morts se sentaient tr\u00e8s proches. Pour tous, la guerre en Europe est une terrible menace pour leurs valeurs humaines et d\u00e9mocratiques.<\/p>\n\t\t\t\t\t\t\t\t<\/div>\n\t\t\t\t<\/div>\n\t\t\t\t\t<\/div>\n\t\t<\/div>\n\t\t\t\t\t<\/div>\n\t\t<\/section>\n\t\t\t\t<section class=\"elementor-section elementor-top-section elementor-element elementor-element-4edf923 elementor-section-boxed elementor-section-height-default elementor-section-height-default\" data-id=\"4edf923\" data-element_type=\"section\">\n\t\t\t\t\t\t<div class=\"elementor-container elementor-column-gap-default\">\n\t\t\t\t\t<div class=\"elementor-column elementor-col-100 elementor-top-column elementor-element elementor-element-cf262ad\" data-id=\"cf262ad\" data-element_type=\"column\">\n\t\t\t<div class=\"elementor-widget-wrap elementor-element-populated\">\n\t\t\t\t\t\t<div class=\"elementor-element elementor-element-3e238d7 elementor-widget elementor-widget-text-editor\" data-id=\"3e238d7\" data-element_type=\"widget\" data-widget_type=\"text-editor.default\">\n\t\t\t\t<div class=\"elementor-widget-container\">\n\t\t\t\t\t\t\t\t\t<p>Une ann\u00e9e de guerre cruelle, d&rsquo;ins\u00e9curit\u00e9 et de peur est derri\u00e8re nous, mais il n&rsquo;y a pas de fin en vue pour les attaques arm\u00e9es. <strong>Des gens et des enfants continuent de mourir.<\/strong><\/p>\n<p>La <strong>Fondation YOU<\/strong> &#8211; <strong>\u00c9ducation pour les enfants dans le besoin<\/strong>, se positionne contre la guerre, avec les personnes qui sont actives aujourd&rsquo;hui dans de nombreuses manifestations anti-guerre et \u00e9v\u00e9nements comm\u00e9moratifs, et continue de soutenir le peuple ukrainien, parmi tous les nombreux r\u00e9fugi\u00e9s.<\/p>\n<p><strong>Avec vous, nous pouvons continuer \u00e0 fournir un soutien l\u00e0 o\u00f9 nous le pouvons.<\/strong><\/p>\n<p><strong>Esp\u00e9rons ensemble que cette nouvelle guerre inutile trouvera bient\u00f4t la paix pour le peuple ukrainien !<\/strong><\/p>\n\t\t\t\t\t\t\t\t<\/div>\n\t\t\t\t<\/div>\n\t\t\t\t\t<\/div>\n\t\t<\/div>\n\t\t\t\t\t<\/div>\n\t\t<\/section>\n\t\t\t\t<section class=\"elementor-section elementor-top-section elementor-element elementor-element-798b0da elementor-section-boxed elementor-section-height-default elementor-section-height-default\" data-id=\"798b0da\" data-element_type=\"section\">\n\t\t\t\t\t\t<div class=\"elementor-container elementor-column-gap-default\">\n\t\t\t\t\t<div class=\"elementor-column elementor-col-100 elementor-top-column elementor-element elementor-element-016d497\" data-id=\"016d497\" data-element_type=\"column\">\n\t\t\t<div class=\"elementor-widget-wrap elementor-element-populated\">\n\t\t\t\t\t\t<div class=\"elementor-element elementor-element-c697957 elementor-widget elementor-widget-text-editor\" data-id=\"c697957\" data-element_type=\"widget\" data-widget_type=\"text-editor.default\">\n\t\t\t\t<div class=\"elementor-widget-container\">\n\t\t\t\t\t\t\t\t\t<p><strong>YOU Stiftung<\/strong><br \/>\nCommerzbank SA<br \/>\nIBAN : DE86 3004 0000 0348 0100 39<br \/>\nCode BIC : COBADEFFXXX<br \/>\n<strong>Objectif \u00ab\u00a0Reconstruction Ukraine\u00a0\u00bb<\/strong><\/p>\n\t\t\t\t\t\t\t\t<\/div>\n\t\t\t\t<\/div>\n\t\t\t\t\t<\/div>\n\t\t<\/div>\n\t\t\t\t\t<\/div>\n\t\t<\/section>\n\t\t\t\t<section class=\"elementor-section elementor-top-section elementor-element elementor-element-f38f4f2 elementor-section-boxed elementor-section-height-default elementor-section-height-default\" data-id=\"f38f4f2\" data-element_type=\"section\">\n\t\t\t\t\t\t<div class=\"elementor-container elementor-column-gap-default\">\n\t\t\t\t\t<div class=\"elementor-column elementor-col-100 elementor-top-column elementor-element elementor-element-daab991\" data-id=\"daab991\" data-element_type=\"column\">\n\t\t\t<div class=\"elementor-widget-wrap elementor-element-populated\">\n\t\t\t\t\t\t<div class=\"elementor-element elementor-element-0fd9144 elementor-align-center elementor-tablet-align-right elementor-mobile-align-left elementor-widget elementor-widget-button\" data-id=\"0fd9144\" data-element_type=\"widget\" data-widget_type=\"button.default\">\n\t\t\t\t<div class=\"elementor-widget-container\">\n\t\t\t\t\t\t\t\t\t<div class=\"elementor-button-wrapper\">\n\t\t\t\t\t<a class=\"elementor-button elementor-button-link elementor-size-xl\" href=\"https:\/\/you-stiftung.de\/fr\/formulaire-de-don\/\">\n\t\t\t\t\t\t<span class=\"elementor-button-content-wrapper\">\n\t\t\t\t\t\t\t\t\t<span class=\"elementor-button-text\">Faire un don<\/span>\n\t\t\t\t\t<\/span>\n\t\t\t\t\t<\/a>\n\t\t\t\t<\/div>\n\t\t\t\t\t\t\t\t<\/div>\n\t\t\t\t<\/div>\n\t\t\t\t\t<\/div>\n\t\t<\/div>\n\t\t\t\t\t<\/div>\n\t\t<\/section>\n\t\t\t\t<\/div>\n\t\t","protected":false},"excerpt":{"rendered":"<p>Aujourd&rsquo;hui marque l&rsquo;anniversaire de l&rsquo;attaque russe contre l&rsquo;Ukraine Les gens se souviennent tous tr\u00e8s bien qu&rsquo;il y a un an, les r\u00e9gions orientales de l&rsquo;Ukraine ont \u00e9t\u00e9 attaqu\u00e9es par l&rsquo;arm\u00e9e russe. La brutalit\u00e9 de l&rsquo;attaque, la guerre, \u00e0 Bakhmut, Kiev, Kharkiv et les autres villes, la souffrance du peuple, les d\u00e9combres, les bless\u00e9s et les [&hellip;]<\/p>\n","protected":false},"author":17,"featured_media":16613,"comment_status":"closed","ping_status":"closed","sticky":false,"template":"","format":"standard","meta":{"footnotes":""},"categories":[447,443],"tags":[],"class_list":["post-16621","post","type-post","status-publish","format-standard","has-post-thumbnail","hentry","category-general-fr","category-non-classifiee"],"yoast_head":"<!-- This site is optimized with the Yoast SEO plugin v27.4 - https:\/\/yoast.com\/product\/yoast-seo-wordpress\/ -->\n<title>\u00c0 L&#039;ANNIVERSAIRE DE LA GUERRE D&#039;AGRESSION RUSSE CONTRE L&#039;UKRAINE &#8211; You Stiftung<\/title>\n<meta name=\"robots\" content=\"index, follow, max-snippet:-1, max-image-preview:large, max-video-preview:-1\" \/>\n<link rel=\"canonical\" href=\"https:\/\/you-stiftung.de\/fr\/a-lanniversaire-de-la-guerre-dagression-russe-contre-lukraine\/\" \/>\n<meta property=\"og:locale\" content=\"fr_FR\" \/>\n<meta property=\"og:type\" content=\"article\" \/>\n<meta property=\"og:title\" content=\"\u00c0 L&#039;ANNIVERSAIRE DE LA GUERRE D&#039;AGRESSION RUSSE CONTRE L&#039;UKRAINE &#8211; You Stiftung\" \/>\n<meta property=\"og:description\" content=\"Aujourd&rsquo;hui marque l&rsquo;anniversaire de l&rsquo;attaque russe contre l&rsquo;Ukraine Les gens se souviennent tous tr\u00e8s bien qu&rsquo;il y a un an, les r\u00e9gions orientales de l&rsquo;Ukraine ont \u00e9t\u00e9 attaqu\u00e9es par l&rsquo;arm\u00e9e russe. La brutalit\u00e9 de l&rsquo;attaque, la guerre, \u00e0 Bakhmut, Kiev, Kharkiv et les autres villes, la souffrance du peuple, les d\u00e9combres, les bless\u00e9s et les [&hellip;]\" \/>\n<meta property=\"og:url\" content=\"https:\/\/you-stiftung.de\/fr\/a-lanniversaire-de-la-guerre-dagression-russe-contre-lukraine\/\" \/>\n<meta property=\"og:site_name\" content=\"You Stiftung\" \/>\n<meta property=\"article:publisher\" content=\"https:\/\/www.facebook.com\/youstiftung\" \/>\n<meta property=\"article:published_time\" content=\"2023-02-24T15:54:34+00:00\" \/>\n<meta property=\"article:modified_time\" content=\"2023-07-31T15:05:22+00:00\" \/>\n<meta property=\"og:image\" content=\"https:\/\/you-stiftung.de\/wp-content\/uploads\/2023\/07\/ukraine-g2af82bfb0_1920_Wilfried-Pohnke-pixabay-545x307-1.png\" \/>\n\t<meta property=\"og:image:width\" content=\"545\" \/>\n\t<meta property=\"og:image:height\" content=\"307\" \/>\n\t<meta property=\"og:image:type\" content=\"image\/png\" \/>\n<meta name=\"author\" content=\"ayoub\" \/>\n<meta name=\"twitter:card\" content=\"summary_large_image\" \/>\n<meta name=\"twitter:label1\" content=\"\u00c9crit par\" \/>\n\t<meta name=\"twitter:data1\" content=\"ayoub\" \/>\n\t<meta name=\"twitter:label2\" content=\"Dur\u00e9e de lecture estim\u00e9e\" \/>\n\t<meta name=\"twitter:data2\" content=\"1 minute\" \/>\n<script type=\"application\/ld+json\" class=\"yoast-schema-graph\">{\"@context\":\"https:\\\/\\\/schema.org\",\"@graph\":[{\"@type\":\"Article\",\"@id\":\"https:\\\/\\\/you-stiftung.de\\\/fr\\\/a-lanniversaire-de-la-guerre-dagression-russe-contre-lukraine\\\/#article\",\"isPartOf\":{\"@id\":\"https:\\\/\\\/you-stiftung.de\\\/fr\\\/a-lanniversaire-de-la-guerre-dagression-russe-contre-lukraine\\\/\"},\"author\":{\"name\":\"ayoub\",\"@id\":\"https:\\\/\\\/you-stiftung.de\\\/#\\\/schema\\\/person\\\/f6ecfd5747199a2c2c8da55913d6de12\"},\"headline\":\"\u00c0 L&rsquo;ANNIVERSAIRE DE LA GUERRE D&rsquo;AGRESSION RUSSE CONTRE L&rsquo;UKRAINE\",\"datePublished\":\"2023-02-24T15:54:34+00:00\",\"dateModified\":\"2023-07-31T15:05:22+00:00\",\"mainEntityOfPage\":{\"@id\":\"https:\\\/\\\/you-stiftung.de\\\/fr\\\/a-lanniversaire-de-la-guerre-dagression-russe-contre-lukraine\\\/\"},\"wordCount\":234,\"publisher\":{\"@id\":\"https:\\\/\\\/you-stiftung.de\\\/#organization\"},\"image\":{\"@id\":\"https:\\\/\\\/you-stiftung.de\\\/fr\\\/a-lanniversaire-de-la-guerre-dagression-russe-contre-lukraine\\\/#primaryimage\"},\"thumbnailUrl\":\"https:\\\/\\\/you-stiftung.de\\\/wp-content\\\/uploads\\\/2023\\\/07\\\/ukraine-g2af82bfb0_1920_Wilfried-Pohnke-pixabay-545x307-1.png\",\"articleSection\":[\"general\",\"Non classifi\u00e9(e)\"],\"inLanguage\":\"fr-FR\"},{\"@type\":\"WebPage\",\"@id\":\"https:\\\/\\\/you-stiftung.de\\\/fr\\\/a-lanniversaire-de-la-guerre-dagression-russe-contre-lukraine\\\/\",\"url\":\"https:\\\/\\\/you-stiftung.de\\\/fr\\\/a-lanniversaire-de-la-guerre-dagression-russe-contre-lukraine\\\/\",\"name\":\"\u00c0 L'ANNIVERSAIRE DE LA GUERRE D'AGRESSION RUSSE CONTRE L'UKRAINE &#8211; You Stiftung\",\"isPartOf\":{\"@id\":\"https:\\\/\\\/you-stiftung.de\\\/#website\"},\"primaryImageOfPage\":{\"@id\":\"https:\\\/\\\/you-stiftung.de\\\/fr\\\/a-lanniversaire-de-la-guerre-dagression-russe-contre-lukraine\\\/#primaryimage\"},\"image\":{\"@id\":\"https:\\\/\\\/you-stiftung.de\\\/fr\\\/a-lanniversaire-de-la-guerre-dagression-russe-contre-lukraine\\\/#primaryimage\"},\"thumbnailUrl\":\"https:\\\/\\\/you-stiftung.de\\\/wp-content\\\/uploads\\\/2023\\\/07\\\/ukraine-g2af82bfb0_1920_Wilfried-Pohnke-pixabay-545x307-1.png\",\"datePublished\":\"2023-02-24T15:54:34+00:00\",\"dateModified\":\"2023-07-31T15:05:22+00:00\",\"breadcrumb\":{\"@id\":\"https:\\\/\\\/you-stiftung.de\\\/fr\\\/a-lanniversaire-de-la-guerre-dagression-russe-contre-lukraine\\\/#breadcrumb\"},\"inLanguage\":\"fr-FR\",\"potentialAction\":[{\"@type\":\"ReadAction\",\"target\":[\"https:\\\/\\\/you-stiftung.de\\\/fr\\\/a-lanniversaire-de-la-guerre-dagression-russe-contre-lukraine\\\/\"]}]},{\"@type\":\"ImageObject\",\"inLanguage\":\"fr-FR\",\"@id\":\"https:\\\/\\\/you-stiftung.de\\\/fr\\\/a-lanniversaire-de-la-guerre-dagression-russe-contre-lukraine\\\/#primaryimage\",\"url\":\"https:\\\/\\\/you-stiftung.de\\\/wp-content\\\/uploads\\\/2023\\\/07\\\/ukraine-g2af82bfb0_1920_Wilfried-Pohnke-pixabay-545x307-1.png\",\"contentUrl\":\"https:\\\/\\\/you-stiftung.de\\\/wp-content\\\/uploads\\\/2023\\\/07\\\/ukraine-g2af82bfb0_1920_Wilfried-Pohnke-pixabay-545x307-1.png\",\"width\":545,\"height\":307,\"caption\":\"ukraine g2af82bfb0 1920 Wilfried Pohnke pixabay 545x307 1\"},{\"@type\":\"BreadcrumbList\",\"@id\":\"https:\\\/\\\/you-stiftung.de\\\/fr\\\/a-lanniversaire-de-la-guerre-dagression-russe-contre-lukraine\\\/#breadcrumb\",\"itemListElement\":[{\"@type\":\"ListItem\",\"position\":1,\"name\":\"Home\",\"item\":\"https:\\\/\\\/you-stiftung.de\\\/fr\\\/accueil-fr\\\/\"},{\"@type\":\"ListItem\",\"position\":2,\"name\":\"\u00c0 L&#8217;ANNIVERSAIRE DE LA GUERRE D&#8217;AGRESSION RUSSE CONTRE L&#8217;UKRAINE\"}]},{\"@type\":\"WebSite\",\"@id\":\"https:\\\/\\\/you-stiftung.de\\\/#website\",\"url\":\"https:\\\/\\\/you-stiftung.de\\\/\",\"name\":\"YOU Stiftung\",\"description\":\"Bildung f\u00fcr Kinder in Not\",\"publisher\":{\"@id\":\"https:\\\/\\\/you-stiftung.de\\\/#organization\"},\"potentialAction\":[{\"@type\":\"SearchAction\",\"target\":{\"@type\":\"EntryPoint\",\"urlTemplate\":\"https:\\\/\\\/you-stiftung.de\\\/?s={search_term_string}\"},\"query-input\":{\"@type\":\"PropertyValueSpecification\",\"valueRequired\":true,\"valueName\":\"search_term_string\"}}],\"inLanguage\":\"fr-FR\"},{\"@type\":\"Organization\",\"@id\":\"https:\\\/\\\/you-stiftung.de\\\/#organization\",\"name\":\"YOU Stiftung\",\"url\":\"https:\\\/\\\/you-stiftung.de\\\/\",\"logo\":{\"@type\":\"ImageObject\",\"inLanguage\":\"fr-FR\",\"@id\":\"https:\\\/\\\/you-stiftung.de\\\/#\\\/schema\\\/logo\\\/image\\\/\",\"url\":\"https:\\\/\\\/you-stiftung.de\\\/wp-content\\\/uploads\\\/2021\\\/02\\\/YOU_Logo_pos_RGB_deutsch_RZ.png\",\"contentUrl\":\"https:\\\/\\\/you-stiftung.de\\\/wp-content\\\/uploads\\\/2021\\\/02\\\/YOU_Logo_pos_RGB_deutsch_RZ.png\",\"width\":729,\"height\":449,\"caption\":\"YOU Stiftung\"},\"image\":{\"@id\":\"https:\\\/\\\/you-stiftung.de\\\/#\\\/schema\\\/logo\\\/image\\\/\"},\"sameAs\":[\"https:\\\/\\\/www.facebook.com\\\/youstiftung\",\"https:\\\/\\\/www.instagram.com\\\/youstiftung\"]},{\"@type\":\"Person\",\"@id\":\"https:\\\/\\\/you-stiftung.de\\\/#\\\/schema\\\/person\\\/f6ecfd5747199a2c2c8da55913d6de12\",\"name\":\"ayoub\",\"url\":\"https:\\\/\\\/you-stiftung.de\\\/fr\\\/author\\\/ayoub\\\/\"}]}<\/script>\n<!-- \/ Yoast SEO plugin. -->","yoast_head_json":{"title":"\u00c0 L'ANNIVERSAIRE DE LA GUERRE D'AGRESSION RUSSE CONTRE L'UKRAINE &#8211; You Stiftung","robots":{"index":"index","follow":"follow","max-snippet":"max-snippet:-1","max-image-preview":"max-image-preview:large","max-video-preview":"max-video-preview:-1"},"canonical":"https:\/\/you-stiftung.de\/fr\/a-lanniversaire-de-la-guerre-dagression-russe-contre-lukraine\/","og_locale":"fr_FR","og_type":"article","og_title":"\u00c0 L'ANNIVERSAIRE DE LA GUERRE D'AGRESSION RUSSE CONTRE L'UKRAINE &#8211; You Stiftung","og_description":"Aujourd&rsquo;hui marque l&rsquo;anniversaire de l&rsquo;attaque russe contre l&rsquo;Ukraine Les gens se souviennent tous tr\u00e8s bien qu&rsquo;il y a un an, les r\u00e9gions orientales de l&rsquo;Ukraine ont \u00e9t\u00e9 attaqu\u00e9es par l&rsquo;arm\u00e9e russe. La brutalit\u00e9 de l&rsquo;attaque, la guerre, \u00e0 Bakhmut, Kiev, Kharkiv et les autres villes, la souffrance du peuple, les d\u00e9combres, les bless\u00e9s et les [&hellip;]","og_url":"https:\/\/you-stiftung.de\/fr\/a-lanniversaire-de-la-guerre-dagression-russe-contre-lukraine\/","og_site_name":"You Stiftung","article_publisher":"https:\/\/www.facebook.com\/youstiftung","article_published_time":"2023-02-24T15:54:34+00:00","article_modified_time":"2023-07-31T15:05:22+00:00","og_image":[{"width":545,"height":307,"url":"https:\/\/you-stiftung.de\/wp-content\/uploads\/2023\/07\/ukraine-g2af82bfb0_1920_Wilfried-Pohnke-pixabay-545x307-1.png","type":"image\/png"}],"author":"ayoub","twitter_card":"summary_large_image","twitter_misc":{"\u00c9crit par":"ayoub","Dur\u00e9e de lecture estim\u00e9e":"1 minute"},"schema":{"@context":"https:\/\/schema.org","@graph":[{"@type":"Article","@id":"https:\/\/you-stiftung.de\/fr\/a-lanniversaire-de-la-guerre-dagression-russe-contre-lukraine\/#article","isPartOf":{"@id":"https:\/\/you-stiftung.de\/fr\/a-lanniversaire-de-la-guerre-dagression-russe-contre-lukraine\/"},"author":{"name":"ayoub","@id":"https:\/\/you-stiftung.de\/#\/schema\/person\/f6ecfd5747199a2c2c8da55913d6de12"},"headline":"\u00c0 L&rsquo;ANNIVERSAIRE DE LA GUERRE D&rsquo;AGRESSION RUSSE CONTRE L&rsquo;UKRAINE","datePublished":"2023-02-24T15:54:34+00:00","dateModified":"2023-07-31T15:05:22+00:00","mainEntityOfPage":{"@id":"https:\/\/you-stiftung.de\/fr\/a-lanniversaire-de-la-guerre-dagression-russe-contre-lukraine\/"},"wordCount":234,"publisher":{"@id":"https:\/\/you-stiftung.de\/#organization"},"image":{"@id":"https:\/\/you-stiftung.de\/fr\/a-lanniversaire-de-la-guerre-dagression-russe-contre-lukraine\/#primaryimage"},"thumbnailUrl":"https:\/\/you-stiftung.de\/wp-content\/uploads\/2023\/07\/ukraine-g2af82bfb0_1920_Wilfried-Pohnke-pixabay-545x307-1.png","articleSection":["general","Non classifi\u00e9(e)"],"inLanguage":"fr-FR"},{"@type":"WebPage","@id":"https:\/\/you-stiftung.de\/fr\/a-lanniversaire-de-la-guerre-dagression-russe-contre-lukraine\/","url":"https:\/\/you-stiftung.de\/fr\/a-lanniversaire-de-la-guerre-dagression-russe-contre-lukraine\/","name":"\u00c0 L'ANNIVERSAIRE DE LA GUERRE D'AGRESSION RUSSE CONTRE L'UKRAINE &#8211; You Stiftung","isPartOf":{"@id":"https:\/\/you-stiftung.de\/#website"},"primaryImageOfPage":{"@id":"https:\/\/you-stiftung.de\/fr\/a-lanniversaire-de-la-guerre-dagression-russe-contre-lukraine\/#primaryimage"},"image":{"@id":"https:\/\/you-stiftung.de\/fr\/a-lanniversaire-de-la-guerre-dagression-russe-contre-lukraine\/#primaryimage"},"thumbnailUrl":"https:\/\/you-stiftung.de\/wp-content\/uploads\/2023\/07\/ukraine-g2af82bfb0_1920_Wilfried-Pohnke-pixabay-545x307-1.png","datePublished":"2023-02-24T15:54:34+00:00","dateModified":"2023-07-31T15:05:22+00:00","breadcrumb":{"@id":"https:\/\/you-stiftung.de\/fr\/a-lanniversaire-de-la-guerre-dagression-russe-contre-lukraine\/#breadcrumb"},"inLanguage":"fr-FR","potentialAction":[{"@type":"ReadAction","target":["https:\/\/you-stiftung.de\/fr\/a-lanniversaire-de-la-guerre-dagression-russe-contre-lukraine\/"]}]},{"@type":"ImageObject","inLanguage":"fr-FR","@id":"https:\/\/you-stiftung.de\/fr\/a-lanniversaire-de-la-guerre-dagression-russe-contre-lukraine\/#primaryimage","url":"https:\/\/you-stiftung.de\/wp-content\/uploads\/2023\/07\/ukraine-g2af82bfb0_1920_Wilfried-Pohnke-pixabay-545x307-1.png","contentUrl":"https:\/\/you-stiftung.de\/wp-content\/uploads\/2023\/07\/ukraine-g2af82bfb0_1920_Wilfried-Pohnke-pixabay-545x307-1.png","width":545,"height":307,"caption":"ukraine g2af82bfb0 1920 Wilfried Pohnke pixabay 545x307 1"},{"@type":"BreadcrumbList","@id":"https:\/\/you-stiftung.de\/fr\/a-lanniversaire-de-la-guerre-dagression-russe-contre-lukraine\/#breadcrumb","itemListElement":[{"@type":"ListItem","position":1,"name":"Home","item":"https:\/\/you-stiftung.de\/fr\/accueil-fr\/"},{"@type":"ListItem","position":2,"name":"\u00c0 L&#8217;ANNIVERSAIRE DE LA GUERRE D&#8217;AGRESSION RUSSE CONTRE L&#8217;UKRAINE"}]},{"@type":"WebSite","@id":"https:\/\/you-stiftung.de\/#website","url":"https:\/\/you-stiftung.de\/","name":"YOU Stiftung","description":"Bildung f\u00fcr Kinder in Not","publisher":{"@id":"https:\/\/you-stiftung.de\/#organization"},"potentialAction":[{"@type":"SearchAction","target":{"@type":"EntryPoint","urlTemplate":"https:\/\/you-stiftung.de\/?s={search_term_string}"},"query-input":{"@type":"PropertyValueSpecification","valueRequired":true,"valueName":"search_term_string"}}],"inLanguage":"fr-FR"},{"@type":"Organization","@id":"https:\/\/you-stiftung.de\/#organization","name":"YOU Stiftung","url":"https:\/\/you-stiftung.de\/","logo":{"@type":"ImageObject","inLanguage":"fr-FR","@id":"https:\/\/you-stiftung.de\/#\/schema\/logo\/image\/","url":"https:\/\/you-stiftung.de\/wp-content\/uploads\/2021\/02\/YOU_Logo_pos_RGB_deutsch_RZ.png","contentUrl":"https:\/\/you-stiftung.de\/wp-content\/uploads\/2021\/02\/YOU_Logo_pos_RGB_deutsch_RZ.png","width":729,"height":449,"caption":"YOU Stiftung"},"image":{"@id":"https:\/\/you-stiftung.de\/#\/schema\/logo\/image\/"},"sameAs":["https:\/\/www.facebook.com\/youstiftung","https:\/\/www.instagram.com\/youstiftung"]},{"@type":"Person","@id":"https:\/\/you-stiftung.de\/#\/schema\/person\/f6ecfd5747199a2c2c8da55913d6de12","name":"ayoub","url":"https:\/\/you-stiftung.de\/fr\/author\/ayoub\/"}]}},"_links":{"self":[{"href":"https:\/\/you-stiftung.de\/fr\/wp-json\/wp\/v2\/posts\/16621","targetHints":{"allow":["GET"]}}],"collection":[{"href":"https:\/\/you-stiftung.de\/fr\/wp-json\/wp\/v2\/posts"}],"about":[{"href":"https:\/\/you-stiftung.de\/fr\/wp-json\/wp\/v2\/types\/post"}],"author":[{"embeddable":true,"href":"https:\/\/you-stiftung.de\/fr\/wp-json\/wp\/v2\/users\/17"}],"replies":[{"embeddable":true,"href":"https:\/\/you-stiftung.de\/fr\/wp-json\/wp\/v2\/comments?post=16621"}],"version-history":[{"count":1,"href":"https:\/\/you-stiftung.de\/fr\/wp-json\/wp\/v2\/posts\/16621\/revisions"}],"predecessor-version":[{"id":16622,"href":"https:\/\/you-stiftung.de\/fr\/wp-json\/wp\/v2\/posts\/16621\/revisions\/16622"}],"wp:featuredmedia":[{"embeddable":true,"href":"https:\/\/you-stiftung.de\/fr\/wp-json\/wp\/v2\/media\/16613"}],"wp:attachment":[{"href":"https:\/\/you-stiftung.de\/fr\/wp-json\/wp\/v2\/media?parent=16621"}],"wp:term":[{"taxonomy":"category","embeddable":true,"href":"https:\/\/you-stiftung.de\/fr\/wp-json\/wp\/v2\/categories?post=16621"},{"taxonomy":"post_tag","embeddable":true,"href":"https:\/\/you-stiftung.de\/fr\/wp-json\/wp\/v2\/tags?post=16621"}],"curies":[{"name":"wp","href":"https:\/\/api.w.org\/{rel}","templated":true}]}}