{"id":16499,"date":"2023-04-06T13:16:53","date_gmt":"2023-04-06T11:16:53","guid":{"rendered":"https:\/\/you-charity.de\/citoyennete-verte-citoyennete-responsable-de-lenvironnement\/"},"modified":"2023-07-31T13:42:11","modified_gmt":"2023-07-31T11:42:11","slug":"citoyennete-verte-citoyennete-responsable-de-lenvironnement","status":"publish","type":"post","link":"https:\/\/you-stiftung.de\/fr\/citoyennete-verte-citoyennete-responsable-de-lenvironnement\/","title":{"rendered":"CITOYENNET\u00c9 VERTE \u2013 CITOYENNET\u00c9 RESPONSABLE DE L&rsquo;ENVIRONNEMENT"},"content":{"rendered":"\t\t<div data-elementor-type=\"wp-post\" data-elementor-id=\"16499\" class=\"elementor elementor-16499 elementor-16476\" data-elementor-post-type=\"post\">\n\t\t\t\t\t\t<section class=\"elementor-section elementor-top-section elementor-element elementor-element-9995f45 elementor-section-boxed elementor-section-height-default elementor-section-height-default\" data-id=\"9995f45\" data-element_type=\"section\">\n\t\t\t\t\t\t<div class=\"elementor-container elementor-column-gap-default\">\n\t\t\t\t\t<div class=\"elementor-column elementor-col-100 elementor-top-column elementor-element elementor-element-88304f9\" data-id=\"88304f9\" data-element_type=\"column\">\n\t\t\t<div class=\"elementor-widget-wrap elementor-element-populated\">\n\t\t\t\t\t\t<div class=\"elementor-element elementor-element-17ea500 elementor-widget elementor-widget-heading\" data-id=\"17ea500\" data-element_type=\"widget\" data-widget_type=\"heading.default\">\n\t\t\t\t<div class=\"elementor-widget-container\">\n\t\t\t\t\t<h2 class=\"elementor-heading-title elementor-size-default\">PROMOTION DE LA CONSCIENCE ENVIRONNEMENTALE ET DE LA RESPONSABILIT\u00c9 SOCIALE<\/h2>\t\t\t\t<\/div>\n\t\t\t\t<\/div>\n\t\t\t\t\t<\/div>\n\t\t<\/div>\n\t\t\t\t\t<\/div>\n\t\t<\/section>\n\t\t\t\t<section class=\"elementor-section elementor-top-section elementor-element elementor-element-0e7b611 elementor-section-boxed elementor-section-height-default elementor-section-height-default\" data-id=\"0e7b611\" data-element_type=\"section\">\n\t\t\t\t\t\t<div class=\"elementor-container elementor-column-gap-default\">\n\t\t\t\t\t<div class=\"elementor-column elementor-col-100 elementor-top-column elementor-element elementor-element-6f8f53d\" data-id=\"6f8f53d\" data-element_type=\"column\">\n\t\t\t<div class=\"elementor-widget-wrap elementor-element-populated\">\n\t\t\t\t\t\t<div class=\"elementor-element elementor-element-75b68a2 elementor-widget elementor-widget-text-editor\" data-id=\"75b68a2\" data-element_type=\"widget\" data-widget_type=\"text-editor.default\">\n\t\t\t\t<div class=\"elementor-widget-container\">\n\t\t\t\t\t\t\t\t\t<p>La commune de Foundiougne, dans l&rsquo;ouest du S\u00e9n\u00e9gal, est un centre commercial en pleine croissance. La ville a un potentiel \u00e9conomique avec de bonnes infrastructures et services, et la population est en croissance. Un syst\u00e8me \u00e9ducatif d\u00e9j\u00e0 bien \u00e9tabli est fr\u00e9quent\u00e9 par un grand nombre d&rsquo;\u00e9l\u00e8ves et d&rsquo;\u00e9tudiants, et c&rsquo;est exactement par l\u00e0 que nous avons voulu commencer avec ce projet.<\/p>\n\t\t\t\t\t\t\t\t<\/div>\n\t\t\t\t<\/div>\n\t\t\t\t\t<\/div>\n\t\t<\/div>\n\t\t\t\t\t<\/div>\n\t\t<\/section>\n\t\t\t\t<section class=\"elementor-section elementor-top-section elementor-element elementor-element-2fdd274 elementor-section-boxed elementor-section-height-default elementor-section-height-default\" data-id=\"2fdd274\" data-element_type=\"section\">\n\t\t\t\t\t\t<div class=\"elementor-container elementor-column-gap-default\">\n\t\t\t\t\t<div class=\"elementor-column elementor-col-50 elementor-top-column elementor-element elementor-element-e62d459\" data-id=\"e62d459\" data-element_type=\"column\">\n\t\t\t<div class=\"elementor-widget-wrap elementor-element-populated\">\n\t\t\t\t\t\t<div class=\"elementor-element elementor-element-2c1874c elementor-widget elementor-widget-image\" data-id=\"2c1874c\" data-element_type=\"widget\" data-widget_type=\"image.default\">\n\t\t\t\t<div class=\"elementor-widget-container\">\n\t\t\t\t\t\t\t\t\t\t\t\t\t\t\t<img fetchpriority=\"high\" decoding=\"async\" width=\"408\" height=\"545\" src=\"https:\/\/you-stiftung.de\/wp-content\/uploads\/2023\/07\/IMG_7816-3-408x545-1.jpeg\" class=\"attachment-full size-full wp-image-16484\" alt=\"IMG 7816 3 408x545 1\" srcset=\"https:\/\/you-stiftung.de\/wp-content\/uploads\/2023\/07\/IMG_7816-3-408x545-1.jpeg 408w, https:\/\/you-stiftung.de\/wp-content\/uploads\/2023\/07\/IMG_7816-3-408x545-1-225x300.jpeg 225w\" sizes=\"(max-width: 408px) 100vw, 408px\" \/>\t\t\t\t\t\t\t\t\t\t\t\t\t\t\t<\/div>\n\t\t\t\t<\/div>\n\t\t\t\t\t<\/div>\n\t\t<\/div>\n\t\t\t\t<div class=\"elementor-column elementor-col-50 elementor-top-column elementor-element elementor-element-f741a43\" data-id=\"f741a43\" data-element_type=\"column\">\n\t\t\t<div class=\"elementor-widget-wrap elementor-element-populated\">\n\t\t\t\t\t\t<div class=\"elementor-element elementor-element-0c476a5 elementor-widget elementor-widget-text-editor\" data-id=\"0c476a5\" data-element_type=\"widget\" data-widget_type=\"text-editor.default\">\n\t\t\t\t<div class=\"elementor-widget-container\">\n\t\t\t\t\t\t\t\t\t<p>La communaut\u00e9 est de plus en plus confront\u00e9e aux d\u00e9fis du changement climatique. Leurs \u00e9cosyst\u00e8mes sont gravement menac\u00e9s par la d\u00e9vastation du paysage, le manque de sensibilisation \u00e0 l&rsquo;hygi\u00e8ne et l&rsquo;augmentation des d\u00e9chets plastiques. Il est urgent de promouvoir le changement social et en particulier la protection de l&rsquo;environnement en sensibilisant \u00e0 la nature et en utilisant les ressources naturelles.<\/p>\n<p>L&rsquo;objectif du projet est de promouvoir le d\u00e9veloppement d&rsquo;attitudes, de comp\u00e9tences et de responsabilit\u00e9s positives pour la protection et la pr\u00e9servation de l&rsquo;environnement, en particulier chez les enfants et les jeunes.<\/p>\n\t\t\t\t\t\t\t\t<\/div>\n\t\t\t\t<\/div>\n\t\t\t\t\t<\/div>\n\t\t<\/div>\n\t\t\t\t\t<\/div>\n\t\t<\/section>\n\t\t\t\t<section class=\"elementor-section elementor-top-section elementor-element elementor-element-4ba00c0 elementor-section-boxed elementor-section-height-default elementor-section-height-default\" data-id=\"4ba00c0\" data-element_type=\"section\">\n\t\t\t\t\t\t<div class=\"elementor-container elementor-column-gap-default\">\n\t\t\t\t\t<div class=\"elementor-column elementor-col-100 elementor-top-column elementor-element elementor-element-00acfe1\" data-id=\"00acfe1\" data-element_type=\"column\">\n\t\t\t<div class=\"elementor-widget-wrap elementor-element-populated\">\n\t\t\t\t\t\t<div class=\"elementor-element elementor-element-003c3c9 elementor-widget elementor-widget-text-editor\" data-id=\"003c3c9\" data-element_type=\"widget\" data-widget_type=\"text-editor.default\">\n\t\t\t\t<div class=\"elementor-widget-container\">\n\t\t\t\t\t\t\t\t\t<p>Dans le cadre du projet, \u00ab l&rsquo;\u00e9ducation \u00e0 l&rsquo;environnement \u00bb a \u00e9t\u00e9 int\u00e9gr\u00e9e au cursus de 4 \u00e9coles pilotes :<\/p>\n<ul>\n<li>Formation des enseignants aux connaissances sur la nature et l&rsquo;environnement<\/li>\n<li>Production de mat\u00e9riel p\u00e9dagogique comme guide pour les enseignants &#8211; cela sera mis \u00e0 la disposition de l&rsquo;inspection acad\u00e9mique au niveau national pour que toutes les \u00e9coles y aient acc\u00e8s<\/li>\n<li>Annonce du projet environnemental<br \/>\nConstruction de jardins scolaires pour les cours et pour l&rsquo;autosuffisance<\/li>\n<li>Unit\u00e9s d&rsquo;enseignement sur les th\u00e8mes de la culture, de l&rsquo;\u00e9levage et de la r\u00e9colte, de l&rsquo;importance des plantes pour l&rsquo;habitat, de l&rsquo;identification des esp\u00e8ces animales et v\u00e9g\u00e9tales<\/li>\n<li>Des activit\u00e9s de reverdissent et d&rsquo;am\u00e9nagement des espaces publics ont \u00e9t\u00e9 planifi\u00e9es et effectivement r\u00e9alis\u00e9es.<\/li>\n<\/ul>\n\t\t\t\t\t\t\t\t<\/div>\n\t\t\t\t<\/div>\n\t\t\t\t\t<\/div>\n\t\t<\/div>\n\t\t\t\t\t<\/div>\n\t\t<\/section>\n\t\t\t\t<section class=\"elementor-section elementor-top-section elementor-element elementor-element-84812ca elementor-section-boxed elementor-section-height-default elementor-section-height-default\" data-id=\"84812ca\" data-element_type=\"section\">\n\t\t\t\t\t\t<div class=\"elementor-container elementor-column-gap-default\">\n\t\t\t\t\t<div class=\"elementor-column elementor-col-50 elementor-top-column elementor-element elementor-element-71187c0\" data-id=\"71187c0\" data-element_type=\"column\">\n\t\t\t<div class=\"elementor-widget-wrap elementor-element-populated\">\n\t\t\t\t\t\t<div class=\"elementor-element elementor-element-6ecc438 elementor-widget elementor-widget-ova_image_text\" data-id=\"6ecc438\" data-element_type=\"widget\" data-widget_type=\"ova_image_text.default\">\n\t\t\t\t<div class=\"elementor-widget-container\">\n\t\t\t\t\t\t\t\n\t\t\t\t\t<div class=\"ova-image-text_v3\">\n\t\t\t\t<div class=\"image-box-normal\">\n\t\t\t\t\t<div class=\"img-box\">\n\t\t\t\t\t\t<img decoding=\"async\" src=\"https:\/\/you-stiftung.de\/wp-content\/uploads\/2023\/07\/IMG_1313-545x409-1.jpeg\" alt=\"\">\n\t\t\t\t\t<\/div>\n\t\t\t\t\t<div class=\"content\">\n\t\t\t\t\t\t<h3 class=\"title\"><\/h3>\n\t\t\t\t\t<\/div>\n\t\t\t\t<\/div>\n\t\t\t\t<div class=\"image-box-hover\">\n\t\t\t\t\t<div class=\"img-box-hover\">\n\t\t\t\t\t\t<img decoding=\"async\" src=\"https:\/\/you-stiftung.de\/wp-content\/uploads\/2023\/07\/IMG_1313-545x409-1.jpeg\" alt=\"\">\n\t\t\t\t\t\t<div class=\"content-hover\">\n\t\t\t\t\t\t\t<div class=\"icon\"><span class=\"\"><\/span><\/div>\n\t\t\t\t\t\t\t<h3 class=\"title-hover\"><a href=\"\"><\/a><\/h3>\n\t\t\t\t\t\t\t<p class=\"text\"><\/p>\n\t\t\t\t\t\t<\/div>\n\t\t\t\t\t<\/div>\n\t\t\t\t<\/div>\n\t\t\t<\/div>\n\n\t\t\t\t\t\t<\/div>\n\t\t\t\t<\/div>\n\t\t\t\t\t<\/div>\n\t\t<\/div>\n\t\t\t\t<div class=\"elementor-column elementor-col-50 elementor-top-column elementor-element elementor-element-1ea74f2\" data-id=\"1ea74f2\" data-element_type=\"column\">\n\t\t\t<div class=\"elementor-widget-wrap elementor-element-populated\">\n\t\t\t\t\t\t<div class=\"elementor-element elementor-element-fa58448 elementor-widget elementor-widget-ova_image_text\" data-id=\"fa58448\" data-element_type=\"widget\" data-widget_type=\"ova_image_text.default\">\n\t\t\t\t<div class=\"elementor-widget-container\">\n\t\t\t\t\t\t\t\n\t\t\t\t\t<div class=\"ova-image-text_v3\">\n\t\t\t\t<div class=\"image-box-normal\">\n\t\t\t\t\t<div class=\"img-box\">\n\t\t\t\t\t\t<img decoding=\"async\" src=\"https:\/\/you-stiftung.de\/wp-content\/uploads\/2023\/07\/IMG_5394-545x409-1.jpeg\" alt=\"\">\n\t\t\t\t\t<\/div>\n\t\t\t\t\t<div class=\"content\">\n\t\t\t\t\t\t<h3 class=\"title\"><\/h3>\n\t\t\t\t\t<\/div>\n\t\t\t\t<\/div>\n\t\t\t\t<div class=\"image-box-hover\">\n\t\t\t\t\t<div class=\"img-box-hover\">\n\t\t\t\t\t\t<img decoding=\"async\" src=\"https:\/\/you-stiftung.de\/wp-content\/uploads\/2023\/07\/IMG_5394-545x409-1.jpeg\" alt=\"\">\n\t\t\t\t\t\t<div class=\"content-hover\">\n\t\t\t\t\t\t\t<div class=\"icon\"><span class=\"\"><\/span><\/div>\n\t\t\t\t\t\t\t<h3 class=\"title-hover\"><a href=\"\"><\/a><\/h3>\n\t\t\t\t\t\t\t<p class=\"text\"><\/p>\n\t\t\t\t\t\t<\/div>\n\t\t\t\t\t<\/div>\n\t\t\t\t<\/div>\n\t\t\t<\/div>\n\n\t\t\t\t\t\t<\/div>\n\t\t\t\t<\/div>\n\t\t\t\t\t<\/div>\n\t\t<\/div>\n\t\t\t\t\t<\/div>\n\t\t<\/section>\n\t\t\t\t<section class=\"elementor-section elementor-top-section elementor-element elementor-element-936a6a9 elementor-section-boxed elementor-section-height-default elementor-section-height-default\" data-id=\"936a6a9\" data-element_type=\"section\">\n\t\t\t\t\t\t<div class=\"elementor-container elementor-column-gap-default\">\n\t\t\t\t\t<div class=\"elementor-column elementor-col-100 elementor-top-column elementor-element elementor-element-6085f08\" data-id=\"6085f08\" data-element_type=\"column\">\n\t\t\t<div class=\"elementor-widget-wrap elementor-element-populated\">\n\t\t\t\t\t\t<div class=\"elementor-element elementor-element-9a5d00d elementor-widget elementor-widget-text-editor\" data-id=\"9a5d00d\" data-element_type=\"widget\" data-widget_type=\"text-editor.default\">\n\t\t\t\t<div class=\"elementor-widget-container\">\n\t\t\t\t\t\t\t\t\t<p>Les \u00e9l\u00e8ves, les parents et la communaut\u00e9 sont impliqu\u00e9s en encourageant l&rsquo;engagement envers le nettoyage, le tri et l&rsquo;\u00e9limination appropri\u00e9e des d\u00e9chets. L&rsquo;approche participative implique toute la communaut\u00e9 et encourage la responsabilit\u00e9 personnelle.<\/p>\n<p>La construction d&rsquo;une p\u00e9pini\u00e8re, \u00e0 des fins de formation et de plantation fait partie du p\u00e9rim\u00e8tre des travaux du projet.<\/p>\n<p>Dans l&rsquo;ensemble, les diverses activit\u00e9s ont d\u00e9j\u00e0 entra\u00een\u00e9 un changement de comportement vis-\u00e0-vis de la nature et \u00e9galement dans l&rsquo;\u00e9limination des d\u00e9chets, et la conscience environnementale s&rsquo;est tr\u00e8s bien renforc\u00e9e.<\/p>\n<p>Les \u00e9tudiants ont chang\u00e9 leur comportement traditionnel d&rsquo;\u00e9limination des d\u00e9chets nuisible au climat et balayent, nettoient, trient et \u00e9liminent les d\u00e9chets de mani\u00e8re \u00e9cologique.<\/p>\n\t\t\t\t\t\t\t\t<\/div>\n\t\t\t\t<\/div>\n\t\t\t\t\t<\/div>\n\t\t<\/div>\n\t\t\t\t\t<\/div>\n\t\t<\/section>\n\t\t\t\t<section class=\"elementor-section elementor-top-section elementor-element elementor-element-c8718e4 elementor-section-boxed elementor-section-height-default elementor-section-height-default\" data-id=\"c8718e4\" data-element_type=\"section\">\n\t\t\t\t\t\t<div class=\"elementor-container elementor-column-gap-default\">\n\t\t\t\t\t<div class=\"elementor-column elementor-col-100 elementor-top-column elementor-element elementor-element-cd0b455\" data-id=\"cd0b455\" data-element_type=\"column\">\n\t\t\t<div class=\"elementor-widget-wrap elementor-element-populated\">\n\t\t\t\t\t\t<div class=\"elementor-element elementor-element-162f4fd elementor-widget elementor-widget-image\" data-id=\"162f4fd\" data-element_type=\"widget\" data-widget_type=\"image.default\">\n\t\t\t\t<div class=\"elementor-widget-container\">\n\t\t\t\t\t\t\t\t\t\t\t\t\t\t\t<img decoding=\"async\" width=\"545\" height=\"409\" src=\"https:\/\/you-stiftung.de\/wp-content\/uploads\/2023\/07\/IMG_0631-545x409-1.jpeg\" class=\"attachment-large size-large wp-image-16493\" alt=\"IMG 0631 545x409 1\" srcset=\"https:\/\/you-stiftung.de\/wp-content\/uploads\/2023\/07\/IMG_0631-545x409-1.jpeg 545w, https:\/\/you-stiftung.de\/wp-content\/uploads\/2023\/07\/IMG_0631-545x409-1-300x225.jpeg 300w\" sizes=\"(max-width: 545px) 100vw, 545px\" \/>\t\t\t\t\t\t\t\t\t\t\t\t\t\t\t<\/div>\n\t\t\t\t<\/div>\n\t\t\t\t\t<\/div>\n\t\t<\/div>\n\t\t\t\t\t<\/div>\n\t\t<\/section>\n\t\t\t\t<section class=\"elementor-section elementor-top-section elementor-element elementor-element-528b4c4 elementor-section-boxed elementor-section-height-default elementor-section-height-default\" data-id=\"528b4c4\" data-element_type=\"section\">\n\t\t\t\t\t\t<div class=\"elementor-container elementor-column-gap-default\">\n\t\t\t\t\t<div class=\"elementor-column elementor-col-100 elementor-top-column elementor-element elementor-element-f07a82c\" data-id=\"f07a82c\" data-element_type=\"column\">\n\t\t\t<div class=\"elementor-widget-wrap elementor-element-populated\">\n\t\t\t\t\t\t<div class=\"elementor-element elementor-element-be32543 elementor-widget elementor-widget-text-editor\" data-id=\"be32543\" data-element_type=\"widget\" data-widget_type=\"text-editor.default\">\n\t\t\t\t<div class=\"elementor-widget-container\">\n\t\t\t\t\t\t\t\t\t<p>Les abords des \u00e9coles ont \u00e9t\u00e9 r\u00e9alis\u00e9s par des am\u00e9nagements paysagers &#8211; plus de 350 arbres ont \u00e9t\u00e9 plant\u00e9s &#8211; et des graffitis pour favoriser l&rsquo;\u00e9ducation.<\/p>\n<p>Les \u00e9l\u00e8ves participent r\u00e9guli\u00e8rement \u00e0 l&rsquo;entretien des cours et des installations de l&rsquo;\u00e9cole. L&rsquo;\u00e9cole a \u00e9t\u00e9 paysag\u00e9e et les infrastructures r\u00e9par\u00e9es.<\/p>\n<p>Un club d&rsquo;\u00e9ducation \u00e0 l&rsquo;environnement est cr\u00e9\u00e9 et des \u00e9coliers sont form\u00e9s au m\u00e9tier du recyclage. Un jardin botanique a \u00e9t\u00e9 cr\u00e9\u00e9 et est g\u00e9r\u00e9 par les \u00e9tudiants form\u00e9s.<\/p>\n<p>Afin d&rsquo;assurer l&rsquo;acceptation et la responsabilit\u00e9 personnelle du projet dans la communaut\u00e9 b\u00e9n\u00e9ficiaire, toutes les personnes impliqu\u00e9es dans les activit\u00e9s du club pour l&rsquo;environnement ont d&rsquo;abord \u00e9t\u00e9 r\u00e9unies. Ainsi, en plus des agences gouvernementales, des organisations communautaires, des associations de parents, des associations sportives et culturelles ont \u00e9t\u00e9 recrut\u00e9es pour travailler ensemble \u00e0 la protection de l&rsquo;environnement et des ressources naturelles, qui constituent la base de solutions durables pour le d\u00e9veloppement \u00e9conomique et communautaire. Ce projet commun conduit \u00e0 un lien fort entre les diff\u00e9rentes parties prenantes, qui jusqu&rsquo;\u00e0 pr\u00e9sent s&rsquo;est non seulement refl\u00e9t\u00e9 dans la r\u00e9alisation de la mission du projet, mais aussi dans la communication valorisante au-del\u00e0 de la dur\u00e9e du projet.<\/p>\n<p>Le projet se poursuivra sur le long terme afin de s\u00e9curiser les investissements futurs dans l&rsquo;\u00e9conomie locale et d&rsquo;am\u00e9liorer la sant\u00e9 \u00e0 travers les projets. La communaut\u00e9 continuera \u00e0 contrer positivement les impacts environnementaux n\u00e9gatifs de l&rsquo;urbanisation, de la croissance d\u00e9mographique et de la reprise \u00e9conomique gr\u00e2ce \u00e0 cet exemple de projet. Les enfants et les enseignants deviennent des \u00ab\u00a0agents de chance\u00a0\u00bb pour provoquer un changement de comportement efficace et durable. Une formation compl\u00e9mentaire et des cursus \u00e9largis contribuent \u00e9galement \u00e0 la p\u00e9rennit\u00e9 du projet \u00e0 long terme. A terme, ce projet peut aussi avoir une influence globale sur d&rsquo;autres communes et un transfert de savoir-faire peut avoir lieu.<\/p>\n\t\t\t\t\t\t\t\t<\/div>\n\t\t\t\t<\/div>\n\t\t\t\t\t<\/div>\n\t\t<\/div>\n\t\t\t\t\t<\/div>\n\t\t<\/section>\n\t\t\t\t<\/div>\n\t\t","protected":false},"excerpt":{"rendered":"<p>PROMOTION DE LA CONSCIENCE ENVIRONNEMENTALE ET DE LA RESPONSABILIT\u00c9 SOCIALE La commune de Foundiougne, dans l&rsquo;ouest du S\u00e9n\u00e9gal, est un centre commercial en pleine croissance. La ville a un potentiel \u00e9conomique avec de bonnes infrastructures et services, et la population est en croissance. Un syst\u00e8me \u00e9ducatif d\u00e9j\u00e0 bien \u00e9tabli est fr\u00e9quent\u00e9 par un grand nombre [&hellip;]<\/p>\n","protected":false},"author":17,"featured_media":16479,"comment_status":"closed","ping_status":"closed","sticky":false,"template":"","format":"standard","meta":{"footnotes":""},"categories":[447,443],"tags":[],"class_list":["post-16499","post","type-post","status-publish","format-standard","has-post-thumbnail","hentry","category-general-fr","category-non-classifiee"],"yoast_head":"<!-- This site is optimized with the Yoast SEO plugin v27.4 - https:\/\/yoast.com\/product\/yoast-seo-wordpress\/ -->\n<title>CITOYENNET\u00c9 VERTE \u2013 CITOYENNET\u00c9 RESPONSABLE DE L&#039;ENVIRONNEMENT &#8211; You Stiftung<\/title>\n<meta name=\"robots\" content=\"index, follow, max-snippet:-1, max-image-preview:large, max-video-preview:-1\" \/>\n<link rel=\"canonical\" href=\"https:\/\/you-stiftung.de\/fr\/citoyennete-verte-citoyennete-responsable-de-lenvironnement\/\" \/>\n<meta property=\"og:locale\" content=\"fr_FR\" \/>\n<meta property=\"og:type\" content=\"article\" \/>\n<meta property=\"og:title\" content=\"CITOYENNET\u00c9 VERTE \u2013 CITOYENNET\u00c9 RESPONSABLE DE L&#039;ENVIRONNEMENT &#8211; You Stiftung\" \/>\n<meta property=\"og:description\" content=\"PROMOTION DE LA CONSCIENCE ENVIRONNEMENTALE ET DE LA RESPONSABILIT\u00c9 SOCIALE La commune de Foundiougne, dans l&rsquo;ouest du S\u00e9n\u00e9gal, est un centre commercial en pleine croissance. La ville a un potentiel \u00e9conomique avec de bonnes infrastructures et services, et la population est en croissance. Un syst\u00e8me \u00e9ducatif d\u00e9j\u00e0 bien \u00e9tabli est fr\u00e9quent\u00e9 par un grand nombre [&hellip;]\" \/>\n<meta property=\"og:url\" content=\"https:\/\/you-stiftung.de\/fr\/citoyennete-verte-citoyennete-responsable-de-lenvironnement\/\" \/>\n<meta property=\"og:site_name\" content=\"You Stiftung\" \/>\n<meta property=\"article:publisher\" content=\"https:\/\/www.facebook.com\/youstiftung\" \/>\n<meta property=\"article:published_time\" content=\"2023-04-06T11:16:53+00:00\" \/>\n<meta property=\"article:modified_time\" content=\"2023-07-31T11:42:11+00:00\" \/>\n<meta property=\"og:image\" content=\"https:\/\/you-stiftung.de\/wp-content\/uploads\/2023\/07\/Green-Citizenship.png\" \/>\n\t<meta property=\"og:image:width\" content=\"1000\" \/>\n\t<meta property=\"og:image:height\" content=\"340\" \/>\n\t<meta property=\"og:image:type\" content=\"image\/png\" \/>\n<meta name=\"author\" content=\"ayoub\" \/>\n<meta name=\"twitter:card\" content=\"summary_large_image\" \/>\n<meta name=\"twitter:label1\" content=\"\u00c9crit par\" \/>\n\t<meta name=\"twitter:data1\" content=\"ayoub\" \/>\n\t<meta name=\"twitter:label2\" content=\"Dur\u00e9e de lecture estim\u00e9e\" \/>\n\t<meta name=\"twitter:data2\" content=\"4 minutes\" \/>\n<script type=\"application\/ld+json\" class=\"yoast-schema-graph\">{\"@context\":\"https:\\\/\\\/schema.org\",\"@graph\":[{\"@type\":\"Article\",\"@id\":\"https:\\\/\\\/you-stiftung.de\\\/fr\\\/citoyennete-verte-citoyennete-responsable-de-lenvironnement\\\/#article\",\"isPartOf\":{\"@id\":\"https:\\\/\\\/you-stiftung.de\\\/fr\\\/citoyennete-verte-citoyennete-responsable-de-lenvironnement\\\/\"},\"author\":{\"name\":\"ayoub\",\"@id\":\"https:\\\/\\\/you-stiftung.de\\\/#\\\/schema\\\/person\\\/f6ecfd5747199a2c2c8da55913d6de12\"},\"headline\":\"CITOYENNET\u00c9 VERTE \u2013 CITOYENNET\u00c9 RESPONSABLE DE L&rsquo;ENVIRONNEMENT\",\"datePublished\":\"2023-04-06T11:16:53+00:00\",\"dateModified\":\"2023-07-31T11:42:11+00:00\",\"mainEntityOfPage\":{\"@id\":\"https:\\\/\\\/you-stiftung.de\\\/fr\\\/citoyennete-verte-citoyennete-responsable-de-lenvironnement\\\/\"},\"wordCount\":802,\"publisher\":{\"@id\":\"https:\\\/\\\/you-stiftung.de\\\/#organization\"},\"image\":{\"@id\":\"https:\\\/\\\/you-stiftung.de\\\/fr\\\/citoyennete-verte-citoyennete-responsable-de-lenvironnement\\\/#primaryimage\"},\"thumbnailUrl\":\"https:\\\/\\\/you-stiftung.de\\\/wp-content\\\/uploads\\\/2023\\\/07\\\/Green-Citizenship.png\",\"articleSection\":[\"general\",\"Non classifi\u00e9(e)\"],\"inLanguage\":\"fr-FR\"},{\"@type\":\"WebPage\",\"@id\":\"https:\\\/\\\/you-stiftung.de\\\/fr\\\/citoyennete-verte-citoyennete-responsable-de-lenvironnement\\\/\",\"url\":\"https:\\\/\\\/you-stiftung.de\\\/fr\\\/citoyennete-verte-citoyennete-responsable-de-lenvironnement\\\/\",\"name\":\"CITOYENNET\u00c9 VERTE \u2013 CITOYENNET\u00c9 RESPONSABLE DE L'ENVIRONNEMENT &#8211; You Stiftung\",\"isPartOf\":{\"@id\":\"https:\\\/\\\/you-stiftung.de\\\/#website\"},\"primaryImageOfPage\":{\"@id\":\"https:\\\/\\\/you-stiftung.de\\\/fr\\\/citoyennete-verte-citoyennete-responsable-de-lenvironnement\\\/#primaryimage\"},\"image\":{\"@id\":\"https:\\\/\\\/you-stiftung.de\\\/fr\\\/citoyennete-verte-citoyennete-responsable-de-lenvironnement\\\/#primaryimage\"},\"thumbnailUrl\":\"https:\\\/\\\/you-stiftung.de\\\/wp-content\\\/uploads\\\/2023\\\/07\\\/Green-Citizenship.png\",\"datePublished\":\"2023-04-06T11:16:53+00:00\",\"dateModified\":\"2023-07-31T11:42:11+00:00\",\"breadcrumb\":{\"@id\":\"https:\\\/\\\/you-stiftung.de\\\/fr\\\/citoyennete-verte-citoyennete-responsable-de-lenvironnement\\\/#breadcrumb\"},\"inLanguage\":\"fr-FR\",\"potentialAction\":[{\"@type\":\"ReadAction\",\"target\":[\"https:\\\/\\\/you-stiftung.de\\\/fr\\\/citoyennete-verte-citoyennete-responsable-de-lenvironnement\\\/\"]}]},{\"@type\":\"ImageObject\",\"inLanguage\":\"fr-FR\",\"@id\":\"https:\\\/\\\/you-stiftung.de\\\/fr\\\/citoyennete-verte-citoyennete-responsable-de-lenvironnement\\\/#primaryimage\",\"url\":\"https:\\\/\\\/you-stiftung.de\\\/wp-content\\\/uploads\\\/2023\\\/07\\\/Green-Citizenship.png\",\"contentUrl\":\"https:\\\/\\\/you-stiftung.de\\\/wp-content\\\/uploads\\\/2023\\\/07\\\/Green-Citizenship.png\",\"width\":1000,\"height\":340,\"caption\":\"Green Citizenship\"},{\"@type\":\"BreadcrumbList\",\"@id\":\"https:\\\/\\\/you-stiftung.de\\\/fr\\\/citoyennete-verte-citoyennete-responsable-de-lenvironnement\\\/#breadcrumb\",\"itemListElement\":[{\"@type\":\"ListItem\",\"position\":1,\"name\":\"Home\",\"item\":\"https:\\\/\\\/you-stiftung.de\\\/fr\\\/accueil-fr\\\/\"},{\"@type\":\"ListItem\",\"position\":2,\"name\":\"CITOYENNET\u00c9 VERTE \u2013 CITOYENNET\u00c9 RESPONSABLE DE L&#8217;ENVIRONNEMENT\"}]},{\"@type\":\"WebSite\",\"@id\":\"https:\\\/\\\/you-stiftung.de\\\/#website\",\"url\":\"https:\\\/\\\/you-stiftung.de\\\/\",\"name\":\"YOU Stiftung\",\"description\":\"Bildung f\u00fcr Kinder in Not\",\"publisher\":{\"@id\":\"https:\\\/\\\/you-stiftung.de\\\/#organization\"},\"potentialAction\":[{\"@type\":\"SearchAction\",\"target\":{\"@type\":\"EntryPoint\",\"urlTemplate\":\"https:\\\/\\\/you-stiftung.de\\\/?s={search_term_string}\"},\"query-input\":{\"@type\":\"PropertyValueSpecification\",\"valueRequired\":true,\"valueName\":\"search_term_string\"}}],\"inLanguage\":\"fr-FR\"},{\"@type\":\"Organization\",\"@id\":\"https:\\\/\\\/you-stiftung.de\\\/#organization\",\"name\":\"YOU Stiftung\",\"url\":\"https:\\\/\\\/you-stiftung.de\\\/\",\"logo\":{\"@type\":\"ImageObject\",\"inLanguage\":\"fr-FR\",\"@id\":\"https:\\\/\\\/you-stiftung.de\\\/#\\\/schema\\\/logo\\\/image\\\/\",\"url\":\"https:\\\/\\\/you-stiftung.de\\\/wp-content\\\/uploads\\\/2021\\\/02\\\/YOU_Logo_pos_RGB_deutsch_RZ.png\",\"contentUrl\":\"https:\\\/\\\/you-stiftung.de\\\/wp-content\\\/uploads\\\/2021\\\/02\\\/YOU_Logo_pos_RGB_deutsch_RZ.png\",\"width\":729,\"height\":449,\"caption\":\"YOU Stiftung\"},\"image\":{\"@id\":\"https:\\\/\\\/you-stiftung.de\\\/#\\\/schema\\\/logo\\\/image\\\/\"},\"sameAs\":[\"https:\\\/\\\/www.facebook.com\\\/youstiftung\",\"https:\\\/\\\/www.instagram.com\\\/youstiftung\"]},{\"@type\":\"Person\",\"@id\":\"https:\\\/\\\/you-stiftung.de\\\/#\\\/schema\\\/person\\\/f6ecfd5747199a2c2c8da55913d6de12\",\"name\":\"ayoub\",\"url\":\"https:\\\/\\\/you-stiftung.de\\\/fr\\\/author\\\/ayoub\\\/\"}]}<\/script>\n<!-- \/ Yoast SEO plugin. -->","yoast_head_json":{"title":"CITOYENNET\u00c9 VERTE \u2013 CITOYENNET\u00c9 RESPONSABLE DE L'ENVIRONNEMENT &#8211; You Stiftung","robots":{"index":"index","follow":"follow","max-snippet":"max-snippet:-1","max-image-preview":"max-image-preview:large","max-video-preview":"max-video-preview:-1"},"canonical":"https:\/\/you-stiftung.de\/fr\/citoyennete-verte-citoyennete-responsable-de-lenvironnement\/","og_locale":"fr_FR","og_type":"article","og_title":"CITOYENNET\u00c9 VERTE \u2013 CITOYENNET\u00c9 RESPONSABLE DE L'ENVIRONNEMENT &#8211; You Stiftung","og_description":"PROMOTION DE LA CONSCIENCE ENVIRONNEMENTALE ET DE LA RESPONSABILIT\u00c9 SOCIALE La commune de Foundiougne, dans l&rsquo;ouest du S\u00e9n\u00e9gal, est un centre commercial en pleine croissance. La ville a un potentiel \u00e9conomique avec de bonnes infrastructures et services, et la population est en croissance. Un syst\u00e8me \u00e9ducatif d\u00e9j\u00e0 bien \u00e9tabli est fr\u00e9quent\u00e9 par un grand nombre [&hellip;]","og_url":"https:\/\/you-stiftung.de\/fr\/citoyennete-verte-citoyennete-responsable-de-lenvironnement\/","og_site_name":"You Stiftung","article_publisher":"https:\/\/www.facebook.com\/youstiftung","article_published_time":"2023-04-06T11:16:53+00:00","article_modified_time":"2023-07-31T11:42:11+00:00","og_image":[{"width":1000,"height":340,"url":"https:\/\/you-stiftung.de\/wp-content\/uploads\/2023\/07\/Green-Citizenship.png","type":"image\/png"}],"author":"ayoub","twitter_card":"summary_large_image","twitter_misc":{"\u00c9crit par":"ayoub","Dur\u00e9e de lecture estim\u00e9e":"4 minutes"},"schema":{"@context":"https:\/\/schema.org","@graph":[{"@type":"Article","@id":"https:\/\/you-stiftung.de\/fr\/citoyennete-verte-citoyennete-responsable-de-lenvironnement\/#article","isPartOf":{"@id":"https:\/\/you-stiftung.de\/fr\/citoyennete-verte-citoyennete-responsable-de-lenvironnement\/"},"author":{"name":"ayoub","@id":"https:\/\/you-stiftung.de\/#\/schema\/person\/f6ecfd5747199a2c2c8da55913d6de12"},"headline":"CITOYENNET\u00c9 VERTE \u2013 CITOYENNET\u00c9 RESPONSABLE DE L&rsquo;ENVIRONNEMENT","datePublished":"2023-04-06T11:16:53+00:00","dateModified":"2023-07-31T11:42:11+00:00","mainEntityOfPage":{"@id":"https:\/\/you-stiftung.de\/fr\/citoyennete-verte-citoyennete-responsable-de-lenvironnement\/"},"wordCount":802,"publisher":{"@id":"https:\/\/you-stiftung.de\/#organization"},"image":{"@id":"https:\/\/you-stiftung.de\/fr\/citoyennete-verte-citoyennete-responsable-de-lenvironnement\/#primaryimage"},"thumbnailUrl":"https:\/\/you-stiftung.de\/wp-content\/uploads\/2023\/07\/Green-Citizenship.png","articleSection":["general","Non classifi\u00e9(e)"],"inLanguage":"fr-FR"},{"@type":"WebPage","@id":"https:\/\/you-stiftung.de\/fr\/citoyennete-verte-citoyennete-responsable-de-lenvironnement\/","url":"https:\/\/you-stiftung.de\/fr\/citoyennete-verte-citoyennete-responsable-de-lenvironnement\/","name":"CITOYENNET\u00c9 VERTE \u2013 CITOYENNET\u00c9 RESPONSABLE DE L'ENVIRONNEMENT &#8211; You Stiftung","isPartOf":{"@id":"https:\/\/you-stiftung.de\/#website"},"primaryImageOfPage":{"@id":"https:\/\/you-stiftung.de\/fr\/citoyennete-verte-citoyennete-responsable-de-lenvironnement\/#primaryimage"},"image":{"@id":"https:\/\/you-stiftung.de\/fr\/citoyennete-verte-citoyennete-responsable-de-lenvironnement\/#primaryimage"},"thumbnailUrl":"https:\/\/you-stiftung.de\/wp-content\/uploads\/2023\/07\/Green-Citizenship.png","datePublished":"2023-04-06T11:16:53+00:00","dateModified":"2023-07-31T11:42:11+00:00","breadcrumb":{"@id":"https:\/\/you-stiftung.de\/fr\/citoyennete-verte-citoyennete-responsable-de-lenvironnement\/#breadcrumb"},"inLanguage":"fr-FR","potentialAction":[{"@type":"ReadAction","target":["https:\/\/you-stiftung.de\/fr\/citoyennete-verte-citoyennete-responsable-de-lenvironnement\/"]}]},{"@type":"ImageObject","inLanguage":"fr-FR","@id":"https:\/\/you-stiftung.de\/fr\/citoyennete-verte-citoyennete-responsable-de-lenvironnement\/#primaryimage","url":"https:\/\/you-stiftung.de\/wp-content\/uploads\/2023\/07\/Green-Citizenship.png","contentUrl":"https:\/\/you-stiftung.de\/wp-content\/uploads\/2023\/07\/Green-Citizenship.png","width":1000,"height":340,"caption":"Green Citizenship"},{"@type":"BreadcrumbList","@id":"https:\/\/you-stiftung.de\/fr\/citoyennete-verte-citoyennete-responsable-de-lenvironnement\/#breadcrumb","itemListElement":[{"@type":"ListItem","position":1,"name":"Home","item":"https:\/\/you-stiftung.de\/fr\/accueil-fr\/"},{"@type":"ListItem","position":2,"name":"CITOYENNET\u00c9 VERTE \u2013 CITOYENNET\u00c9 RESPONSABLE DE L&#8217;ENVIRONNEMENT"}]},{"@type":"WebSite","@id":"https:\/\/you-stiftung.de\/#website","url":"https:\/\/you-stiftung.de\/","name":"YOU Stiftung","description":"Bildung f\u00fcr Kinder in Not","publisher":{"@id":"https:\/\/you-stiftung.de\/#organization"},"potentialAction":[{"@type":"SearchAction","target":{"@type":"EntryPoint","urlTemplate":"https:\/\/you-stiftung.de\/?s={search_term_string}"},"query-input":{"@type":"PropertyValueSpecification","valueRequired":true,"valueName":"search_term_string"}}],"inLanguage":"fr-FR"},{"@type":"Organization","@id":"https:\/\/you-stiftung.de\/#organization","name":"YOU Stiftung","url":"https:\/\/you-stiftung.de\/","logo":{"@type":"ImageObject","inLanguage":"fr-FR","@id":"https:\/\/you-stiftung.de\/#\/schema\/logo\/image\/","url":"https:\/\/you-stiftung.de\/wp-content\/uploads\/2021\/02\/YOU_Logo_pos_RGB_deutsch_RZ.png","contentUrl":"https:\/\/you-stiftung.de\/wp-content\/uploads\/2021\/02\/YOU_Logo_pos_RGB_deutsch_RZ.png","width":729,"height":449,"caption":"YOU Stiftung"},"image":{"@id":"https:\/\/you-stiftung.de\/#\/schema\/logo\/image\/"},"sameAs":["https:\/\/www.facebook.com\/youstiftung","https:\/\/www.instagram.com\/youstiftung"]},{"@type":"Person","@id":"https:\/\/you-stiftung.de\/#\/schema\/person\/f6ecfd5747199a2c2c8da55913d6de12","name":"ayoub","url":"https:\/\/you-stiftung.de\/fr\/author\/ayoub\/"}]}},"_links":{"self":[{"href":"https:\/\/you-stiftung.de\/fr\/wp-json\/wp\/v2\/posts\/16499","targetHints":{"allow":["GET"]}}],"collection":[{"href":"https:\/\/you-stiftung.de\/fr\/wp-json\/wp\/v2\/posts"}],"about":[{"href":"https:\/\/you-stiftung.de\/fr\/wp-json\/wp\/v2\/types\/post"}],"author":[{"embeddable":true,"href":"https:\/\/you-stiftung.de\/fr\/wp-json\/wp\/v2\/users\/17"}],"replies":[{"embeddable":true,"href":"https:\/\/you-stiftung.de\/fr\/wp-json\/wp\/v2\/comments?post=16499"}],"version-history":[{"count":1,"href":"https:\/\/you-stiftung.de\/fr\/wp-json\/wp\/v2\/posts\/16499\/revisions"}],"predecessor-version":[{"id":16500,"href":"https:\/\/you-stiftung.de\/fr\/wp-json\/wp\/v2\/posts\/16499\/revisions\/16500"}],"wp:featuredmedia":[{"embeddable":true,"href":"https:\/\/you-stiftung.de\/fr\/wp-json\/wp\/v2\/media\/16479"}],"wp:attachment":[{"href":"https:\/\/you-stiftung.de\/fr\/wp-json\/wp\/v2\/media?parent=16499"}],"wp:term":[{"taxonomy":"category","embeddable":true,"href":"https:\/\/you-stiftung.de\/fr\/wp-json\/wp\/v2\/categories?post=16499"},{"taxonomy":"post_tag","embeddable":true,"href":"https:\/\/you-stiftung.de\/fr\/wp-json\/wp\/v2\/tags?post=16499"}],"curies":[{"name":"wp","href":"https:\/\/api.w.org\/{rel}","templated":true}]}}