{"id":16368,"date":"2023-05-16T21:09:46","date_gmt":"2023-05-16T19:09:46","guid":{"rendered":"https:\/\/you-charity.de\/merci-a-rtl-nous-aidons-les-enfants-et-le-marathon-du-don-2022\/"},"modified":"2023-07-25T21:24:15","modified_gmt":"2023-07-25T19:24:15","slug":"merci-a-rtl-nous-aidons-les-enfants-et-le-marathon-du-don-2022","status":"publish","type":"post","link":"https:\/\/you-stiftung.de\/fr\/merci-a-rtl-nous-aidons-les-enfants-et-le-marathon-du-don-2022\/","title":{"rendered":"MERCI \u00c0 RTL &#8211; NOUS AIDONS LES ENFANTS ET LE MARATHON DU DON 2022"},"content":{"rendered":"\t\t<div data-elementor-type=\"wp-post\" data-elementor-id=\"16368\" class=\"elementor elementor-16368 elementor-16349\" data-elementor-post-type=\"post\">\n\t\t\t\t\t\t<section class=\"elementor-section elementor-top-section elementor-element elementor-element-e2f411a elementor-section-boxed elementor-section-height-default elementor-section-height-default\" data-id=\"e2f411a\" data-element_type=\"section\">\n\t\t\t\t\t\t<div class=\"elementor-container elementor-column-gap-default\">\n\t\t\t\t\t<div class=\"elementor-column elementor-col-100 elementor-top-column elementor-element elementor-element-324284c\" data-id=\"324284c\" data-element_type=\"column\">\n\t\t\t<div class=\"elementor-widget-wrap elementor-element-populated\">\n\t\t\t\t\t\t<div class=\"elementor-element elementor-element-7b56974 elementor-widget elementor-widget-image\" data-id=\"7b56974\" data-element_type=\"widget\" data-widget_type=\"image.default\">\n\t\t\t\t<div class=\"elementor-widget-container\">\n\t\t\t\t\t\t\t\t\t\t\t\t\t\t\t<img decoding=\"async\" width=\"300\" height=\"71\" src=\"https:\/\/you-stiftung.de\/wp-content\/uploads\/2023\/07\/LogoWHK_neu2021_onair-300x71-1.jpeg\" class=\"attachment-large size-large wp-image-16356\" alt=\"LogoWHK neu2021 onair 300x71 1\" \/>\t\t\t\t\t\t\t\t\t\t\t\t\t\t\t<\/div>\n\t\t\t\t<\/div>\n\t\t\t\t\t<\/div>\n\t\t<\/div>\n\t\t\t\t\t<\/div>\n\t\t<\/section>\n\t\t\t\t<section class=\"elementor-section elementor-top-section elementor-element elementor-element-5252780 elementor-section-boxed elementor-section-height-default elementor-section-height-default\" data-id=\"5252780\" data-element_type=\"section\">\n\t\t\t\t\t\t<div class=\"elementor-container elementor-column-gap-default\">\n\t\t\t\t\t<div class=\"elementor-column elementor-col-100 elementor-top-column elementor-element elementor-element-98a6b49\" data-id=\"98a6b49\" data-element_type=\"column\">\n\t\t\t<div class=\"elementor-widget-wrap elementor-element-populated\">\n\t\t\t\t\t\t<div class=\"elementor-element elementor-element-7363997 elementor-widget elementor-widget-text-editor\" data-id=\"7363997\" data-element_type=\"widget\" data-widget_type=\"text-editor.default\">\n\t\t\t\t<div class=\"elementor-widget-container\">\n\t\t\t\t\t\t\t\t\t<p>Le grand don suppl\u00e9mentaire de 40 000 \u20ac va au projet d&rsquo;aide \u00ab\u00a0Aide humanitaire aux r\u00e9fugi\u00e9s et enfants ukrainiens en R\u00e9publique de Moldavie\u00a0\u00bb.<\/p>\n<p>Le 12 mai 2023, un \u00e9change d&rsquo;id\u00e9es a eu lieu \u00e0 Cologne avec toutes les organisations d&rsquo;aide \u00e0 l&rsquo;enfance soutenues par le marathon des dons RTL \u00e0 <strong>RTL &#8211; We help children<\/strong>. Il est toujours \u00e9mouvant de voir combien d&rsquo;\u00e9nergie, de c\u0153ur et d&rsquo;\u00e2me, l&rsquo;engagement urgent en faveur des enfants et des jeunes est mis en action dans une grande vari\u00e9t\u00e9 de domaines prioritaires.<\/p>\n<p><strong>La Fondation YOU \u2013 Education for Children<\/strong> in Need a re\u00e7u un ch\u00e8que de 40 000 \u20ac pour le projet \u00ab Aide humanitaire aux r\u00e9fugi\u00e9s et enfants ukrainiens en R\u00e9publique de Moldavie \u00bb.<\/p>\n<p>Le don \u00e0 notre association provient du 27e <strong>marathon du don RTL<\/strong>, diffus\u00e9 en novembre 2022. Avec plus de 43 millions d&rsquo;euros, la plus longue \u00e9mission caritative de l<strong>a t\u00e9l\u00e9vision allemande<\/strong> a r\u00e9colt\u00e9 plus de dons que jamais. \u00c0 ce stade, nous voudrions adresser un compliment particulier \u00e0 <strong>M. Wolfram Kons<\/strong>, <strong>Mme Anja N\u00fcrnberg<\/strong> et \u00e0 t<strong>oute l&rsquo;\u00e9quipe de la Fondation RTL<\/strong>, qui s&rsquo;acquittent de cet engagement depuis des d\u00e9cennies avec un engagement extraordinaire et un grand engagement.<\/p>\n\t\t\t\t\t\t\t\t<\/div>\n\t\t\t\t<\/div>\n\t\t\t\t\t<\/div>\n\t\t<\/div>\n\t\t\t\t\t<\/div>\n\t\t<\/section>\n\t\t\t\t<section class=\"elementor-section elementor-top-section elementor-element elementor-element-3683ed0 elementor-section-boxed elementor-section-height-default elementor-section-height-default\" data-id=\"3683ed0\" data-element_type=\"section\">\n\t\t\t\t\t\t<div class=\"elementor-container elementor-column-gap-default\">\n\t\t\t\t\t<div class=\"elementor-column elementor-col-100 elementor-top-column elementor-element elementor-element-772ccff\" data-id=\"772ccff\" data-element_type=\"column\">\n\t\t\t<div class=\"elementor-widget-wrap elementor-element-populated\">\n\t\t\t\t\t\t<div class=\"elementor-element elementor-element-8844d39 elementor-widget elementor-widget-heading\" data-id=\"8844d39\" data-element_type=\"widget\" data-widget_type=\"heading.default\">\n\t\t\t\t<div class=\"elementor-widget-container\">\n\t\t\t\t\t<h2 class=\"elementor-heading-title elementor-size-default\">\u00c0 un autre de nos projets d'aide en Moldavie\u00a0:<\/h2>\t\t\t\t<\/div>\n\t\t\t\t<\/div>\n\t\t\t\t\t<\/div>\n\t\t<\/div>\n\t\t\t\t\t<\/div>\n\t\t<\/section>\n\t\t\t\t<section class=\"elementor-section elementor-top-section elementor-element elementor-element-bcb71e5 elementor-section-boxed elementor-section-height-default elementor-section-height-default\" data-id=\"bcb71e5\" data-element_type=\"section\">\n\t\t\t\t\t\t<div class=\"elementor-container elementor-column-gap-default\">\n\t\t\t\t\t<div class=\"elementor-column elementor-col-100 elementor-top-column elementor-element elementor-element-42b122e\" data-id=\"42b122e\" data-element_type=\"column\">\n\t\t\t<div class=\"elementor-widget-wrap elementor-element-populated\">\n\t\t\t\t\t\t<div class=\"elementor-element elementor-element-462c2b7 elementor-widget elementor-widget-text-editor\" data-id=\"462c2b7\" data-element_type=\"widget\" data-widget_type=\"text-editor.default\">\n\t\t\t\t<div class=\"elementor-widget-container\">\n\t\t\t\t\t\t\t\t\t<p><a href=\"https:\/\/you-stiftung.de\/verteilung-der-spenden-fuer-gefluechtete-aus-der-ukraine-in-moldau-2022\/\">R\u00e9partition des dons pour les r\u00e9fugi\u00e9s d&rsquo;Ukraine en Moldavie 2022<\/a><\/p>\n\t\t\t\t\t\t\t\t<\/div>\n\t\t\t\t<\/div>\n\t\t\t\t\t<\/div>\n\t\t<\/div>\n\t\t\t\t\t<\/div>\n\t\t<\/section>\n\t\t\t\t<section class=\"elementor-section elementor-top-section elementor-element elementor-element-9eee564 elementor-section-boxed elementor-section-height-default elementor-section-height-default\" data-id=\"9eee564\" data-element_type=\"section\">\n\t\t\t\t\t\t<div class=\"elementor-container elementor-column-gap-default\">\n\t\t\t\t\t<div class=\"elementor-column elementor-col-100 elementor-top-column elementor-element elementor-element-1353920\" data-id=\"1353920\" data-element_type=\"column\">\n\t\t\t<div class=\"elementor-widget-wrap elementor-element-populated\">\n\t\t\t\t\t\t<div class=\"elementor-element elementor-element-b4da687 elementor-widget elementor-widget-text-editor\" data-id=\"b4da687\" data-element_type=\"widget\" data-widget_type=\"text-editor.default\">\n\t\t\t\t<div class=\"elementor-widget-container\">\n\t\t\t\t\t\t\t\t\t<p>Plus de 400 000 personnes ont fui la zone de guerre en Ukraine vers le pays extr\u00eamement pauvre de la Moldavie. Gr\u00e2ce aux dons de nos partenaires et sympathisants, la Fondation YOU &#8211; Education for Children in Need a pu organiser des transports d&rsquo;aide vers la capitale moldave Chisinau et de la nourriture, des aliments pour b\u00e9b\u00e9s, des couches, des fournitures scolaires, des articles d&rsquo;hygi\u00e8ne, des produits m\u00e9dicaux y ont \u00e9t\u00e9 distribu\u00e9s de mani\u00e8re contr\u00f4l\u00e9e avec l&rsquo;aide de la Commission nationale de <strong>l&rsquo;UNESCO Moldavie.<\/strong> La vid\u00e9o montre les personnes qui pourraient se voir redonner un morceau de dignit\u00e9 et donc un peu de bonheur gr\u00e2ce \u00e0 des dons.<\/p>\n<p><strong>Veuillez continuer \u00e0 assurer un soutien aux r\u00e9fugi\u00e9s ukrainiens en Moldavie avec la Fondation YOU &#8211; Education pour les enfants dans le besoin !<\/strong><br \/>\n<strong>Aidez \u00e0 rendre la situation plus supportable pour les gens et redonner un peu de dignit\u00e9 humaine.<\/strong><\/p>\n\t\t\t\t\t\t\t\t<\/div>\n\t\t\t\t<\/div>\n\t\t\t\t\t<\/div>\n\t\t<\/div>\n\t\t\t\t\t<\/div>\n\t\t<\/section>\n\t\t\t\t<section class=\"elementor-section elementor-top-section elementor-element elementor-element-b91f773 elementor-section-boxed elementor-section-height-default elementor-section-height-default\" data-id=\"b91f773\" data-element_type=\"section\">\n\t\t\t\t\t\t<div class=\"elementor-container elementor-column-gap-default\">\n\t\t\t\t\t<div class=\"elementor-column elementor-col-100 elementor-top-column elementor-element elementor-element-1acbe07\" data-id=\"1acbe07\" data-element_type=\"column\">\n\t\t\t<div class=\"elementor-widget-wrap elementor-element-populated\">\n\t\t\t\t\t\t<div class=\"elementor-element elementor-element-cf2c4d7 elementor-align-center elementor-tablet-align-right elementor-mobile-align-left elementor-widget elementor-widget-button\" data-id=\"cf2c4d7\" data-element_type=\"widget\" data-widget_type=\"button.default\">\n\t\t\t\t<div class=\"elementor-widget-container\">\n\t\t\t\t\t\t\t\t\t<div class=\"elementor-button-wrapper\">\n\t\t\t\t\t<a class=\"elementor-button elementor-button-link elementor-size-xl\" href=\"https:\/\/you-stiftung.de\/fr\/formulaire-de-don\/\">\n\t\t\t\t\t\t<span class=\"elementor-button-content-wrapper\">\n\t\t\t\t\t\t\t\t\t<span class=\"elementor-button-text\">Faire un don<\/span>\n\t\t\t\t\t<\/span>\n\t\t\t\t\t<\/a>\n\t\t\t\t<\/div>\n\t\t\t\t\t\t\t\t<\/div>\n\t\t\t\t<\/div>\n\t\t\t\t\t<\/div>\n\t\t<\/div>\n\t\t\t\t\t<\/div>\n\t\t<\/section>\n\t\t\t\t<\/div>\n\t\t","protected":false},"excerpt":{"rendered":"<p>Le grand don suppl\u00e9mentaire de 40 000 \u20ac va au projet d&rsquo;aide \u00ab\u00a0Aide humanitaire aux r\u00e9fugi\u00e9s et enfants ukrainiens en R\u00e9publique de Moldavie\u00a0\u00bb. Le 12 mai 2023, un \u00e9change d&rsquo;id\u00e9es a eu lieu \u00e0 Cologne avec toutes les organisations d&rsquo;aide \u00e0 l&rsquo;enfance soutenues par le marathon des dons RTL \u00e0 RTL &#8211; We help children. [&hellip;]<\/p>\n","protected":false},"author":17,"featured_media":16352,"comment_status":"closed","ping_status":"closed","sticky":false,"template":"","format":"standard","meta":{"footnotes":""},"categories":[447,443],"tags":[],"class_list":["post-16368","post","type-post","status-publish","format-standard","has-post-thumbnail","hentry","category-general-fr","category-non-classifiee"],"yoast_head":"<!-- This site is optimized with the Yoast SEO plugin v27.4 - https:\/\/yoast.com\/product\/yoast-seo-wordpress\/ -->\n<title>MERCI \u00c0 RTL - NOUS AIDONS LES ENFANTS ET LE MARATHON DU DON 2022 &#8211; You Stiftung<\/title>\n<meta name=\"robots\" content=\"index, follow, max-snippet:-1, max-image-preview:large, max-video-preview:-1\" \/>\n<link rel=\"canonical\" href=\"https:\/\/you-stiftung.de\/fr\/merci-a-rtl-nous-aidons-les-enfants-et-le-marathon-du-don-2022\/\" \/>\n<meta property=\"og:locale\" content=\"fr_FR\" \/>\n<meta property=\"og:type\" content=\"article\" \/>\n<meta property=\"og:title\" content=\"MERCI \u00c0 RTL - NOUS AIDONS LES ENFANTS ET LE MARATHON DU DON 2022 &#8211; You Stiftung\" \/>\n<meta property=\"og:description\" content=\"Le grand don suppl\u00e9mentaire de 40 000 \u20ac va au projet d&rsquo;aide \u00ab\u00a0Aide humanitaire aux r\u00e9fugi\u00e9s et enfants ukrainiens en R\u00e9publique de Moldavie\u00a0\u00bb. Le 12 mai 2023, un \u00e9change d&rsquo;id\u00e9es a eu lieu \u00e0 Cologne avec toutes les organisations d&rsquo;aide \u00e0 l&rsquo;enfance soutenues par le marathon des dons RTL \u00e0 RTL &#8211; We help children. [&hellip;]\" \/>\n<meta property=\"og:url\" content=\"https:\/\/you-stiftung.de\/fr\/merci-a-rtl-nous-aidons-les-enfants-et-le-marathon-du-don-2022\/\" \/>\n<meta property=\"og:site_name\" content=\"You Stiftung\" \/>\n<meta property=\"article:publisher\" content=\"https:\/\/www.facebook.com\/youstiftung\" \/>\n<meta property=\"article:published_time\" content=\"2023-05-16T19:09:46+00:00\" \/>\n<meta property=\"article:modified_time\" content=\"2023-07-25T19:24:15+00:00\" \/>\n<meta property=\"og:image\" content=\"https:\/\/you-stiftung.de\/wp-content\/uploads\/2023\/07\/Fotocredit2-750x500-1.jpeg\" \/>\n\t<meta property=\"og:image:width\" content=\"750\" \/>\n\t<meta property=\"og:image:height\" content=\"500\" \/>\n\t<meta property=\"og:image:type\" content=\"image\/jpeg\" \/>\n<meta name=\"author\" content=\"ayoub\" \/>\n<meta name=\"twitter:card\" content=\"summary_large_image\" \/>\n<meta name=\"twitter:label1\" content=\"\u00c9crit par\" \/>\n\t<meta name=\"twitter:data1\" content=\"ayoub\" \/>\n\t<meta name=\"twitter:label2\" content=\"Dur\u00e9e de lecture estim\u00e9e\" \/>\n\t<meta name=\"twitter:data2\" content=\"2 minutes\" \/>\n<script type=\"application\/ld+json\" class=\"yoast-schema-graph\">{\"@context\":\"https:\\\/\\\/schema.org\",\"@graph\":[{\"@type\":\"Article\",\"@id\":\"https:\\\/\\\/you-stiftung.de\\\/fr\\\/merci-a-rtl-nous-aidons-les-enfants-et-le-marathon-du-don-2022\\\/#article\",\"isPartOf\":{\"@id\":\"https:\\\/\\\/you-stiftung.de\\\/fr\\\/merci-a-rtl-nous-aidons-les-enfants-et-le-marathon-du-don-2022\\\/\"},\"author\":{\"name\":\"ayoub\",\"@id\":\"https:\\\/\\\/you-stiftung.de\\\/#\\\/schema\\\/person\\\/f6ecfd5747199a2c2c8da55913d6de12\"},\"headline\":\"MERCI \u00c0 RTL &#8211; NOUS AIDONS LES ENFANTS ET LE MARATHON DU DON 2022\",\"datePublished\":\"2023-05-16T19:09:46+00:00\",\"dateModified\":\"2023-07-25T19:24:15+00:00\",\"mainEntityOfPage\":{\"@id\":\"https:\\\/\\\/you-stiftung.de\\\/fr\\\/merci-a-rtl-nous-aidons-les-enfants-et-le-marathon-du-don-2022\\\/\"},\"wordCount\":403,\"publisher\":{\"@id\":\"https:\\\/\\\/you-stiftung.de\\\/#organization\"},\"image\":{\"@id\":\"https:\\\/\\\/you-stiftung.de\\\/fr\\\/merci-a-rtl-nous-aidons-les-enfants-et-le-marathon-du-don-2022\\\/#primaryimage\"},\"thumbnailUrl\":\"https:\\\/\\\/you-stiftung.de\\\/wp-content\\\/uploads\\\/2023\\\/07\\\/Fotocredit2-750x500-1.jpeg\",\"articleSection\":[\"general\",\"Non classifi\u00e9(e)\"],\"inLanguage\":\"fr-FR\"},{\"@type\":\"WebPage\",\"@id\":\"https:\\\/\\\/you-stiftung.de\\\/fr\\\/merci-a-rtl-nous-aidons-les-enfants-et-le-marathon-du-don-2022\\\/\",\"url\":\"https:\\\/\\\/you-stiftung.de\\\/fr\\\/merci-a-rtl-nous-aidons-les-enfants-et-le-marathon-du-don-2022\\\/\",\"name\":\"MERCI \u00c0 RTL - NOUS AIDONS LES ENFANTS ET LE MARATHON DU DON 2022 &#8211; You Stiftung\",\"isPartOf\":{\"@id\":\"https:\\\/\\\/you-stiftung.de\\\/#website\"},\"primaryImageOfPage\":{\"@id\":\"https:\\\/\\\/you-stiftung.de\\\/fr\\\/merci-a-rtl-nous-aidons-les-enfants-et-le-marathon-du-don-2022\\\/#primaryimage\"},\"image\":{\"@id\":\"https:\\\/\\\/you-stiftung.de\\\/fr\\\/merci-a-rtl-nous-aidons-les-enfants-et-le-marathon-du-don-2022\\\/#primaryimage\"},\"thumbnailUrl\":\"https:\\\/\\\/you-stiftung.de\\\/wp-content\\\/uploads\\\/2023\\\/07\\\/Fotocredit2-750x500-1.jpeg\",\"datePublished\":\"2023-05-16T19:09:46+00:00\",\"dateModified\":\"2023-07-25T19:24:15+00:00\",\"breadcrumb\":{\"@id\":\"https:\\\/\\\/you-stiftung.de\\\/fr\\\/merci-a-rtl-nous-aidons-les-enfants-et-le-marathon-du-don-2022\\\/#breadcrumb\"},\"inLanguage\":\"fr-FR\",\"potentialAction\":[{\"@type\":\"ReadAction\",\"target\":[\"https:\\\/\\\/you-stiftung.de\\\/fr\\\/merci-a-rtl-nous-aidons-les-enfants-et-le-marathon-du-don-2022\\\/\"]}]},{\"@type\":\"ImageObject\",\"inLanguage\":\"fr-FR\",\"@id\":\"https:\\\/\\\/you-stiftung.de\\\/fr\\\/merci-a-rtl-nous-aidons-les-enfants-et-le-marathon-du-don-2022\\\/#primaryimage\",\"url\":\"https:\\\/\\\/you-stiftung.de\\\/wp-content\\\/uploads\\\/2023\\\/07\\\/Fotocredit2-750x500-1.jpeg\",\"contentUrl\":\"https:\\\/\\\/you-stiftung.de\\\/wp-content\\\/uploads\\\/2023\\\/07\\\/Fotocredit2-750x500-1.jpeg\",\"width\":750,\"height\":500,\"caption\":\"Fotocredit2 750x500 1\"},{\"@type\":\"BreadcrumbList\",\"@id\":\"https:\\\/\\\/you-stiftung.de\\\/fr\\\/merci-a-rtl-nous-aidons-les-enfants-et-le-marathon-du-don-2022\\\/#breadcrumb\",\"itemListElement\":[{\"@type\":\"ListItem\",\"position\":1,\"name\":\"Home\",\"item\":\"https:\\\/\\\/you-stiftung.de\\\/fr\\\/accueil-fr\\\/\"},{\"@type\":\"ListItem\",\"position\":2,\"name\":\"MERCI \u00c0 RTL &#8211; NOUS AIDONS LES ENFANTS ET LE MARATHON DU DON 2022\"}]},{\"@type\":\"WebSite\",\"@id\":\"https:\\\/\\\/you-stiftung.de\\\/#website\",\"url\":\"https:\\\/\\\/you-stiftung.de\\\/\",\"name\":\"YOU Stiftung\",\"description\":\"Bildung f\u00fcr Kinder in Not\",\"publisher\":{\"@id\":\"https:\\\/\\\/you-stiftung.de\\\/#organization\"},\"potentialAction\":[{\"@type\":\"SearchAction\",\"target\":{\"@type\":\"EntryPoint\",\"urlTemplate\":\"https:\\\/\\\/you-stiftung.de\\\/?s={search_term_string}\"},\"query-input\":{\"@type\":\"PropertyValueSpecification\",\"valueRequired\":true,\"valueName\":\"search_term_string\"}}],\"inLanguage\":\"fr-FR\"},{\"@type\":\"Organization\",\"@id\":\"https:\\\/\\\/you-stiftung.de\\\/#organization\",\"name\":\"YOU Stiftung\",\"url\":\"https:\\\/\\\/you-stiftung.de\\\/\",\"logo\":{\"@type\":\"ImageObject\",\"inLanguage\":\"fr-FR\",\"@id\":\"https:\\\/\\\/you-stiftung.de\\\/#\\\/schema\\\/logo\\\/image\\\/\",\"url\":\"https:\\\/\\\/you-stiftung.de\\\/wp-content\\\/uploads\\\/2021\\\/02\\\/YOU_Logo_pos_RGB_deutsch_RZ.png\",\"contentUrl\":\"https:\\\/\\\/you-stiftung.de\\\/wp-content\\\/uploads\\\/2021\\\/02\\\/YOU_Logo_pos_RGB_deutsch_RZ.png\",\"width\":729,\"height\":449,\"caption\":\"YOU Stiftung\"},\"image\":{\"@id\":\"https:\\\/\\\/you-stiftung.de\\\/#\\\/schema\\\/logo\\\/image\\\/\"},\"sameAs\":[\"https:\\\/\\\/www.facebook.com\\\/youstiftung\",\"https:\\\/\\\/www.instagram.com\\\/youstiftung\"]},{\"@type\":\"Person\",\"@id\":\"https:\\\/\\\/you-stiftung.de\\\/#\\\/schema\\\/person\\\/f6ecfd5747199a2c2c8da55913d6de12\",\"name\":\"ayoub\",\"url\":\"https:\\\/\\\/you-stiftung.de\\\/fr\\\/author\\\/ayoub\\\/\"}]}<\/script>\n<!-- \/ Yoast SEO plugin. -->","yoast_head_json":{"title":"MERCI \u00c0 RTL - NOUS AIDONS LES ENFANTS ET LE MARATHON DU DON 2022 &#8211; You Stiftung","robots":{"index":"index","follow":"follow","max-snippet":"max-snippet:-1","max-image-preview":"max-image-preview:large","max-video-preview":"max-video-preview:-1"},"canonical":"https:\/\/you-stiftung.de\/fr\/merci-a-rtl-nous-aidons-les-enfants-et-le-marathon-du-don-2022\/","og_locale":"fr_FR","og_type":"article","og_title":"MERCI \u00c0 RTL - NOUS AIDONS LES ENFANTS ET LE MARATHON DU DON 2022 &#8211; You Stiftung","og_description":"Le grand don suppl\u00e9mentaire de 40 000 \u20ac va au projet d&rsquo;aide \u00ab\u00a0Aide humanitaire aux r\u00e9fugi\u00e9s et enfants ukrainiens en R\u00e9publique de Moldavie\u00a0\u00bb. Le 12 mai 2023, un \u00e9change d&rsquo;id\u00e9es a eu lieu \u00e0 Cologne avec toutes les organisations d&rsquo;aide \u00e0 l&rsquo;enfance soutenues par le marathon des dons RTL \u00e0 RTL &#8211; We help children. [&hellip;]","og_url":"https:\/\/you-stiftung.de\/fr\/merci-a-rtl-nous-aidons-les-enfants-et-le-marathon-du-don-2022\/","og_site_name":"You Stiftung","article_publisher":"https:\/\/www.facebook.com\/youstiftung","article_published_time":"2023-05-16T19:09:46+00:00","article_modified_time":"2023-07-25T19:24:15+00:00","og_image":[{"width":750,"height":500,"url":"https:\/\/you-stiftung.de\/wp-content\/uploads\/2023\/07\/Fotocredit2-750x500-1.jpeg","type":"image\/jpeg"}],"author":"ayoub","twitter_card":"summary_large_image","twitter_misc":{"\u00c9crit par":"ayoub","Dur\u00e9e de lecture estim\u00e9e":"2 minutes"},"schema":{"@context":"https:\/\/schema.org","@graph":[{"@type":"Article","@id":"https:\/\/you-stiftung.de\/fr\/merci-a-rtl-nous-aidons-les-enfants-et-le-marathon-du-don-2022\/#article","isPartOf":{"@id":"https:\/\/you-stiftung.de\/fr\/merci-a-rtl-nous-aidons-les-enfants-et-le-marathon-du-don-2022\/"},"author":{"name":"ayoub","@id":"https:\/\/you-stiftung.de\/#\/schema\/person\/f6ecfd5747199a2c2c8da55913d6de12"},"headline":"MERCI \u00c0 RTL &#8211; NOUS AIDONS LES ENFANTS ET LE MARATHON DU DON 2022","datePublished":"2023-05-16T19:09:46+00:00","dateModified":"2023-07-25T19:24:15+00:00","mainEntityOfPage":{"@id":"https:\/\/you-stiftung.de\/fr\/merci-a-rtl-nous-aidons-les-enfants-et-le-marathon-du-don-2022\/"},"wordCount":403,"publisher":{"@id":"https:\/\/you-stiftung.de\/#organization"},"image":{"@id":"https:\/\/you-stiftung.de\/fr\/merci-a-rtl-nous-aidons-les-enfants-et-le-marathon-du-don-2022\/#primaryimage"},"thumbnailUrl":"https:\/\/you-stiftung.de\/wp-content\/uploads\/2023\/07\/Fotocredit2-750x500-1.jpeg","articleSection":["general","Non classifi\u00e9(e)"],"inLanguage":"fr-FR"},{"@type":"WebPage","@id":"https:\/\/you-stiftung.de\/fr\/merci-a-rtl-nous-aidons-les-enfants-et-le-marathon-du-don-2022\/","url":"https:\/\/you-stiftung.de\/fr\/merci-a-rtl-nous-aidons-les-enfants-et-le-marathon-du-don-2022\/","name":"MERCI \u00c0 RTL - NOUS AIDONS LES ENFANTS ET LE MARATHON DU DON 2022 &#8211; You Stiftung","isPartOf":{"@id":"https:\/\/you-stiftung.de\/#website"},"primaryImageOfPage":{"@id":"https:\/\/you-stiftung.de\/fr\/merci-a-rtl-nous-aidons-les-enfants-et-le-marathon-du-don-2022\/#primaryimage"},"image":{"@id":"https:\/\/you-stiftung.de\/fr\/merci-a-rtl-nous-aidons-les-enfants-et-le-marathon-du-don-2022\/#primaryimage"},"thumbnailUrl":"https:\/\/you-stiftung.de\/wp-content\/uploads\/2023\/07\/Fotocredit2-750x500-1.jpeg","datePublished":"2023-05-16T19:09:46+00:00","dateModified":"2023-07-25T19:24:15+00:00","breadcrumb":{"@id":"https:\/\/you-stiftung.de\/fr\/merci-a-rtl-nous-aidons-les-enfants-et-le-marathon-du-don-2022\/#breadcrumb"},"inLanguage":"fr-FR","potentialAction":[{"@type":"ReadAction","target":["https:\/\/you-stiftung.de\/fr\/merci-a-rtl-nous-aidons-les-enfants-et-le-marathon-du-don-2022\/"]}]},{"@type":"ImageObject","inLanguage":"fr-FR","@id":"https:\/\/you-stiftung.de\/fr\/merci-a-rtl-nous-aidons-les-enfants-et-le-marathon-du-don-2022\/#primaryimage","url":"https:\/\/you-stiftung.de\/wp-content\/uploads\/2023\/07\/Fotocredit2-750x500-1.jpeg","contentUrl":"https:\/\/you-stiftung.de\/wp-content\/uploads\/2023\/07\/Fotocredit2-750x500-1.jpeg","width":750,"height":500,"caption":"Fotocredit2 750x500 1"},{"@type":"BreadcrumbList","@id":"https:\/\/you-stiftung.de\/fr\/merci-a-rtl-nous-aidons-les-enfants-et-le-marathon-du-don-2022\/#breadcrumb","itemListElement":[{"@type":"ListItem","position":1,"name":"Home","item":"https:\/\/you-stiftung.de\/fr\/accueil-fr\/"},{"@type":"ListItem","position":2,"name":"MERCI \u00c0 RTL &#8211; NOUS AIDONS LES ENFANTS ET LE MARATHON DU DON 2022"}]},{"@type":"WebSite","@id":"https:\/\/you-stiftung.de\/#website","url":"https:\/\/you-stiftung.de\/","name":"YOU Stiftung","description":"Bildung f\u00fcr Kinder in Not","publisher":{"@id":"https:\/\/you-stiftung.de\/#organization"},"potentialAction":[{"@type":"SearchAction","target":{"@type":"EntryPoint","urlTemplate":"https:\/\/you-stiftung.de\/?s={search_term_string}"},"query-input":{"@type":"PropertyValueSpecification","valueRequired":true,"valueName":"search_term_string"}}],"inLanguage":"fr-FR"},{"@type":"Organization","@id":"https:\/\/you-stiftung.de\/#organization","name":"YOU Stiftung","url":"https:\/\/you-stiftung.de\/","logo":{"@type":"ImageObject","inLanguage":"fr-FR","@id":"https:\/\/you-stiftung.de\/#\/schema\/logo\/image\/","url":"https:\/\/you-stiftung.de\/wp-content\/uploads\/2021\/02\/YOU_Logo_pos_RGB_deutsch_RZ.png","contentUrl":"https:\/\/you-stiftung.de\/wp-content\/uploads\/2021\/02\/YOU_Logo_pos_RGB_deutsch_RZ.png","width":729,"height":449,"caption":"YOU Stiftung"},"image":{"@id":"https:\/\/you-stiftung.de\/#\/schema\/logo\/image\/"},"sameAs":["https:\/\/www.facebook.com\/youstiftung","https:\/\/www.instagram.com\/youstiftung"]},{"@type":"Person","@id":"https:\/\/you-stiftung.de\/#\/schema\/person\/f6ecfd5747199a2c2c8da55913d6de12","name":"ayoub","url":"https:\/\/you-stiftung.de\/fr\/author\/ayoub\/"}]}},"_links":{"self":[{"href":"https:\/\/you-stiftung.de\/fr\/wp-json\/wp\/v2\/posts\/16368","targetHints":{"allow":["GET"]}}],"collection":[{"href":"https:\/\/you-stiftung.de\/fr\/wp-json\/wp\/v2\/posts"}],"about":[{"href":"https:\/\/you-stiftung.de\/fr\/wp-json\/wp\/v2\/types\/post"}],"author":[{"embeddable":true,"href":"https:\/\/you-stiftung.de\/fr\/wp-json\/wp\/v2\/users\/17"}],"replies":[{"embeddable":true,"href":"https:\/\/you-stiftung.de\/fr\/wp-json\/wp\/v2\/comments?post=16368"}],"version-history":[{"count":1,"href":"https:\/\/you-stiftung.de\/fr\/wp-json\/wp\/v2\/posts\/16368\/revisions"}],"predecessor-version":[{"id":16369,"href":"https:\/\/you-stiftung.de\/fr\/wp-json\/wp\/v2\/posts\/16368\/revisions\/16369"}],"wp:featuredmedia":[{"embeddable":true,"href":"https:\/\/you-stiftung.de\/fr\/wp-json\/wp\/v2\/media\/16352"}],"wp:attachment":[{"href":"https:\/\/you-stiftung.de\/fr\/wp-json\/wp\/v2\/media?parent=16368"}],"wp:term":[{"taxonomy":"category","embeddable":true,"href":"https:\/\/you-stiftung.de\/fr\/wp-json\/wp\/v2\/categories?post=16368"},{"taxonomy":"post_tag","embeddable":true,"href":"https:\/\/you-stiftung.de\/fr\/wp-json\/wp\/v2\/tags?post=16368"}],"curies":[{"name":"wp","href":"https:\/\/api.w.org\/{rel}","templated":true}]}}