{"id":15783,"date":"2022-04-01T17:32:20","date_gmt":"2022-04-01T15:32:20","guid":{"rendered":"https:\/\/you-charity.de\/lukraine-brule\/"},"modified":"2022-06-01T13:46:30","modified_gmt":"2022-06-01T11:46:30","slug":"lukraine-brule","status":"publish","type":"post","link":"https:\/\/you-stiftung.de\/fr\/lukraine-brule\/","title":{"rendered":"L\u2019UKRAINE BR\u00dbLE\u2026"},"content":{"rendered":"\n<p><strong>Nous sommes stup\u00e9faits par l&rsquo;agressivit\u00e9&#8230;<\/strong><\/p>\n\n<p>mais nous ne sommes pas sans voix, nous disons <strong>\u00ab\u00a0NOUS AIDONS\u00a0\u00bb<\/strong><img fetchpriority=\"high\" decoding=\"async\" src=\"https:\/\/you-stiftung.de\/wp-content\/uploads\/2022\/03\/2-Story.-Olga-Oskar-15-1-1.jpg\" srcset=\"https:\/\/you-stiftung.de\/wp-content\/uploads\/2022\/03\/2-Story.-Olga-Oskar-15-1-1.jpg 1355w, https:\/\/you-stiftung.de\/wp-content\/uploads\/2022\/03\/2-Story.-Olga-Oskar-15-1-1-300x200.jpg 300w, https:\/\/you-stiftung.de\/wp-content\/uploads\/2022\/03\/2-Story.-Olga-Oskar-15-1-1-768x512.jpg 768w, https:\/\/you-stiftung.de\/wp-content\/uploads\/2022\/03\/2-Story.-Olga-Oskar-15-1-1-1024x682.jpg 1024w, https:\/\/you-stiftung.de\/wp-content\/uploads\/2022\/03\/2-Story.-Olga-Oskar-15-1-1-750x500.jpg 750w, https:\/\/you-stiftung.de\/wp-content\/uploads\/2022\/03\/2-Story.-Olga-Oskar-15-1-1-545x363.jpg 545w\" alt=\"\" width=\"600\" height=\"400\"\/><\/p>\n\n<p>Olga et son fils de deux ans, Oskar, \u00e0 Chisinau, en Moldavie\u00a0: \u00ab\u00a0Nous avons fait une petite valise avec nos documents et nos affaires et nous sommes partis.\u00a0\u00bb<img decoding=\"async\" src=\"https:\/\/you-stiftung.de\/wp-content\/uploads\/2022\/03\/5-Story.-Irina-Valentina-Oskar-1-1-1.jpg\" srcset=\"https:\/\/you-stiftung.de\/wp-content\/uploads\/2022\/03\/5-Story.-Irina-Valentina-Oskar-1-1-1.jpg 1355w, https:\/\/you-stiftung.de\/wp-content\/uploads\/2022\/03\/5-Story.-Irina-Valentina-Oskar-1-1-1-300x200.jpg 300w, https:\/\/you-stiftung.de\/wp-content\/uploads\/2022\/03\/5-Story.-Irina-Valentina-Oskar-1-1-1-768x512.jpg 768w, https:\/\/you-stiftung.de\/wp-content\/uploads\/2022\/03\/5-Story.-Irina-Valentina-Oskar-1-1-1-1024x682.jpg 1024w, https:\/\/you-stiftung.de\/wp-content\/uploads\/2022\/03\/5-Story.-Irina-Valentina-Oskar-1-1-1-750x500.jpg 750w, https:\/\/you-stiftung.de\/wp-content\/uploads\/2022\/03\/5-Story.-Irina-Valentina-Oskar-1-1-1-545x363.jpg 545w\" alt=\"\" width=\"600\" height=\"400\"\/><\/p>\n\n<p>Oskar, onze ans, de Kiev, est arriv\u00e9 dans un camp de r\u00e9fugi\u00e9s de la ville moldave de Chisinau avec sa m\u00e8re et sa grand-m\u00e8re. Lui et les autres enfants ont tr\u00e8s peur, il ne veut rien entendre \u00e0 propos de la guerre.<\/p>\n\n<p>La R\u00e9publique de Moldavie \/ Moldavie est l&rsquo;un des premiers points de contact pour les r\u00e9fugi\u00e9s de guerre d&rsquo;Ukraine et a d\u00e9j\u00e0 accueilli plus de 100 000 femmes et enfants traumatis\u00e9s ces derniers jours.<\/p>\n\n<p>Bien qu&rsquo;il soit l&rsquo;un des pays les plus pauvres d&rsquo;Europe, le pr\u00e9sident Maia Sandu a ouvert les fronti\u00e8res de la Moldavie et ses habitants leur c\u0153ur. Les paysans pauvres de la fronti\u00e8re, qui arrivent \u00e0 peine \u00e0 joindre les deux bouts, ont fourni aux r\u00e9fugi\u00e9s des aliments de base. En outre, le gouvernement, en collaboration avec les habitants de la Moldavie, a imm\u00e9diatement lanc\u00e9 la construction de camps d&rsquo;accueil provisoires \u00e0 Palanca et Ocni\u021ba.<\/p>\n\n<p><strong>En tant qu&rsquo;organisation \u00e0 but non lucratif, nous soutenons le peuple moldave depuis plus de 10 ans. Surtout dans des situations incroyables comme celles-ci, nous DEVONS \u00eatre solidaires et soutenir nos concitoyens europ\u00e9ens\u00a0!<\/strong>&#13;\nLes besoins les plus urgents sont l&rsquo;eau potable, les abris, la nourriture, les articles d&rsquo;hygi\u00e8ne, l&rsquo;aide m\u00e9dicale et le mat\u00e9riel de chauffage !<\/p>\n\n<p>S&rsquo;il vous pla\u00eet AIDEZ-nous \u00e0 AIDER!<\/p>\n\n<h4 class=\"wp-block-heading\"><strong>COMPTE DE LA FONDATION YOU :<\/strong>&#13;\n<strong>IBAN : DE86 3004 0000 0348 0100 39<\/strong>&#13;\n<strong>(Mots cl\u00e9s\u00a0: Ukraine)<\/strong><\/h4>\n\n<h4 class=\"wp-block-heading\"><strong>PAYPAL:\u00a0\u00a0\u00a0\u00a0<\/strong><a href=\"http:\/\/www.paypal.me\/YOUStiftung\"><strong>www.paypal.me\/YOUStiftung<\/strong><\/a><strong>\u00a0\u00a0\u00a0\u00a0\u00a0\u00a0\u00a0\u00a0\u00a0 (Mot cl\u00e9: Ukraine)<\/strong><\/h4>\n\n<div class=\"wp-block-buttons is-layout-flex wp-block-buttons-is-layout-flex\">\n<div class=\"wp-block-button\"><a class=\"wp-block-button__link\" href=\"https:\/\/you-stiftung.de\/fr\/dons\/lukraine-brule\/\">Faire un don<\/a><\/div>\n<\/div>\n","protected":false},"excerpt":{"rendered":"<p>Nous sommes stup\u00e9faits par l&rsquo;agressivit\u00e9&#8230; mais nous ne sommes pas sans voix, nous disons \u00ab\u00a0NOUS AIDONS\u00a0\u00bb Olga et son fils de deux ans, Oskar, \u00e0 Chisinau, en Moldavie\u00a0: \u00ab\u00a0Nous avons fait une petite valise avec nos documents et nos affaires et nous sommes partis.\u00a0\u00bb Oskar, onze ans, de Kiev, est arriv\u00e9 dans un camp de [&hellip;]<\/p>\n","protected":false},"author":18,"featured_media":15088,"comment_status":"closed","ping_status":"closed","sticky":false,"template":"","format":"standard","meta":{"footnotes":""},"categories":[499,447],"tags":[],"class_list":["post-15783","post","type-post","status-publish","format-standard","has-post-thumbnail","hentry","category-europe-fr","category-general-fr"],"yoast_head":"<!-- This site is optimized with the Yoast SEO plugin v27.4 - https:\/\/yoast.com\/product\/yoast-seo-wordpress\/ -->\n<title>L\u2019UKRAINE BR\u00dbLE\u2026 &#8211; You Stiftung<\/title>\n<meta name=\"robots\" content=\"index, follow, max-snippet:-1, max-image-preview:large, max-video-preview:-1\" \/>\n<link rel=\"canonical\" href=\"https:\/\/you-stiftung.de\/fr\/lukraine-brule\/\" \/>\n<meta property=\"og:locale\" content=\"fr_FR\" \/>\n<meta property=\"og:type\" content=\"article\" \/>\n<meta property=\"og:title\" content=\"L\u2019UKRAINE BR\u00dbLE\u2026 &#8211; You Stiftung\" \/>\n<meta property=\"og:description\" content=\"Nous sommes stup\u00e9faits par l&rsquo;agressivit\u00e9&#8230; mais nous ne sommes pas sans voix, nous disons \u00ab\u00a0NOUS AIDONS\u00a0\u00bb Olga et son fils de deux ans, Oskar, \u00e0 Chisinau, en Moldavie\u00a0: \u00ab\u00a0Nous avons fait une petite valise avec nos documents et nos affaires et nous sommes partis.\u00a0\u00bb Oskar, onze ans, de Kiev, est arriv\u00e9 dans un camp de [&hellip;]\" \/>\n<meta property=\"og:url\" content=\"https:\/\/you-stiftung.de\/fr\/lukraine-brule\/\" \/>\n<meta property=\"og:site_name\" content=\"You Stiftung\" \/>\n<meta property=\"article:publisher\" content=\"https:\/\/www.facebook.com\/youstiftung\" \/>\n<meta property=\"article:published_time\" content=\"2022-04-01T15:32:20+00:00\" \/>\n<meta property=\"article:modified_time\" content=\"2022-06-01T11:46:30+00:00\" \/>\n<meta property=\"og:image\" content=\"https:\/\/you-stiftung.de\/wp-content\/uploads\/2022\/04\/2-Story.-Olga-Oskar-15-1-1.jpg\" \/>\n\t<meta property=\"og:image:width\" content=\"1355\" \/>\n\t<meta property=\"og:image:height\" content=\"903\" \/>\n\t<meta property=\"og:image:type\" content=\"image\/jpeg\" \/>\n<meta name=\"author\" content=\"Hamid Mahamat\" \/>\n<meta name=\"twitter:card\" content=\"summary_large_image\" \/>\n<meta name=\"twitter:label1\" content=\"\u00c9crit par\" \/>\n\t<meta name=\"twitter:data1\" content=\"Hamid Mahamat\" \/>\n\t<meta name=\"twitter:label2\" content=\"Dur\u00e9e de lecture estim\u00e9e\" \/>\n\t<meta name=\"twitter:data2\" content=\"1 minute\" \/>\n<script type=\"application\/ld+json\" class=\"yoast-schema-graph\">{\"@context\":\"https:\\\/\\\/schema.org\",\"@graph\":[{\"@type\":\"Article\",\"@id\":\"https:\\\/\\\/you-stiftung.de\\\/fr\\\/lukraine-brule\\\/#article\",\"isPartOf\":{\"@id\":\"https:\\\/\\\/you-stiftung.de\\\/fr\\\/lukraine-brule\\\/\"},\"author\":{\"name\":\"Hamid Mahamat\",\"@id\":\"https:\\\/\\\/you-stiftung.de\\\/#\\\/schema\\\/person\\\/a065471fd55d56b56b3656cf3866202c\"},\"headline\":\"L\u2019UKRAINE BR\u00dbLE\u2026\",\"datePublished\":\"2022-04-01T15:32:20+00:00\",\"dateModified\":\"2022-06-01T11:46:30+00:00\",\"mainEntityOfPage\":{\"@id\":\"https:\\\/\\\/you-stiftung.de\\\/fr\\\/lukraine-brule\\\/\"},\"wordCount\":306,\"publisher\":{\"@id\":\"https:\\\/\\\/you-stiftung.de\\\/#organization\"},\"image\":{\"@id\":\"https:\\\/\\\/you-stiftung.de\\\/fr\\\/lukraine-brule\\\/#primaryimage\"},\"thumbnailUrl\":\"https:\\\/\\\/you-stiftung.de\\\/wp-content\\\/uploads\\\/2022\\\/04\\\/2-Story.-Olga-Oskar-15-1-1.jpg\",\"articleSection\":[\"Europe\",\"general\"],\"inLanguage\":\"fr-FR\"},{\"@type\":\"WebPage\",\"@id\":\"https:\\\/\\\/you-stiftung.de\\\/fr\\\/lukraine-brule\\\/\",\"url\":\"https:\\\/\\\/you-stiftung.de\\\/fr\\\/lukraine-brule\\\/\",\"name\":\"L\u2019UKRAINE BR\u00dbLE\u2026 &#8211; You Stiftung\",\"isPartOf\":{\"@id\":\"https:\\\/\\\/you-stiftung.de\\\/#website\"},\"primaryImageOfPage\":{\"@id\":\"https:\\\/\\\/you-stiftung.de\\\/fr\\\/lukraine-brule\\\/#primaryimage\"},\"image\":{\"@id\":\"https:\\\/\\\/you-stiftung.de\\\/fr\\\/lukraine-brule\\\/#primaryimage\"},\"thumbnailUrl\":\"https:\\\/\\\/you-stiftung.de\\\/wp-content\\\/uploads\\\/2022\\\/04\\\/2-Story.-Olga-Oskar-15-1-1.jpg\",\"datePublished\":\"2022-04-01T15:32:20+00:00\",\"dateModified\":\"2022-06-01T11:46:30+00:00\",\"breadcrumb\":{\"@id\":\"https:\\\/\\\/you-stiftung.de\\\/fr\\\/lukraine-brule\\\/#breadcrumb\"},\"inLanguage\":\"fr-FR\",\"potentialAction\":[{\"@type\":\"ReadAction\",\"target\":[\"https:\\\/\\\/you-stiftung.de\\\/fr\\\/lukraine-brule\\\/\"]}]},{\"@type\":\"ImageObject\",\"inLanguage\":\"fr-FR\",\"@id\":\"https:\\\/\\\/you-stiftung.de\\\/fr\\\/lukraine-brule\\\/#primaryimage\",\"url\":\"https:\\\/\\\/you-stiftung.de\\\/wp-content\\\/uploads\\\/2022\\\/04\\\/2-Story.-Olga-Oskar-15-1-1.jpg\",\"contentUrl\":\"https:\\\/\\\/you-stiftung.de\\\/wp-content\\\/uploads\\\/2022\\\/04\\\/2-Story.-Olga-Oskar-15-1-1.jpg\",\"width\":1355,\"height\":903,\"caption\":\"2 Story. Olga Oskar 15 1 1\"},{\"@type\":\"BreadcrumbList\",\"@id\":\"https:\\\/\\\/you-stiftung.de\\\/fr\\\/lukraine-brule\\\/#breadcrumb\",\"itemListElement\":[{\"@type\":\"ListItem\",\"position\":1,\"name\":\"Home\",\"item\":\"https:\\\/\\\/you-stiftung.de\\\/fr\\\/accueil-fr\\\/\"},{\"@type\":\"ListItem\",\"position\":2,\"name\":\"L\u2019UKRAINE BR\u00dbLE\u2026\"}]},{\"@type\":\"WebSite\",\"@id\":\"https:\\\/\\\/you-stiftung.de\\\/#website\",\"url\":\"https:\\\/\\\/you-stiftung.de\\\/\",\"name\":\"YOU Stiftung\",\"description\":\"Bildung f\u00fcr Kinder in Not\",\"publisher\":{\"@id\":\"https:\\\/\\\/you-stiftung.de\\\/#organization\"},\"potentialAction\":[{\"@type\":\"SearchAction\",\"target\":{\"@type\":\"EntryPoint\",\"urlTemplate\":\"https:\\\/\\\/you-stiftung.de\\\/?s={search_term_string}\"},\"query-input\":{\"@type\":\"PropertyValueSpecification\",\"valueRequired\":true,\"valueName\":\"search_term_string\"}}],\"inLanguage\":\"fr-FR\"},{\"@type\":\"Organization\",\"@id\":\"https:\\\/\\\/you-stiftung.de\\\/#organization\",\"name\":\"YOU Stiftung\",\"url\":\"https:\\\/\\\/you-stiftung.de\\\/\",\"logo\":{\"@type\":\"ImageObject\",\"inLanguage\":\"fr-FR\",\"@id\":\"https:\\\/\\\/you-stiftung.de\\\/#\\\/schema\\\/logo\\\/image\\\/\",\"url\":\"https:\\\/\\\/you-stiftung.de\\\/wp-content\\\/uploads\\\/2021\\\/02\\\/YOU_Logo_pos_RGB_deutsch_RZ.png\",\"contentUrl\":\"https:\\\/\\\/you-stiftung.de\\\/wp-content\\\/uploads\\\/2021\\\/02\\\/YOU_Logo_pos_RGB_deutsch_RZ.png\",\"width\":729,\"height\":449,\"caption\":\"YOU Stiftung\"},\"image\":{\"@id\":\"https:\\\/\\\/you-stiftung.de\\\/#\\\/schema\\\/logo\\\/image\\\/\"},\"sameAs\":[\"https:\\\/\\\/www.facebook.com\\\/youstiftung\",\"https:\\\/\\\/www.instagram.com\\\/youstiftung\"]},{\"@type\":\"Person\",\"@id\":\"https:\\\/\\\/you-stiftung.de\\\/#\\\/schema\\\/person\\\/a065471fd55d56b56b3656cf3866202c\",\"name\":\"Hamid Mahamat\",\"url\":\"https:\\\/\\\/you-stiftung.de\\\/fr\\\/author\\\/hamid\\\/\"}]}<\/script>\n<!-- \/ Yoast SEO plugin. -->","yoast_head_json":{"title":"L\u2019UKRAINE BR\u00dbLE\u2026 &#8211; You Stiftung","robots":{"index":"index","follow":"follow","max-snippet":"max-snippet:-1","max-image-preview":"max-image-preview:large","max-video-preview":"max-video-preview:-1"},"canonical":"https:\/\/you-stiftung.de\/fr\/lukraine-brule\/","og_locale":"fr_FR","og_type":"article","og_title":"L\u2019UKRAINE BR\u00dbLE\u2026 &#8211; You Stiftung","og_description":"Nous sommes stup\u00e9faits par l&rsquo;agressivit\u00e9&#8230; mais nous ne sommes pas sans voix, nous disons \u00ab\u00a0NOUS AIDONS\u00a0\u00bb Olga et son fils de deux ans, Oskar, \u00e0 Chisinau, en Moldavie\u00a0: \u00ab\u00a0Nous avons fait une petite valise avec nos documents et nos affaires et nous sommes partis.\u00a0\u00bb Oskar, onze ans, de Kiev, est arriv\u00e9 dans un camp de [&hellip;]","og_url":"https:\/\/you-stiftung.de\/fr\/lukraine-brule\/","og_site_name":"You Stiftung","article_publisher":"https:\/\/www.facebook.com\/youstiftung","article_published_time":"2022-04-01T15:32:20+00:00","article_modified_time":"2022-06-01T11:46:30+00:00","og_image":[{"width":1355,"height":903,"url":"https:\/\/you-stiftung.de\/wp-content\/uploads\/2022\/04\/2-Story.-Olga-Oskar-15-1-1.jpg","type":"image\/jpeg"}],"author":"Hamid Mahamat","twitter_card":"summary_large_image","twitter_misc":{"\u00c9crit par":"Hamid Mahamat","Dur\u00e9e de lecture estim\u00e9e":"1 minute"},"schema":{"@context":"https:\/\/schema.org","@graph":[{"@type":"Article","@id":"https:\/\/you-stiftung.de\/fr\/lukraine-brule\/#article","isPartOf":{"@id":"https:\/\/you-stiftung.de\/fr\/lukraine-brule\/"},"author":{"name":"Hamid Mahamat","@id":"https:\/\/you-stiftung.de\/#\/schema\/person\/a065471fd55d56b56b3656cf3866202c"},"headline":"L\u2019UKRAINE BR\u00dbLE\u2026","datePublished":"2022-04-01T15:32:20+00:00","dateModified":"2022-06-01T11:46:30+00:00","mainEntityOfPage":{"@id":"https:\/\/you-stiftung.de\/fr\/lukraine-brule\/"},"wordCount":306,"publisher":{"@id":"https:\/\/you-stiftung.de\/#organization"},"image":{"@id":"https:\/\/you-stiftung.de\/fr\/lukraine-brule\/#primaryimage"},"thumbnailUrl":"https:\/\/you-stiftung.de\/wp-content\/uploads\/2022\/04\/2-Story.-Olga-Oskar-15-1-1.jpg","articleSection":["Europe","general"],"inLanguage":"fr-FR"},{"@type":"WebPage","@id":"https:\/\/you-stiftung.de\/fr\/lukraine-brule\/","url":"https:\/\/you-stiftung.de\/fr\/lukraine-brule\/","name":"L\u2019UKRAINE BR\u00dbLE\u2026 &#8211; You Stiftung","isPartOf":{"@id":"https:\/\/you-stiftung.de\/#website"},"primaryImageOfPage":{"@id":"https:\/\/you-stiftung.de\/fr\/lukraine-brule\/#primaryimage"},"image":{"@id":"https:\/\/you-stiftung.de\/fr\/lukraine-brule\/#primaryimage"},"thumbnailUrl":"https:\/\/you-stiftung.de\/wp-content\/uploads\/2022\/04\/2-Story.-Olga-Oskar-15-1-1.jpg","datePublished":"2022-04-01T15:32:20+00:00","dateModified":"2022-06-01T11:46:30+00:00","breadcrumb":{"@id":"https:\/\/you-stiftung.de\/fr\/lukraine-brule\/#breadcrumb"},"inLanguage":"fr-FR","potentialAction":[{"@type":"ReadAction","target":["https:\/\/you-stiftung.de\/fr\/lukraine-brule\/"]}]},{"@type":"ImageObject","inLanguage":"fr-FR","@id":"https:\/\/you-stiftung.de\/fr\/lukraine-brule\/#primaryimage","url":"https:\/\/you-stiftung.de\/wp-content\/uploads\/2022\/04\/2-Story.-Olga-Oskar-15-1-1.jpg","contentUrl":"https:\/\/you-stiftung.de\/wp-content\/uploads\/2022\/04\/2-Story.-Olga-Oskar-15-1-1.jpg","width":1355,"height":903,"caption":"2 Story. Olga Oskar 15 1 1"},{"@type":"BreadcrumbList","@id":"https:\/\/you-stiftung.de\/fr\/lukraine-brule\/#breadcrumb","itemListElement":[{"@type":"ListItem","position":1,"name":"Home","item":"https:\/\/you-stiftung.de\/fr\/accueil-fr\/"},{"@type":"ListItem","position":2,"name":"L\u2019UKRAINE BR\u00dbLE\u2026"}]},{"@type":"WebSite","@id":"https:\/\/you-stiftung.de\/#website","url":"https:\/\/you-stiftung.de\/","name":"YOU Stiftung","description":"Bildung f\u00fcr Kinder in Not","publisher":{"@id":"https:\/\/you-stiftung.de\/#organization"},"potentialAction":[{"@type":"SearchAction","target":{"@type":"EntryPoint","urlTemplate":"https:\/\/you-stiftung.de\/?s={search_term_string}"},"query-input":{"@type":"PropertyValueSpecification","valueRequired":true,"valueName":"search_term_string"}}],"inLanguage":"fr-FR"},{"@type":"Organization","@id":"https:\/\/you-stiftung.de\/#organization","name":"YOU Stiftung","url":"https:\/\/you-stiftung.de\/","logo":{"@type":"ImageObject","inLanguage":"fr-FR","@id":"https:\/\/you-stiftung.de\/#\/schema\/logo\/image\/","url":"https:\/\/you-stiftung.de\/wp-content\/uploads\/2021\/02\/YOU_Logo_pos_RGB_deutsch_RZ.png","contentUrl":"https:\/\/you-stiftung.de\/wp-content\/uploads\/2021\/02\/YOU_Logo_pos_RGB_deutsch_RZ.png","width":729,"height":449,"caption":"YOU Stiftung"},"image":{"@id":"https:\/\/you-stiftung.de\/#\/schema\/logo\/image\/"},"sameAs":["https:\/\/www.facebook.com\/youstiftung","https:\/\/www.instagram.com\/youstiftung"]},{"@type":"Person","@id":"https:\/\/you-stiftung.de\/#\/schema\/person\/a065471fd55d56b56b3656cf3866202c","name":"Hamid Mahamat","url":"https:\/\/you-stiftung.de\/fr\/author\/hamid\/"}]}},"_links":{"self":[{"href":"https:\/\/you-stiftung.de\/fr\/wp-json\/wp\/v2\/posts\/15783","targetHints":{"allow":["GET"]}}],"collection":[{"href":"https:\/\/you-stiftung.de\/fr\/wp-json\/wp\/v2\/posts"}],"about":[{"href":"https:\/\/you-stiftung.de\/fr\/wp-json\/wp\/v2\/types\/post"}],"author":[{"embeddable":true,"href":"https:\/\/you-stiftung.de\/fr\/wp-json\/wp\/v2\/users\/18"}],"replies":[{"embeddable":true,"href":"https:\/\/you-stiftung.de\/fr\/wp-json\/wp\/v2\/comments?post=15783"}],"version-history":[{"count":1,"href":"https:\/\/you-stiftung.de\/fr\/wp-json\/wp\/v2\/posts\/15783\/revisions"}],"predecessor-version":[{"id":15784,"href":"https:\/\/you-stiftung.de\/fr\/wp-json\/wp\/v2\/posts\/15783\/revisions\/15784"}],"wp:featuredmedia":[{"embeddable":true,"href":"https:\/\/you-stiftung.de\/fr\/wp-json\/wp\/v2\/media\/15088"}],"wp:attachment":[{"href":"https:\/\/you-stiftung.de\/fr\/wp-json\/wp\/v2\/media?parent=15783"}],"wp:term":[{"taxonomy":"category","embeddable":true,"href":"https:\/\/you-stiftung.de\/fr\/wp-json\/wp\/v2\/categories?post=15783"},{"taxonomy":"post_tag","embeddable":true,"href":"https:\/\/you-stiftung.de\/fr\/wp-json\/wp\/v2\/tags?post=15783"}],"curies":[{"name":"wp","href":"https:\/\/api.w.org\/{rel}","templated":true}]}}