{"id":13560,"date":"2021-09-16T15:01:27","date_gmt":"2021-09-16T13:01:27","guid":{"rendered":"https:\/\/you-charity.de\/a-la-regate-culturelle-de-voile-art4globalgoals-les-voiles-deviennent-une-toile-pour-la-campagne-de-17-objectifs-de-developpement\/"},"modified":"2021-09-16T15:15:31","modified_gmt":"2021-09-16T13:15:31","slug":"a-la-regate-culturelle-de-voile-art4globalgoals-les-voiles-deviennent-une-toile-pour-la-campagne-de-17-objectifs-de-developpement","status":"publish","type":"post","link":"https:\/\/you-stiftung.de\/fr\/a-la-regate-culturelle-de-voile-art4globalgoals-les-voiles-deviennent-une-toile-pour-la-campagne-de-17-objectifs-de-developpement\/","title":{"rendered":"\u00c0 LA R\u00c9GATE CULTURELLE DE VOILE # ART4GLOBALGOALS, LES VOILES DEVIENNENT UNE TOILE POUR LA CAMPAGNE DE 17 OBJECTIFS DE D\u00c9VELOPPEMENT"},"content":{"rendered":"\n<h4 class=\"wp-block-heading\">Naviguer pour la durabilit\u00e9<\/h4>\n\n\n\n<p>Une r\u00e9gate tr\u00e8s sp\u00e9ciale a d\u00e9but\u00e9 le 22 ao\u00fbt 2021 \u00e0 Monheim am Rhein : 17 voiliers, dont les voiles pour la campagne #Art4GlobalGoals de l&rsquo;Artiste international <a href=\"https:\/\/stefan-szczesny.com\/\" target=\"_blank\" rel=\"noreferrer noopener\">Stefan Szczesny <\/a>avec ses interpr\u00e9tations expressives des objectifs de d\u00e9veloppement durable (ODD) des Nations Unies (ONU), a commenc\u00e9 sous un soleil radieux de l&rsquo;autre c\u00f4t\u00e9 du Rhin en direction de D\u00fcsseldorf, y a atteint la ligne d&rsquo;arriv\u00e9e et a ramen\u00e9 les objectifs de durabilit\u00e9 \u00e0 la conscience des gens . Nous attendons d\u00e9j\u00e0 avec impatience la prochaine \u00e9tape de la r\u00e9gate et de l&rsquo;exposition le 25 septembre 21 \u00e0 Coblence.<\/p>\n\n\n\n<iframe title=\"#Sailing for #Art4GlobalGoals\" src=\"https:\/\/www.youtube.com\/embed\/hPrjN_gcIyM?feature=oembed&amp;wmode=opaque\" width=\"355\" height=\"200\" allowfullscreen=\"allowfullscreen\"><\/iframe>\n\n\n\n<p>En partenariat avec <a href=\"http:\/\/www.dirkgeuer.de\/\" target=\"_blank\" rel=\"noreferrer noopener\">Dirk Geuer<\/a>&nbsp;le&nbsp;<a href=\"https:\/\/shop.geuer-geuer-art.de\/\" target=\"_blank\" rel=\"noreferrer noopener\">Geuer &amp; Geuer Art<\/a>&nbsp;et le peintre de renomm\u00e9e internationale <a href=\"https:\/\/stefan-szczesny.com\/\" target=\"_blank\" rel=\"noreferrer noopener\">Stefan Szcesny<\/a>,\n\nla Fondation YOU, la maison d&rsquo;\u00e9dition artstar de D\u00fcsseldorf, la Segel Bundesliga et la Monheimer Kulturwerke, l&rsquo;exposition SAILING # Art4GlobalGoals a \u00e9t\u00e9 cr\u00e9\u00e9e sur l&rsquo;eau et en m\u00eame temps une campagne accrocheuse sur la durabilit\u00e9 lors de la c\u00e9l\u00e9bration de l&rsquo;anniversaire du 75e anniversaire de la \u00e9tat de Rh\u00e9nanie du Nord-Westphalie.<\/p>\n\n\n\n<figure class=\"wp-block-gallery columns-2 is-cropped wp-block-gallery-2 is-layout-flex wp-block-gallery-is-layout-flex\"><ul class=\"blocks-gallery-grid\"><li class=\"blocks-gallery-item\"><figure><a href=\"https:\/\/you-stiftung.de\/wp-content\/uploads\/2021\/09\/20210822_122324-750x382-1.jpg\"><img fetchpriority=\"high\" decoding=\"async\" width=\"750\" height=\"382\" src=\"https:\/\/you-stiftung.de\/wp-content\/uploads\/2021\/09\/20210822_122324-750x382-1.jpg\" alt=\"\" data-id=\"13548\" data-full-url=\"https:\/\/you-stiftung.de\/wp-content\/uploads\/2021\/09\/20210822_122324-750x382-1.jpg\" data-link=\"https:\/\/you-stiftung.de\/de\/?attachment_id=13548\" class=\"wp-image-13548\" srcset=\"https:\/\/you-stiftung.de\/wp-content\/uploads\/2021\/09\/20210822_122324-750x382-1.jpg 750w, https:\/\/you-stiftung.de\/wp-content\/uploads\/2021\/09\/20210822_122324-750x382-1-300x153.jpg 300w\" sizes=\"(max-width: 750px) 100vw, 750px\" \/><\/a><\/figure><\/li><li class=\"blocks-gallery-item\"><figure><a href=\"https:\/\/you-stiftung.de\/wp-content\/uploads\/2021\/09\/20210822_141942-646x750-1.jpg\"><img decoding=\"async\" width=\"646\" height=\"750\" src=\"https:\/\/you-stiftung.de\/wp-content\/uploads\/2021\/09\/20210822_141942-646x750-1.jpg\" alt=\"\" data-id=\"13551\" data-full-url=\"https:\/\/you-stiftung.de\/wp-content\/uploads\/2021\/09\/20210822_141942-646x750-1.jpg\" data-link=\"https:\/\/you-stiftung.de\/de\/?attachment_id=13551\" class=\"wp-image-13551\" srcset=\"https:\/\/you-stiftung.de\/wp-content\/uploads\/2021\/09\/20210822_141942-646x750-1.jpg 646w, https:\/\/you-stiftung.de\/wp-content\/uploads\/2021\/09\/20210822_141942-646x750-1-258x300.jpg 258w\" sizes=\"(max-width: 646px) 100vw, 646px\" \/><\/a><\/figure><\/li><\/ul><\/figure>\n\n\n\n<p># Art4GlobalGoals avec le soutien de l&rsquo;UNESCO, une campagne de <a href=\"https:\/\/you-stiftung.de\/\">YOU Stiftung<\/a> et le&nbsp;<a href=\"https:\/\/shop.geuer-geuer-art.de\/\" target=\"_blank\" rel=\"noreferrer noopener\">Geuer und Geuer Art<\/a>,&nbsp;qui attire l&rsquo;attention sur les 17 objectifs mondiaux de d\u00e9veloppement durable, dont \u00ab&nbsp;\u00c9liminer la faim&nbsp;\u00bb, \u00ab&nbsp;Pas de pauvret\u00e9&nbsp;\u00bb, \u00ab&nbsp;Sant\u00e9 et bien-\u00eatre&nbsp;\u00bb, \u00ab&nbsp;\u00c9ducation qualitative&nbsp;\u00bb, \u00ab&nbsp;\u00c9galit\u00e9 des genres&nbsp;\u00bb, a \u00e9t\u00e9 \u00e9largi avec SAILING # Art4GlobalGoals. La voile est un moyen extr\u00eamement appropri\u00e9 pour cela, ce qui souligne la durabilit\u00e9.<\/p>\n\n\n\n<p>La vice-pr\u00e9sidente du conseil d&rsquo;administration de la Fondation YOU, Claudia Jerger, a navigu\u00e9 sur le bateau dont les voiles repr\u00e9sentent l&rsquo;ODD n\u00b04, \u00ab\u00a0Une \u00e9ducation de haute qualit\u00e9\u00a0\u00bb, et s&rsquo;est montr\u00e9e enthousiaste et remercie tous ceux qui ont particip\u00e9 \u00e0 cette campagne unique. Une exp\u00e9rience qui contribue \u00e0 la mise en \u0153uvre de la mission de la Fondation YOU, \u00e0 savoir r\u00e9pondre aux besoins des personnes d\u00e9favoris\u00e9es dans le monde. Des \u00e9ditions des \u0153uvres d&rsquo;art peuvent \u00eatre achet\u00e9es, une partie des b\u00e9n\u00e9fices \u00e9tant revers\u00e9e \u00e0 la Fondation YOU pour des projets \u00e9ducatifs.<\/p>\n\n\n\n<p>La prochaine \u00e9tape de la r\u00e9gate culturelle \u00ab\u00a0Sailing # Art4GlobalGoals\u00a0\u00bb sera la tourn\u00e9e de 2 jours le 25\/26. Septembre \u00eatre de Coblence \u00e0 Monheim.<\/p>\n","protected":false},"excerpt":{"rendered":"<p>Naviguer pour la durabilit\u00e9 Une r\u00e9gate tr\u00e8s sp\u00e9ciale a d\u00e9but\u00e9 le 22 ao\u00fbt 2021 \u00e0 Monheim am Rhein : 17 voiliers, dont les voiles pour la campagne #Art4GlobalGoals de l&rsquo;Artiste international Stefan Szczesny avec ses interpr\u00e9tations expressives des objectifs de d\u00e9veloppement durable (ODD) des Nations Unies (ONU), a commenc\u00e9 sous un soleil radieux de l&rsquo;autre [&hellip;]<\/p>\n","protected":false},"author":15,"featured_media":13556,"comment_status":"closed","ping_status":"closed","sticky":false,"template":"","format":"standard","meta":{"footnotes":""},"categories":[443],"tags":[],"class_list":["post-13560","post","type-post","status-publish","format-standard","has-post-thumbnail","hentry","category-non-classifiee"],"yoast_head":"<!-- This site is optimized with the Yoast SEO plugin v27.4 - https:\/\/yoast.com\/product\/yoast-seo-wordpress\/ -->\n<title>\u00c0 LA R\u00c9GATE CULTURELLE DE VOILE # ART4GLOBALGOALS, LES VOILES DEVIENNENT UNE TOILE POUR LA CAMPAGNE DE 17 OBJECTIFS DE D\u00c9VELOPPEMENT &#8211; You Stiftung<\/title>\n<meta name=\"robots\" content=\"index, follow, max-snippet:-1, max-image-preview:large, max-video-preview:-1\" \/>\n<link rel=\"canonical\" href=\"https:\/\/you-stiftung.de\/fr\/a-la-regate-culturelle-de-voile-art4globalgoals-les-voiles-deviennent-une-toile-pour-la-campagne-de-17-objectifs-de-developpement\/\" \/>\n<meta property=\"og:locale\" content=\"fr_FR\" \/>\n<meta property=\"og:type\" content=\"article\" \/>\n<meta property=\"og:title\" content=\"\u00c0 LA R\u00c9GATE CULTURELLE DE VOILE # ART4GLOBALGOALS, LES VOILES DEVIENNENT UNE TOILE POUR LA CAMPAGNE DE 17 OBJECTIFS DE D\u00c9VELOPPEMENT &#8211; You Stiftung\" \/>\n<meta property=\"og:description\" content=\"Naviguer pour la durabilit\u00e9 Une r\u00e9gate tr\u00e8s sp\u00e9ciale a d\u00e9but\u00e9 le 22 ao\u00fbt 2021 \u00e0 Monheim am Rhein : 17 voiliers, dont les voiles pour la campagne #Art4GlobalGoals de l&rsquo;Artiste international Stefan Szczesny avec ses interpr\u00e9tations expressives des objectifs de d\u00e9veloppement durable (ODD) des Nations Unies (ONU), a commenc\u00e9 sous un soleil radieux de l&rsquo;autre [&hellip;]\" \/>\n<meta property=\"og:url\" content=\"https:\/\/you-stiftung.de\/fr\/a-la-regate-culturelle-de-voile-art4globalgoals-les-voiles-deviennent-une-toile-pour-la-campagne-de-17-objectifs-de-developpement\/\" \/>\n<meta property=\"og:site_name\" content=\"You Stiftung\" \/>\n<meta property=\"article:publisher\" content=\"https:\/\/www.facebook.com\/youstiftung\" \/>\n<meta property=\"article:published_time\" content=\"2021-09-16T13:01:27+00:00\" \/>\n<meta property=\"article:modified_time\" content=\"2021-09-16T13:15:31+00:00\" \/>\n<meta property=\"og:image\" content=\"https:\/\/you-stiftung.de\/wp-content\/uploads\/2021\/09\/20210822_142623-750x579-1.jpg\" \/>\n\t<meta property=\"og:image:width\" content=\"750\" \/>\n\t<meta property=\"og:image:height\" content=\"579\" \/>\n\t<meta property=\"og:image:type\" content=\"image\/jpeg\" \/>\n<meta name=\"author\" content=\"Christina Uhr\" \/>\n<meta name=\"twitter:card\" content=\"summary_large_image\" \/>\n<meta name=\"twitter:label1\" content=\"\u00c9crit par\" \/>\n\t<meta name=\"twitter:data1\" content=\"Christina Uhr\" \/>\n\t<meta name=\"twitter:label2\" content=\"Dur\u00e9e de lecture estim\u00e9e\" \/>\n\t<meta name=\"twitter:data2\" content=\"2 minutes\" \/>\n<script type=\"application\/ld+json\" class=\"yoast-schema-graph\">{\"@context\":\"https:\\\/\\\/schema.org\",\"@graph\":[{\"@type\":\"Article\",\"@id\":\"https:\\\/\\\/you-stiftung.de\\\/fr\\\/a-la-regate-culturelle-de-voile-art4globalgoals-les-voiles-deviennent-une-toile-pour-la-campagne-de-17-objectifs-de-developpement\\\/#article\",\"isPartOf\":{\"@id\":\"https:\\\/\\\/you-stiftung.de\\\/fr\\\/a-la-regate-culturelle-de-voile-art4globalgoals-les-voiles-deviennent-une-toile-pour-la-campagne-de-17-objectifs-de-developpement\\\/\"},\"author\":{\"name\":\"Christina Uhr\",\"@id\":\"https:\\\/\\\/you-stiftung.de\\\/#\\\/schema\\\/person\\\/d25b48a34e05346efa7866132da05213\"},\"headline\":\"\u00c0 LA R\u00c9GATE CULTURELLE DE VOILE # ART4GLOBALGOALS, LES VOILES DEVIENNENT UNE TOILE POUR LA CAMPAGNE DE 17 OBJECTIFS DE D\u00c9VELOPPEMENT\",\"datePublished\":\"2021-09-16T13:01:27+00:00\",\"dateModified\":\"2021-09-16T13:15:31+00:00\",\"mainEntityOfPage\":{\"@id\":\"https:\\\/\\\/you-stiftung.de\\\/fr\\\/a-la-regate-culturelle-de-voile-art4globalgoals-les-voiles-deviennent-une-toile-pour-la-campagne-de-17-objectifs-de-developpement\\\/\"},\"wordCount\":418,\"publisher\":{\"@id\":\"https:\\\/\\\/you-stiftung.de\\\/#organization\"},\"image\":{\"@id\":\"https:\\\/\\\/you-stiftung.de\\\/fr\\\/a-la-regate-culturelle-de-voile-art4globalgoals-les-voiles-deviennent-une-toile-pour-la-campagne-de-17-objectifs-de-developpement\\\/#primaryimage\"},\"thumbnailUrl\":\"https:\\\/\\\/you-stiftung.de\\\/wp-content\\\/uploads\\\/2021\\\/09\\\/20210822_142623-750x579-1.jpg\",\"articleSection\":[\"Non classifi\u00e9(e)\"],\"inLanguage\":\"fr-FR\"},{\"@type\":\"WebPage\",\"@id\":\"https:\\\/\\\/you-stiftung.de\\\/fr\\\/a-la-regate-culturelle-de-voile-art4globalgoals-les-voiles-deviennent-une-toile-pour-la-campagne-de-17-objectifs-de-developpement\\\/\",\"url\":\"https:\\\/\\\/you-stiftung.de\\\/fr\\\/a-la-regate-culturelle-de-voile-art4globalgoals-les-voiles-deviennent-une-toile-pour-la-campagne-de-17-objectifs-de-developpement\\\/\",\"name\":\"\u00c0 LA R\u00c9GATE CULTURELLE DE VOILE # ART4GLOBALGOALS, LES VOILES DEVIENNENT UNE TOILE POUR LA CAMPAGNE DE 17 OBJECTIFS DE D\u00c9VELOPPEMENT &#8211; You Stiftung\",\"isPartOf\":{\"@id\":\"https:\\\/\\\/you-stiftung.de\\\/#website\"},\"primaryImageOfPage\":{\"@id\":\"https:\\\/\\\/you-stiftung.de\\\/fr\\\/a-la-regate-culturelle-de-voile-art4globalgoals-les-voiles-deviennent-une-toile-pour-la-campagne-de-17-objectifs-de-developpement\\\/#primaryimage\"},\"image\":{\"@id\":\"https:\\\/\\\/you-stiftung.de\\\/fr\\\/a-la-regate-culturelle-de-voile-art4globalgoals-les-voiles-deviennent-une-toile-pour-la-campagne-de-17-objectifs-de-developpement\\\/#primaryimage\"},\"thumbnailUrl\":\"https:\\\/\\\/you-stiftung.de\\\/wp-content\\\/uploads\\\/2021\\\/09\\\/20210822_142623-750x579-1.jpg\",\"datePublished\":\"2021-09-16T13:01:27+00:00\",\"dateModified\":\"2021-09-16T13:15:31+00:00\",\"breadcrumb\":{\"@id\":\"https:\\\/\\\/you-stiftung.de\\\/fr\\\/a-la-regate-culturelle-de-voile-art4globalgoals-les-voiles-deviennent-une-toile-pour-la-campagne-de-17-objectifs-de-developpement\\\/#breadcrumb\"},\"inLanguage\":\"fr-FR\",\"potentialAction\":[{\"@type\":\"ReadAction\",\"target\":[\"https:\\\/\\\/you-stiftung.de\\\/fr\\\/a-la-regate-culturelle-de-voile-art4globalgoals-les-voiles-deviennent-une-toile-pour-la-campagne-de-17-objectifs-de-developpement\\\/\"]}]},{\"@type\":\"ImageObject\",\"inLanguage\":\"fr-FR\",\"@id\":\"https:\\\/\\\/you-stiftung.de\\\/fr\\\/a-la-regate-culturelle-de-voile-art4globalgoals-les-voiles-deviennent-une-toile-pour-la-campagne-de-17-objectifs-de-developpement\\\/#primaryimage\",\"url\":\"https:\\\/\\\/you-stiftung.de\\\/wp-content\\\/uploads\\\/2021\\\/09\\\/20210822_142623-750x579-1.jpg\",\"contentUrl\":\"https:\\\/\\\/you-stiftung.de\\\/wp-content\\\/uploads\\\/2021\\\/09\\\/20210822_142623-750x579-1.jpg\",\"width\":750,\"height\":579,\"caption\":\"20210822 142623 750x579 1\"},{\"@type\":\"BreadcrumbList\",\"@id\":\"https:\\\/\\\/you-stiftung.de\\\/fr\\\/a-la-regate-culturelle-de-voile-art4globalgoals-les-voiles-deviennent-une-toile-pour-la-campagne-de-17-objectifs-de-developpement\\\/#breadcrumb\",\"itemListElement\":[{\"@type\":\"ListItem\",\"position\":1,\"name\":\"Home\",\"item\":\"https:\\\/\\\/you-stiftung.de\\\/fr\\\/accueil-fr\\\/\"},{\"@type\":\"ListItem\",\"position\":2,\"name\":\"\u00c0 LA R\u00c9GATE CULTURELLE DE VOILE # ART4GLOBALGOALS, LES VOILES DEVIENNENT UNE TOILE POUR LA CAMPAGNE DE 17 OBJECTIFS DE D\u00c9VELOPPEMENT\"}]},{\"@type\":\"WebSite\",\"@id\":\"https:\\\/\\\/you-stiftung.de\\\/#website\",\"url\":\"https:\\\/\\\/you-stiftung.de\\\/\",\"name\":\"YOU Stiftung\",\"description\":\"Bildung f\u00fcr Kinder in Not\",\"publisher\":{\"@id\":\"https:\\\/\\\/you-stiftung.de\\\/#organization\"},\"potentialAction\":[{\"@type\":\"SearchAction\",\"target\":{\"@type\":\"EntryPoint\",\"urlTemplate\":\"https:\\\/\\\/you-stiftung.de\\\/?s={search_term_string}\"},\"query-input\":{\"@type\":\"PropertyValueSpecification\",\"valueRequired\":true,\"valueName\":\"search_term_string\"}}],\"inLanguage\":\"fr-FR\"},{\"@type\":\"Organization\",\"@id\":\"https:\\\/\\\/you-stiftung.de\\\/#organization\",\"name\":\"YOU Stiftung\",\"url\":\"https:\\\/\\\/you-stiftung.de\\\/\",\"logo\":{\"@type\":\"ImageObject\",\"inLanguage\":\"fr-FR\",\"@id\":\"https:\\\/\\\/you-stiftung.de\\\/#\\\/schema\\\/logo\\\/image\\\/\",\"url\":\"https:\\\/\\\/you-stiftung.de\\\/wp-content\\\/uploads\\\/2021\\\/02\\\/YOU_Logo_pos_RGB_deutsch_RZ.png\",\"contentUrl\":\"https:\\\/\\\/you-stiftung.de\\\/wp-content\\\/uploads\\\/2021\\\/02\\\/YOU_Logo_pos_RGB_deutsch_RZ.png\",\"width\":729,\"height\":449,\"caption\":\"YOU Stiftung\"},\"image\":{\"@id\":\"https:\\\/\\\/you-stiftung.de\\\/#\\\/schema\\\/logo\\\/image\\\/\"},\"sameAs\":[\"https:\\\/\\\/www.facebook.com\\\/youstiftung\",\"https:\\\/\\\/www.instagram.com\\\/youstiftung\"]},{\"@type\":\"Person\",\"@id\":\"https:\\\/\\\/you-stiftung.de\\\/#\\\/schema\\\/person\\\/d25b48a34e05346efa7866132da05213\",\"name\":\"Christina Uhr\",\"url\":\"https:\\\/\\\/you-stiftung.de\\\/fr\\\/author\\\/christina-uhr\\\/\"}]}<\/script>\n<!-- \/ Yoast SEO plugin. -->","yoast_head_json":{"title":"\u00c0 LA R\u00c9GATE CULTURELLE DE VOILE # ART4GLOBALGOALS, LES VOILES DEVIENNENT UNE TOILE POUR LA CAMPAGNE DE 17 OBJECTIFS DE D\u00c9VELOPPEMENT &#8211; You Stiftung","robots":{"index":"index","follow":"follow","max-snippet":"max-snippet:-1","max-image-preview":"max-image-preview:large","max-video-preview":"max-video-preview:-1"},"canonical":"https:\/\/you-stiftung.de\/fr\/a-la-regate-culturelle-de-voile-art4globalgoals-les-voiles-deviennent-une-toile-pour-la-campagne-de-17-objectifs-de-developpement\/","og_locale":"fr_FR","og_type":"article","og_title":"\u00c0 LA R\u00c9GATE CULTURELLE DE VOILE # ART4GLOBALGOALS, LES VOILES DEVIENNENT UNE TOILE POUR LA CAMPAGNE DE 17 OBJECTIFS DE D\u00c9VELOPPEMENT &#8211; You Stiftung","og_description":"Naviguer pour la durabilit\u00e9 Une r\u00e9gate tr\u00e8s sp\u00e9ciale a d\u00e9but\u00e9 le 22 ao\u00fbt 2021 \u00e0 Monheim am Rhein : 17 voiliers, dont les voiles pour la campagne #Art4GlobalGoals de l&rsquo;Artiste international Stefan Szczesny avec ses interpr\u00e9tations expressives des objectifs de d\u00e9veloppement durable (ODD) des Nations Unies (ONU), a commenc\u00e9 sous un soleil radieux de l&rsquo;autre [&hellip;]","og_url":"https:\/\/you-stiftung.de\/fr\/a-la-regate-culturelle-de-voile-art4globalgoals-les-voiles-deviennent-une-toile-pour-la-campagne-de-17-objectifs-de-developpement\/","og_site_name":"You Stiftung","article_publisher":"https:\/\/www.facebook.com\/youstiftung","article_published_time":"2021-09-16T13:01:27+00:00","article_modified_time":"2021-09-16T13:15:31+00:00","og_image":[{"width":750,"height":579,"url":"https:\/\/you-stiftung.de\/wp-content\/uploads\/2021\/09\/20210822_142623-750x579-1.jpg","type":"image\/jpeg"}],"author":"Christina Uhr","twitter_card":"summary_large_image","twitter_misc":{"\u00c9crit par":"Christina Uhr","Dur\u00e9e de lecture estim\u00e9e":"2 minutes"},"schema":{"@context":"https:\/\/schema.org","@graph":[{"@type":"Article","@id":"https:\/\/you-stiftung.de\/fr\/a-la-regate-culturelle-de-voile-art4globalgoals-les-voiles-deviennent-une-toile-pour-la-campagne-de-17-objectifs-de-developpement\/#article","isPartOf":{"@id":"https:\/\/you-stiftung.de\/fr\/a-la-regate-culturelle-de-voile-art4globalgoals-les-voiles-deviennent-une-toile-pour-la-campagne-de-17-objectifs-de-developpement\/"},"author":{"name":"Christina Uhr","@id":"https:\/\/you-stiftung.de\/#\/schema\/person\/d25b48a34e05346efa7866132da05213"},"headline":"\u00c0 LA R\u00c9GATE CULTURELLE DE VOILE # ART4GLOBALGOALS, LES VOILES DEVIENNENT UNE TOILE POUR LA CAMPAGNE DE 17 OBJECTIFS DE D\u00c9VELOPPEMENT","datePublished":"2021-09-16T13:01:27+00:00","dateModified":"2021-09-16T13:15:31+00:00","mainEntityOfPage":{"@id":"https:\/\/you-stiftung.de\/fr\/a-la-regate-culturelle-de-voile-art4globalgoals-les-voiles-deviennent-une-toile-pour-la-campagne-de-17-objectifs-de-developpement\/"},"wordCount":418,"publisher":{"@id":"https:\/\/you-stiftung.de\/#organization"},"image":{"@id":"https:\/\/you-stiftung.de\/fr\/a-la-regate-culturelle-de-voile-art4globalgoals-les-voiles-deviennent-une-toile-pour-la-campagne-de-17-objectifs-de-developpement\/#primaryimage"},"thumbnailUrl":"https:\/\/you-stiftung.de\/wp-content\/uploads\/2021\/09\/20210822_142623-750x579-1.jpg","articleSection":["Non classifi\u00e9(e)"],"inLanguage":"fr-FR"},{"@type":"WebPage","@id":"https:\/\/you-stiftung.de\/fr\/a-la-regate-culturelle-de-voile-art4globalgoals-les-voiles-deviennent-une-toile-pour-la-campagne-de-17-objectifs-de-developpement\/","url":"https:\/\/you-stiftung.de\/fr\/a-la-regate-culturelle-de-voile-art4globalgoals-les-voiles-deviennent-une-toile-pour-la-campagne-de-17-objectifs-de-developpement\/","name":"\u00c0 LA R\u00c9GATE CULTURELLE DE VOILE # ART4GLOBALGOALS, LES VOILES DEVIENNENT UNE TOILE POUR LA CAMPAGNE DE 17 OBJECTIFS DE D\u00c9VELOPPEMENT &#8211; You Stiftung","isPartOf":{"@id":"https:\/\/you-stiftung.de\/#website"},"primaryImageOfPage":{"@id":"https:\/\/you-stiftung.de\/fr\/a-la-regate-culturelle-de-voile-art4globalgoals-les-voiles-deviennent-une-toile-pour-la-campagne-de-17-objectifs-de-developpement\/#primaryimage"},"image":{"@id":"https:\/\/you-stiftung.de\/fr\/a-la-regate-culturelle-de-voile-art4globalgoals-les-voiles-deviennent-une-toile-pour-la-campagne-de-17-objectifs-de-developpement\/#primaryimage"},"thumbnailUrl":"https:\/\/you-stiftung.de\/wp-content\/uploads\/2021\/09\/20210822_142623-750x579-1.jpg","datePublished":"2021-09-16T13:01:27+00:00","dateModified":"2021-09-16T13:15:31+00:00","breadcrumb":{"@id":"https:\/\/you-stiftung.de\/fr\/a-la-regate-culturelle-de-voile-art4globalgoals-les-voiles-deviennent-une-toile-pour-la-campagne-de-17-objectifs-de-developpement\/#breadcrumb"},"inLanguage":"fr-FR","potentialAction":[{"@type":"ReadAction","target":["https:\/\/you-stiftung.de\/fr\/a-la-regate-culturelle-de-voile-art4globalgoals-les-voiles-deviennent-une-toile-pour-la-campagne-de-17-objectifs-de-developpement\/"]}]},{"@type":"ImageObject","inLanguage":"fr-FR","@id":"https:\/\/you-stiftung.de\/fr\/a-la-regate-culturelle-de-voile-art4globalgoals-les-voiles-deviennent-une-toile-pour-la-campagne-de-17-objectifs-de-developpement\/#primaryimage","url":"https:\/\/you-stiftung.de\/wp-content\/uploads\/2021\/09\/20210822_142623-750x579-1.jpg","contentUrl":"https:\/\/you-stiftung.de\/wp-content\/uploads\/2021\/09\/20210822_142623-750x579-1.jpg","width":750,"height":579,"caption":"20210822 142623 750x579 1"},{"@type":"BreadcrumbList","@id":"https:\/\/you-stiftung.de\/fr\/a-la-regate-culturelle-de-voile-art4globalgoals-les-voiles-deviennent-une-toile-pour-la-campagne-de-17-objectifs-de-developpement\/#breadcrumb","itemListElement":[{"@type":"ListItem","position":1,"name":"Home","item":"https:\/\/you-stiftung.de\/fr\/accueil-fr\/"},{"@type":"ListItem","position":2,"name":"\u00c0 LA R\u00c9GATE CULTURELLE DE VOILE # ART4GLOBALGOALS, LES VOILES DEVIENNENT UNE TOILE POUR LA CAMPAGNE DE 17 OBJECTIFS DE D\u00c9VELOPPEMENT"}]},{"@type":"WebSite","@id":"https:\/\/you-stiftung.de\/#website","url":"https:\/\/you-stiftung.de\/","name":"YOU Stiftung","description":"Bildung f\u00fcr Kinder in Not","publisher":{"@id":"https:\/\/you-stiftung.de\/#organization"},"potentialAction":[{"@type":"SearchAction","target":{"@type":"EntryPoint","urlTemplate":"https:\/\/you-stiftung.de\/?s={search_term_string}"},"query-input":{"@type":"PropertyValueSpecification","valueRequired":true,"valueName":"search_term_string"}}],"inLanguage":"fr-FR"},{"@type":"Organization","@id":"https:\/\/you-stiftung.de\/#organization","name":"YOU Stiftung","url":"https:\/\/you-stiftung.de\/","logo":{"@type":"ImageObject","inLanguage":"fr-FR","@id":"https:\/\/you-stiftung.de\/#\/schema\/logo\/image\/","url":"https:\/\/you-stiftung.de\/wp-content\/uploads\/2021\/02\/YOU_Logo_pos_RGB_deutsch_RZ.png","contentUrl":"https:\/\/you-stiftung.de\/wp-content\/uploads\/2021\/02\/YOU_Logo_pos_RGB_deutsch_RZ.png","width":729,"height":449,"caption":"YOU Stiftung"},"image":{"@id":"https:\/\/you-stiftung.de\/#\/schema\/logo\/image\/"},"sameAs":["https:\/\/www.facebook.com\/youstiftung","https:\/\/www.instagram.com\/youstiftung"]},{"@type":"Person","@id":"https:\/\/you-stiftung.de\/#\/schema\/person\/d25b48a34e05346efa7866132da05213","name":"Christina Uhr","url":"https:\/\/you-stiftung.de\/fr\/author\/christina-uhr\/"}]}},"_links":{"self":[{"href":"https:\/\/you-stiftung.de\/fr\/wp-json\/wp\/v2\/posts\/13560","targetHints":{"allow":["GET"]}}],"collection":[{"href":"https:\/\/you-stiftung.de\/fr\/wp-json\/wp\/v2\/posts"}],"about":[{"href":"https:\/\/you-stiftung.de\/fr\/wp-json\/wp\/v2\/types\/post"}],"author":[{"embeddable":true,"href":"https:\/\/you-stiftung.de\/fr\/wp-json\/wp\/v2\/users\/15"}],"replies":[{"embeddable":true,"href":"https:\/\/you-stiftung.de\/fr\/wp-json\/wp\/v2\/comments?post=13560"}],"version-history":[{"count":2,"href":"https:\/\/you-stiftung.de\/fr\/wp-json\/wp\/v2\/posts\/13560\/revisions"}],"predecessor-version":[{"id":13562,"href":"https:\/\/you-stiftung.de\/fr\/wp-json\/wp\/v2\/posts\/13560\/revisions\/13562"}],"wp:featuredmedia":[{"embeddable":true,"href":"https:\/\/you-stiftung.de\/fr\/wp-json\/wp\/v2\/media\/13556"}],"wp:attachment":[{"href":"https:\/\/you-stiftung.de\/fr\/wp-json\/wp\/v2\/media?parent=13560"}],"wp:term":[{"taxonomy":"category","embeddable":true,"href":"https:\/\/you-stiftung.de\/fr\/wp-json\/wp\/v2\/categories?post=13560"},{"taxonomy":"post_tag","embeddable":true,"href":"https:\/\/you-stiftung.de\/fr\/wp-json\/wp\/v2\/tags?post=13560"}],"curies":[{"name":"wp","href":"https:\/\/api.w.org\/{rel}","templated":true}]}}