{"id":12455,"date":"2015-09-22T12:08:13","date_gmt":"2015-09-22T10:08:13","guid":{"rendered":"https:\/\/you-charity.de\/reconstruction-de-la-garderie-denfants-a-olovo\/"},"modified":"2021-08-24T23:41:43","modified_gmt":"2021-08-24T21:41:43","slug":"reconstruction-de-la-garderie-denfants-a-olovo","status":"publish","type":"post","link":"https:\/\/you-stiftung.de\/fr\/reconstruction-de-la-garderie-denfants-a-olovo\/","title":{"rendered":"Reconstruction de la garderie d&rsquo;enfants \u00e0 Olovo"},"content":{"rendered":"<p>Apr\u00e8s de tr\u00e8s fortes pluies en mai et ao\u00fbt 2014, 30&nbsp;% de la Bosnie-Herz\u00e9govine a \u00e9t\u00e9 touch\u00e9e par des inondations d\u00e9vastatrices. Plus de 100 000 maisons et b\u00e2timents ont \u00e9t\u00e9 d\u00e9truits par les inondations, y compris la garderie pour enfants \u00e0 Olovo.<\/p>\n<table class=\"table-bordered\">\n<tbody>\n<tr>\n<td>Project Region<\/td>\n<td>Olovo \/ Bosnia and Herzegovina<\/td>\n<td rowspan=\"3\"><a href=\"http:\/\/you-stiftung.de\/wp-content\/uploads\/2015\/09\/europa.png\"><img decoding=\"async\" class=\"aligncenter size-full wp-image-659\" src=\"http:\/\/you-stiftung.de\/wp-content\/uploads\/2015\/09\/europa.png\" alt=\"europa\" width=\"206\" height=\"200\"><\/a><\/td>\n<\/tr>\n<tr>\n<td>Project Title<\/td>\n<td>Rebuilding the Children&rsquo;s Day Care Center in Olovo<\/td>\n<\/tr>\n<tr>\n<td>Project Year<\/td>\n<td>2014<\/td>\n<\/tr>\n<\/tbody>\n<\/table>\n<div class=\"full-img\"><a href=\"http:\/\/you-stiftung.de\/wp-content\/uploads\/2015\/08\/Kindergarden_Maglaj_4.jpg\"><img fetchpriority=\"high\" decoding=\"async\" class=\"alignnone wp-image-339 size-full\" src=\"http:\/\/you-stiftung.de\/wp-content\/uploads\/2015\/08\/Kindergarden_Maglaj_4.jpg\" alt=\"Kindergarden_Maglaj_4\" width=\"780\" height=\"438\" srcset=\"https:\/\/you-stiftung.de\/wp-content\/uploads\/2015\/08\/Kindergarden_Maglaj_4.jpg 780w, https:\/\/you-stiftung.de\/wp-content\/uploads\/2015\/08\/Kindergarden_Maglaj_4-600x337.jpg 600w, https:\/\/you-stiftung.de\/wp-content\/uploads\/2015\/08\/Kindergarden_Maglaj_4-300x168.jpg 300w\" sizes=\"(max-width: 780px) 100vw, 780px\" \/><\/a><\/div>\n<p>La garderie \u00e9tait un endroit s\u00fbr pour les enfants \u00e2g\u00e9s de 6 \u00e0 15 ans. Au centre, ils pouvaient jouer, faire leurs devoirs et faire du sport. Avec ce projet d&rsquo;assistance imm\u00e9diate, le centre a \u00e9t\u00e9 enti\u00e8rement r\u00e9nov\u00e9 afin que les enfants traumatis\u00e9s puissent rapidement retourner dans un endroit o\u00f9 ils se sentent en s\u00e9curit\u00e9 et puissent avoir une routine quotidienne normale. Les enfants ont \u00e9galement re\u00e7u des conseils psychologiques.<\/p>\n","protected":false},"excerpt":{"rendered":"<p>Apr\u00e8s de tr\u00e8s fortes pluies en mai et ao\u00fbt 2014, 30&nbsp;% de la Bosnie-Herz\u00e9govine a \u00e9t\u00e9 touch\u00e9e par des inondations d\u00e9vastatrices. Plus de 100 000 maisons et b\u00e2timents ont \u00e9t\u00e9 d\u00e9truits par les inondations, y compris la garderie pour enfants \u00e0 Olovo. Project Region Olovo \/ Bosnia and Herzegovina Project Title Rebuilding the Children&rsquo;s Day [&hellip;]<\/p>\n","protected":false},"author":9,"featured_media":11910,"comment_status":"closed","ping_status":"closed","sticky":false,"template":"","format":"standard","meta":{"footnotes":""},"categories":[541],"tags":[506,507,543,470,364,542],"class_list":["post-12455","post","type-post","status-publish","format-standard","has-post-thumbnail","hentry","category-bosnie-herzegovine","tag-aide-durgence","tag-assistance-immediate","tag-bosnie","tag-enfants","tag-europe","tag-europe-fr"],"yoast_head":"<!-- This site is optimized with the Yoast SEO plugin v27.4 - https:\/\/yoast.com\/product\/yoast-seo-wordpress\/ -->\n<title>Reconstruction de la garderie d&#039;enfants \u00e0 Olovo &#8211; You Stiftung<\/title>\n<meta name=\"robots\" content=\"index, follow, max-snippet:-1, max-image-preview:large, max-video-preview:-1\" \/>\n<link rel=\"canonical\" href=\"https:\/\/you-stiftung.de\/fr\/reconstruction-de-la-garderie-denfants-a-olovo\/\" \/>\n<meta property=\"og:locale\" content=\"fr_FR\" \/>\n<meta property=\"og:type\" content=\"article\" \/>\n<meta property=\"og:title\" content=\"Reconstruction de la garderie d&#039;enfants \u00e0 Olovo &#8211; You Stiftung\" \/>\n<meta property=\"og:description\" content=\"Apr\u00e8s de tr\u00e8s fortes pluies en mai et ao\u00fbt 2014, 30&nbsp;% de la Bosnie-Herz\u00e9govine a \u00e9t\u00e9 touch\u00e9e par des inondations d\u00e9vastatrices. Plus de 100 000 maisons et b\u00e2timents ont \u00e9t\u00e9 d\u00e9truits par les inondations, y compris la garderie pour enfants \u00e0 Olovo. Project Region Olovo \/ Bosnia and Herzegovina Project Title Rebuilding the Children&rsquo;s Day [&hellip;]\" \/>\n<meta property=\"og:url\" content=\"https:\/\/you-stiftung.de\/fr\/reconstruction-de-la-garderie-denfants-a-olovo\/\" \/>\n<meta property=\"og:site_name\" content=\"You Stiftung\" \/>\n<meta property=\"article:publisher\" content=\"https:\/\/www.facebook.com\/youstiftung\" \/>\n<meta property=\"article:published_time\" content=\"2015-09-22T10:08:13+00:00\" \/>\n<meta property=\"article:modified_time\" content=\"2021-08-24T21:41:43+00:00\" \/>\n<meta property=\"og:image\" content=\"https:\/\/you-stiftung.de\/wp-content\/uploads\/2021\/01\/join_one_bg_1.jpg\" \/>\n\t<meta property=\"og:image:width\" content=\"1920\" \/>\n\t<meta property=\"og:image:height\" content=\"1200\" \/>\n\t<meta property=\"og:image:type\" content=\"image\/jpeg\" \/>\n<meta name=\"author\" content=\"Anika\" \/>\n<meta name=\"twitter:card\" content=\"summary_large_image\" \/>\n<meta name=\"twitter:label1\" content=\"\u00c9crit par\" \/>\n\t<meta name=\"twitter:data1\" content=\"Anika\" \/>\n\t<meta name=\"twitter:label2\" content=\"Dur\u00e9e de lecture estim\u00e9e\" \/>\n\t<meta name=\"twitter:data2\" content=\"1 minute\" \/>\n<script type=\"application\/ld+json\" class=\"yoast-schema-graph\">{\"@context\":\"https:\\\/\\\/schema.org\",\"@graph\":[{\"@type\":\"Article\",\"@id\":\"https:\\\/\\\/you-stiftung.de\\\/fr\\\/reconstruction-de-la-garderie-denfants-a-olovo\\\/#article\",\"isPartOf\":{\"@id\":\"https:\\\/\\\/you-stiftung.de\\\/fr\\\/reconstruction-de-la-garderie-denfants-a-olovo\\\/\"},\"author\":{\"name\":\"Anika\",\"@id\":\"https:\\\/\\\/you-stiftung.de\\\/#\\\/schema\\\/person\\\/214a30a2452f82bf648d22ebdba2b10f\"},\"headline\":\"Reconstruction de la garderie d&rsquo;enfants \u00e0 Olovo\",\"datePublished\":\"2015-09-22T10:08:13+00:00\",\"dateModified\":\"2021-08-24T21:41:43+00:00\",\"mainEntityOfPage\":{\"@id\":\"https:\\\/\\\/you-stiftung.de\\\/fr\\\/reconstruction-de-la-garderie-denfants-a-olovo\\\/\"},\"wordCount\":148,\"publisher\":{\"@id\":\"https:\\\/\\\/you-stiftung.de\\\/#organization\"},\"image\":{\"@id\":\"https:\\\/\\\/you-stiftung.de\\\/fr\\\/reconstruction-de-la-garderie-denfants-a-olovo\\\/#primaryimage\"},\"thumbnailUrl\":\"https:\\\/\\\/you-stiftung.de\\\/wp-content\\\/uploads\\\/2021\\\/01\\\/join_one_bg_1.jpg\",\"keywords\":[\"aide d'urgence\",\"Assistance imm\u00e9diate\",\"Bosnie\",\"enfants\",\"Europe\",\"Europe\"],\"articleSection\":[\"Bosnie Herz\u00e9govine\"],\"inLanguage\":\"fr-FR\"},{\"@type\":\"WebPage\",\"@id\":\"https:\\\/\\\/you-stiftung.de\\\/fr\\\/reconstruction-de-la-garderie-denfants-a-olovo\\\/\",\"url\":\"https:\\\/\\\/you-stiftung.de\\\/fr\\\/reconstruction-de-la-garderie-denfants-a-olovo\\\/\",\"name\":\"Reconstruction de la garderie d'enfants \u00e0 Olovo &#8211; You Stiftung\",\"isPartOf\":{\"@id\":\"https:\\\/\\\/you-stiftung.de\\\/#website\"},\"primaryImageOfPage\":{\"@id\":\"https:\\\/\\\/you-stiftung.de\\\/fr\\\/reconstruction-de-la-garderie-denfants-a-olovo\\\/#primaryimage\"},\"image\":{\"@id\":\"https:\\\/\\\/you-stiftung.de\\\/fr\\\/reconstruction-de-la-garderie-denfants-a-olovo\\\/#primaryimage\"},\"thumbnailUrl\":\"https:\\\/\\\/you-stiftung.de\\\/wp-content\\\/uploads\\\/2021\\\/01\\\/join_one_bg_1.jpg\",\"datePublished\":\"2015-09-22T10:08:13+00:00\",\"dateModified\":\"2021-08-24T21:41:43+00:00\",\"breadcrumb\":{\"@id\":\"https:\\\/\\\/you-stiftung.de\\\/fr\\\/reconstruction-de-la-garderie-denfants-a-olovo\\\/#breadcrumb\"},\"inLanguage\":\"fr-FR\",\"potentialAction\":[{\"@type\":\"ReadAction\",\"target\":[\"https:\\\/\\\/you-stiftung.de\\\/fr\\\/reconstruction-de-la-garderie-denfants-a-olovo\\\/\"]}]},{\"@type\":\"ImageObject\",\"inLanguage\":\"fr-FR\",\"@id\":\"https:\\\/\\\/you-stiftung.de\\\/fr\\\/reconstruction-de-la-garderie-denfants-a-olovo\\\/#primaryimage\",\"url\":\"https:\\\/\\\/you-stiftung.de\\\/wp-content\\\/uploads\\\/2021\\\/01\\\/join_one_bg_1.jpg\",\"contentUrl\":\"https:\\\/\\\/you-stiftung.de\\\/wp-content\\\/uploads\\\/2021\\\/01\\\/join_one_bg_1.jpg\",\"width\":1920,\"height\":1200,\"caption\":\"join one bg 1\"},{\"@type\":\"BreadcrumbList\",\"@id\":\"https:\\\/\\\/you-stiftung.de\\\/fr\\\/reconstruction-de-la-garderie-denfants-a-olovo\\\/#breadcrumb\",\"itemListElement\":[{\"@type\":\"ListItem\",\"position\":1,\"name\":\"Home\",\"item\":\"https:\\\/\\\/you-stiftung.de\\\/fr\\\/accueil-fr\\\/\"},{\"@type\":\"ListItem\",\"position\":2,\"name\":\"Reconstruction de la garderie d&rsquo;enfants \u00e0 Olovo\"}]},{\"@type\":\"WebSite\",\"@id\":\"https:\\\/\\\/you-stiftung.de\\\/#website\",\"url\":\"https:\\\/\\\/you-stiftung.de\\\/\",\"name\":\"YOU Stiftung\",\"description\":\"Bildung f\u00fcr Kinder in Not\",\"publisher\":{\"@id\":\"https:\\\/\\\/you-stiftung.de\\\/#organization\"},\"potentialAction\":[{\"@type\":\"SearchAction\",\"target\":{\"@type\":\"EntryPoint\",\"urlTemplate\":\"https:\\\/\\\/you-stiftung.de\\\/?s={search_term_string}\"},\"query-input\":{\"@type\":\"PropertyValueSpecification\",\"valueRequired\":true,\"valueName\":\"search_term_string\"}}],\"inLanguage\":\"fr-FR\"},{\"@type\":\"Organization\",\"@id\":\"https:\\\/\\\/you-stiftung.de\\\/#organization\",\"name\":\"YOU Stiftung\",\"url\":\"https:\\\/\\\/you-stiftung.de\\\/\",\"logo\":{\"@type\":\"ImageObject\",\"inLanguage\":\"fr-FR\",\"@id\":\"https:\\\/\\\/you-stiftung.de\\\/#\\\/schema\\\/logo\\\/image\\\/\",\"url\":\"https:\\\/\\\/you-stiftung.de\\\/wp-content\\\/uploads\\\/2021\\\/02\\\/YOU_Logo_pos_RGB_deutsch_RZ.png\",\"contentUrl\":\"https:\\\/\\\/you-stiftung.de\\\/wp-content\\\/uploads\\\/2021\\\/02\\\/YOU_Logo_pos_RGB_deutsch_RZ.png\",\"width\":729,\"height\":449,\"caption\":\"YOU Stiftung\"},\"image\":{\"@id\":\"https:\\\/\\\/you-stiftung.de\\\/#\\\/schema\\\/logo\\\/image\\\/\"},\"sameAs\":[\"https:\\\/\\\/www.facebook.com\\\/youstiftung\",\"https:\\\/\\\/www.instagram.com\\\/youstiftung\"]},{\"@type\":\"Person\",\"@id\":\"https:\\\/\\\/you-stiftung.de\\\/#\\\/schema\\\/person\\\/214a30a2452f82bf648d22ebdba2b10f\",\"name\":\"Anika\",\"url\":\"https:\\\/\\\/you-stiftung.de\\\/fr\\\/author\\\/anika\\\/\"}]}<\/script>\n<!-- \/ Yoast SEO plugin. -->","yoast_head_json":{"title":"Reconstruction de la garderie d'enfants \u00e0 Olovo &#8211; You Stiftung","robots":{"index":"index","follow":"follow","max-snippet":"max-snippet:-1","max-image-preview":"max-image-preview:large","max-video-preview":"max-video-preview:-1"},"canonical":"https:\/\/you-stiftung.de\/fr\/reconstruction-de-la-garderie-denfants-a-olovo\/","og_locale":"fr_FR","og_type":"article","og_title":"Reconstruction de la garderie d'enfants \u00e0 Olovo &#8211; You Stiftung","og_description":"Apr\u00e8s de tr\u00e8s fortes pluies en mai et ao\u00fbt 2014, 30&nbsp;% de la Bosnie-Herz\u00e9govine a \u00e9t\u00e9 touch\u00e9e par des inondations d\u00e9vastatrices. Plus de 100 000 maisons et b\u00e2timents ont \u00e9t\u00e9 d\u00e9truits par les inondations, y compris la garderie pour enfants \u00e0 Olovo. Project Region Olovo \/ Bosnia and Herzegovina Project Title Rebuilding the Children&rsquo;s Day [&hellip;]","og_url":"https:\/\/you-stiftung.de\/fr\/reconstruction-de-la-garderie-denfants-a-olovo\/","og_site_name":"You Stiftung","article_publisher":"https:\/\/www.facebook.com\/youstiftung","article_published_time":"2015-09-22T10:08:13+00:00","article_modified_time":"2021-08-24T21:41:43+00:00","og_image":[{"width":1920,"height":1200,"url":"https:\/\/you-stiftung.de\/wp-content\/uploads\/2021\/01\/join_one_bg_1.jpg","type":"image\/jpeg"}],"author":"Anika","twitter_card":"summary_large_image","twitter_misc":{"\u00c9crit par":"Anika","Dur\u00e9e de lecture estim\u00e9e":"1 minute"},"schema":{"@context":"https:\/\/schema.org","@graph":[{"@type":"Article","@id":"https:\/\/you-stiftung.de\/fr\/reconstruction-de-la-garderie-denfants-a-olovo\/#article","isPartOf":{"@id":"https:\/\/you-stiftung.de\/fr\/reconstruction-de-la-garderie-denfants-a-olovo\/"},"author":{"name":"Anika","@id":"https:\/\/you-stiftung.de\/#\/schema\/person\/214a30a2452f82bf648d22ebdba2b10f"},"headline":"Reconstruction de la garderie d&rsquo;enfants \u00e0 Olovo","datePublished":"2015-09-22T10:08:13+00:00","dateModified":"2021-08-24T21:41:43+00:00","mainEntityOfPage":{"@id":"https:\/\/you-stiftung.de\/fr\/reconstruction-de-la-garderie-denfants-a-olovo\/"},"wordCount":148,"publisher":{"@id":"https:\/\/you-stiftung.de\/#organization"},"image":{"@id":"https:\/\/you-stiftung.de\/fr\/reconstruction-de-la-garderie-denfants-a-olovo\/#primaryimage"},"thumbnailUrl":"https:\/\/you-stiftung.de\/wp-content\/uploads\/2021\/01\/join_one_bg_1.jpg","keywords":["aide d'urgence","Assistance imm\u00e9diate","Bosnie","enfants","Europe","Europe"],"articleSection":["Bosnie Herz\u00e9govine"],"inLanguage":"fr-FR"},{"@type":"WebPage","@id":"https:\/\/you-stiftung.de\/fr\/reconstruction-de-la-garderie-denfants-a-olovo\/","url":"https:\/\/you-stiftung.de\/fr\/reconstruction-de-la-garderie-denfants-a-olovo\/","name":"Reconstruction de la garderie d'enfants \u00e0 Olovo &#8211; You Stiftung","isPartOf":{"@id":"https:\/\/you-stiftung.de\/#website"},"primaryImageOfPage":{"@id":"https:\/\/you-stiftung.de\/fr\/reconstruction-de-la-garderie-denfants-a-olovo\/#primaryimage"},"image":{"@id":"https:\/\/you-stiftung.de\/fr\/reconstruction-de-la-garderie-denfants-a-olovo\/#primaryimage"},"thumbnailUrl":"https:\/\/you-stiftung.de\/wp-content\/uploads\/2021\/01\/join_one_bg_1.jpg","datePublished":"2015-09-22T10:08:13+00:00","dateModified":"2021-08-24T21:41:43+00:00","breadcrumb":{"@id":"https:\/\/you-stiftung.de\/fr\/reconstruction-de-la-garderie-denfants-a-olovo\/#breadcrumb"},"inLanguage":"fr-FR","potentialAction":[{"@type":"ReadAction","target":["https:\/\/you-stiftung.de\/fr\/reconstruction-de-la-garderie-denfants-a-olovo\/"]}]},{"@type":"ImageObject","inLanguage":"fr-FR","@id":"https:\/\/you-stiftung.de\/fr\/reconstruction-de-la-garderie-denfants-a-olovo\/#primaryimage","url":"https:\/\/you-stiftung.de\/wp-content\/uploads\/2021\/01\/join_one_bg_1.jpg","contentUrl":"https:\/\/you-stiftung.de\/wp-content\/uploads\/2021\/01\/join_one_bg_1.jpg","width":1920,"height":1200,"caption":"join one bg 1"},{"@type":"BreadcrumbList","@id":"https:\/\/you-stiftung.de\/fr\/reconstruction-de-la-garderie-denfants-a-olovo\/#breadcrumb","itemListElement":[{"@type":"ListItem","position":1,"name":"Home","item":"https:\/\/you-stiftung.de\/fr\/accueil-fr\/"},{"@type":"ListItem","position":2,"name":"Reconstruction de la garderie d&rsquo;enfants \u00e0 Olovo"}]},{"@type":"WebSite","@id":"https:\/\/you-stiftung.de\/#website","url":"https:\/\/you-stiftung.de\/","name":"YOU Stiftung","description":"Bildung f\u00fcr Kinder in Not","publisher":{"@id":"https:\/\/you-stiftung.de\/#organization"},"potentialAction":[{"@type":"SearchAction","target":{"@type":"EntryPoint","urlTemplate":"https:\/\/you-stiftung.de\/?s={search_term_string}"},"query-input":{"@type":"PropertyValueSpecification","valueRequired":true,"valueName":"search_term_string"}}],"inLanguage":"fr-FR"},{"@type":"Organization","@id":"https:\/\/you-stiftung.de\/#organization","name":"YOU Stiftung","url":"https:\/\/you-stiftung.de\/","logo":{"@type":"ImageObject","inLanguage":"fr-FR","@id":"https:\/\/you-stiftung.de\/#\/schema\/logo\/image\/","url":"https:\/\/you-stiftung.de\/wp-content\/uploads\/2021\/02\/YOU_Logo_pos_RGB_deutsch_RZ.png","contentUrl":"https:\/\/you-stiftung.de\/wp-content\/uploads\/2021\/02\/YOU_Logo_pos_RGB_deutsch_RZ.png","width":729,"height":449,"caption":"YOU Stiftung"},"image":{"@id":"https:\/\/you-stiftung.de\/#\/schema\/logo\/image\/"},"sameAs":["https:\/\/www.facebook.com\/youstiftung","https:\/\/www.instagram.com\/youstiftung"]},{"@type":"Person","@id":"https:\/\/you-stiftung.de\/#\/schema\/person\/214a30a2452f82bf648d22ebdba2b10f","name":"Anika","url":"https:\/\/you-stiftung.de\/fr\/author\/anika\/"}]}},"_links":{"self":[{"href":"https:\/\/you-stiftung.de\/fr\/wp-json\/wp\/v2\/posts\/12455","targetHints":{"allow":["GET"]}}],"collection":[{"href":"https:\/\/you-stiftung.de\/fr\/wp-json\/wp\/v2\/posts"}],"about":[{"href":"https:\/\/you-stiftung.de\/fr\/wp-json\/wp\/v2\/types\/post"}],"author":[{"embeddable":true,"href":"https:\/\/you-stiftung.de\/fr\/wp-json\/wp\/v2\/users\/9"}],"replies":[{"embeddable":true,"href":"https:\/\/you-stiftung.de\/fr\/wp-json\/wp\/v2\/comments?post=12455"}],"version-history":[{"count":1,"href":"https:\/\/you-stiftung.de\/fr\/wp-json\/wp\/v2\/posts\/12455\/revisions"}],"predecessor-version":[{"id":12752,"href":"https:\/\/you-stiftung.de\/fr\/wp-json\/wp\/v2\/posts\/12455\/revisions\/12752"}],"wp:featuredmedia":[{"embeddable":true,"href":"https:\/\/you-stiftung.de\/fr\/wp-json\/wp\/v2\/media\/11910"}],"wp:attachment":[{"href":"https:\/\/you-stiftung.de\/fr\/wp-json\/wp\/v2\/media?parent=12455"}],"wp:term":[{"taxonomy":"category","embeddable":true,"href":"https:\/\/you-stiftung.de\/fr\/wp-json\/wp\/v2\/categories?post=12455"},{"taxonomy":"post_tag","embeddable":true,"href":"https:\/\/you-stiftung.de\/fr\/wp-json\/wp\/v2\/tags?post=12455"}],"curies":[{"name":"wp","href":"https:\/\/api.w.org\/{rel}","templated":true}]}}