{"id":12437,"date":"2015-01-01T11:40:54","date_gmt":"2015-01-01T10:40:54","guid":{"rendered":"https:\/\/you-charity.de\/gala-de-charite-de-lunesco\/"},"modified":"2015-01-01T11:40:54","modified_gmt":"2015-01-01T10:40:54","slug":"gala-de-charite-de-lunesco","status":"publish","type":"post","link":"https:\/\/you-stiftung.de\/fr\/gala-de-charite-de-lunesco\/","title":{"rendered":"Gala de charit\u00e9 de l&rsquo;UNESCO"},"content":{"rendered":"<p>Pendant 21 ans, l&rsquo;Ambassadeur de bonne volont\u00e9 de l&rsquo;UNESCO Dr. h.c. Ute-Henriette Ohoven a organis\u00e9 le gala de charit\u00e9 international au profit de <strong>l&rsquo;\u00c9ducation pour les enfants en d\u00e9tresse<\/strong>.<br \/>\nSelon US-Today, ce gala est l&rsquo;un des 10 meilleurs \u00e9v\u00e9nements caritatifs au monde. Des stars internationales et des c\u00e9l\u00e9brit\u00e9s ont \u00e9t\u00e9 honor\u00e9es. En 2012, le dernier gala de charit\u00e9 a eu lieu.<br \/>\nAmbassadeur de bonne volont\u00e9 Dr h.c. Ute-Henriette Ohoven a d\u00e9clar\u00e9 : \u00ab Compte tenu du point culminant auquel nous sommes arriv\u00e9s apr\u00e8s 21 ans d&rsquo;organisation de ce gala, nous avons pens\u00e9 que c&rsquo;\u00e9tait le bon moment pour arr\u00eater. Compte tenu du montant des dons que nous avons re\u00e7us et de la puissance des stars qui ont assist\u00e9 au gala en 2012, nous avions atteint le summum. Il n&rsquo;y avait aucun moyen de surpasser Jennifer Lopez ! Toutes les stars qui ont particip\u00e9 au gala l&rsquo;ont fait gratuitement.<\/p>\n","protected":false},"excerpt":{"rendered":"<p>Pendant 21 ans, l&rsquo;Ambassadeur de bonne volont\u00e9 de l&rsquo;UNESCO Dr. h.c. Ute-Henriette Ohoven a organis\u00e9 le gala de charit\u00e9 international au profit de l&rsquo;\u00c9ducation pour les enfants en d\u00e9tresse. Selon US-Today, ce gala est l&rsquo;un des 10 meilleurs \u00e9v\u00e9nements caritatifs au monde. Des stars internationales et des c\u00e9l\u00e9brit\u00e9s ont \u00e9t\u00e9 honor\u00e9es. En 2012, le dernier [&hellip;]<\/p>\n","protected":false},"author":9,"featured_media":0,"comment_status":"closed","ping_status":"closed","sticky":false,"template":"","format":"standard","meta":{"footnotes":""},"categories":[529,443],"tags":[],"class_list":["post-12437","post","type-post","status-publish","format-standard","hentry","category-a-linterieur-de-la-fondation","category-non-classifiee"],"yoast_head":"<!-- This site is optimized with the Yoast SEO plugin v27.4 - https:\/\/yoast.com\/product\/yoast-seo-wordpress\/ -->\n<title>Gala de charit\u00e9 de l&#039;UNESCO &#8211; You Stiftung<\/title>\n<meta name=\"robots\" content=\"index, follow, max-snippet:-1, max-image-preview:large, max-video-preview:-1\" \/>\n<link rel=\"canonical\" href=\"https:\/\/you-stiftung.de\/fr\/gala-de-charite-de-lunesco\/\" \/>\n<meta property=\"og:locale\" content=\"fr_FR\" \/>\n<meta property=\"og:type\" content=\"article\" \/>\n<meta property=\"og:title\" content=\"Gala de charit\u00e9 de l&#039;UNESCO &#8211; You Stiftung\" \/>\n<meta property=\"og:description\" content=\"Pendant 21 ans, l&rsquo;Ambassadeur de bonne volont\u00e9 de l&rsquo;UNESCO Dr. h.c. Ute-Henriette Ohoven a organis\u00e9 le gala de charit\u00e9 international au profit de l&rsquo;\u00c9ducation pour les enfants en d\u00e9tresse. Selon US-Today, ce gala est l&rsquo;un des 10 meilleurs \u00e9v\u00e9nements caritatifs au monde. Des stars internationales et des c\u00e9l\u00e9brit\u00e9s ont \u00e9t\u00e9 honor\u00e9es. En 2012, le dernier [&hellip;]\" \/>\n<meta property=\"og:url\" content=\"https:\/\/you-stiftung.de\/fr\/gala-de-charite-de-lunesco\/\" \/>\n<meta property=\"og:site_name\" content=\"You Stiftung\" \/>\n<meta property=\"article:publisher\" content=\"https:\/\/www.facebook.com\/youstiftung\" \/>\n<meta property=\"article:published_time\" content=\"2015-01-01T10:40:54+00:00\" \/>\n<meta name=\"author\" content=\"Anika\" \/>\n<meta name=\"twitter:card\" content=\"summary_large_image\" \/>\n<meta name=\"twitter:label1\" content=\"\u00c9crit par\" \/>\n\t<meta name=\"twitter:data1\" content=\"Anika\" \/>\n\t<meta name=\"twitter:label2\" content=\"Dur\u00e9e de lecture estim\u00e9e\" \/>\n\t<meta name=\"twitter:data2\" content=\"1 minute\" \/>\n<script type=\"application\/ld+json\" class=\"yoast-schema-graph\">{\"@context\":\"https:\\\/\\\/schema.org\",\"@graph\":[{\"@type\":\"Article\",\"@id\":\"https:\\\/\\\/you-stiftung.de\\\/fr\\\/gala-de-charite-de-lunesco\\\/#article\",\"isPartOf\":{\"@id\":\"https:\\\/\\\/you-stiftung.de\\\/fr\\\/gala-de-charite-de-lunesco\\\/\"},\"author\":{\"name\":\"Anika\",\"@id\":\"https:\\\/\\\/you-stiftung.de\\\/#\\\/schema\\\/person\\\/214a30a2452f82bf648d22ebdba2b10f\"},\"headline\":\"Gala de charit\u00e9 de l&rsquo;UNESCO\",\"datePublished\":\"2015-01-01T10:40:54+00:00\",\"mainEntityOfPage\":{\"@id\":\"https:\\\/\\\/you-stiftung.de\\\/fr\\\/gala-de-charite-de-lunesco\\\/\"},\"wordCount\":167,\"publisher\":{\"@id\":\"https:\\\/\\\/you-stiftung.de\\\/#organization\"},\"articleSection\":[\"A l'int\u00e9rieur de la Fondation\",\"Non classifi\u00e9(e)\"],\"inLanguage\":\"fr-FR\"},{\"@type\":\"WebPage\",\"@id\":\"https:\\\/\\\/you-stiftung.de\\\/fr\\\/gala-de-charite-de-lunesco\\\/\",\"url\":\"https:\\\/\\\/you-stiftung.de\\\/fr\\\/gala-de-charite-de-lunesco\\\/\",\"name\":\"Gala de charit\u00e9 de l'UNESCO &#8211; You Stiftung\",\"isPartOf\":{\"@id\":\"https:\\\/\\\/you-stiftung.de\\\/#website\"},\"datePublished\":\"2015-01-01T10:40:54+00:00\",\"breadcrumb\":{\"@id\":\"https:\\\/\\\/you-stiftung.de\\\/fr\\\/gala-de-charite-de-lunesco\\\/#breadcrumb\"},\"inLanguage\":\"fr-FR\",\"potentialAction\":[{\"@type\":\"ReadAction\",\"target\":[\"https:\\\/\\\/you-stiftung.de\\\/fr\\\/gala-de-charite-de-lunesco\\\/\"]}]},{\"@type\":\"BreadcrumbList\",\"@id\":\"https:\\\/\\\/you-stiftung.de\\\/fr\\\/gala-de-charite-de-lunesco\\\/#breadcrumb\",\"itemListElement\":[{\"@type\":\"ListItem\",\"position\":1,\"name\":\"Home\",\"item\":\"https:\\\/\\\/you-stiftung.de\\\/fr\\\/accueil-fr\\\/\"},{\"@type\":\"ListItem\",\"position\":2,\"name\":\"Gala de charit\u00e9 de l&rsquo;UNESCO\"}]},{\"@type\":\"WebSite\",\"@id\":\"https:\\\/\\\/you-stiftung.de\\\/#website\",\"url\":\"https:\\\/\\\/you-stiftung.de\\\/\",\"name\":\"YOU Stiftung\",\"description\":\"Bildung f\u00fcr Kinder in Not\",\"publisher\":{\"@id\":\"https:\\\/\\\/you-stiftung.de\\\/#organization\"},\"potentialAction\":[{\"@type\":\"SearchAction\",\"target\":{\"@type\":\"EntryPoint\",\"urlTemplate\":\"https:\\\/\\\/you-stiftung.de\\\/?s={search_term_string}\"},\"query-input\":{\"@type\":\"PropertyValueSpecification\",\"valueRequired\":true,\"valueName\":\"search_term_string\"}}],\"inLanguage\":\"fr-FR\"},{\"@type\":\"Organization\",\"@id\":\"https:\\\/\\\/you-stiftung.de\\\/#organization\",\"name\":\"YOU Stiftung\",\"url\":\"https:\\\/\\\/you-stiftung.de\\\/\",\"logo\":{\"@type\":\"ImageObject\",\"inLanguage\":\"fr-FR\",\"@id\":\"https:\\\/\\\/you-stiftung.de\\\/#\\\/schema\\\/logo\\\/image\\\/\",\"url\":\"https:\\\/\\\/you-stiftung.de\\\/wp-content\\\/uploads\\\/2021\\\/02\\\/YOU_Logo_pos_RGB_deutsch_RZ.png\",\"contentUrl\":\"https:\\\/\\\/you-stiftung.de\\\/wp-content\\\/uploads\\\/2021\\\/02\\\/YOU_Logo_pos_RGB_deutsch_RZ.png\",\"width\":729,\"height\":449,\"caption\":\"YOU Stiftung\"},\"image\":{\"@id\":\"https:\\\/\\\/you-stiftung.de\\\/#\\\/schema\\\/logo\\\/image\\\/\"},\"sameAs\":[\"https:\\\/\\\/www.facebook.com\\\/youstiftung\",\"https:\\\/\\\/www.instagram.com\\\/youstiftung\"]},{\"@type\":\"Person\",\"@id\":\"https:\\\/\\\/you-stiftung.de\\\/#\\\/schema\\\/person\\\/214a30a2452f82bf648d22ebdba2b10f\",\"name\":\"Anika\",\"url\":\"https:\\\/\\\/you-stiftung.de\\\/fr\\\/author\\\/anika\\\/\"}]}<\/script>\n<!-- \/ Yoast SEO plugin. -->","yoast_head_json":{"title":"Gala de charit\u00e9 de l'UNESCO &#8211; You Stiftung","robots":{"index":"index","follow":"follow","max-snippet":"max-snippet:-1","max-image-preview":"max-image-preview:large","max-video-preview":"max-video-preview:-1"},"canonical":"https:\/\/you-stiftung.de\/fr\/gala-de-charite-de-lunesco\/","og_locale":"fr_FR","og_type":"article","og_title":"Gala de charit\u00e9 de l'UNESCO &#8211; You Stiftung","og_description":"Pendant 21 ans, l&rsquo;Ambassadeur de bonne volont\u00e9 de l&rsquo;UNESCO Dr. h.c. Ute-Henriette Ohoven a organis\u00e9 le gala de charit\u00e9 international au profit de l&rsquo;\u00c9ducation pour les enfants en d\u00e9tresse. Selon US-Today, ce gala est l&rsquo;un des 10 meilleurs \u00e9v\u00e9nements caritatifs au monde. Des stars internationales et des c\u00e9l\u00e9brit\u00e9s ont \u00e9t\u00e9 honor\u00e9es. En 2012, le dernier [&hellip;]","og_url":"https:\/\/you-stiftung.de\/fr\/gala-de-charite-de-lunesco\/","og_site_name":"You Stiftung","article_publisher":"https:\/\/www.facebook.com\/youstiftung","article_published_time":"2015-01-01T10:40:54+00:00","author":"Anika","twitter_card":"summary_large_image","twitter_misc":{"\u00c9crit par":"Anika","Dur\u00e9e de lecture estim\u00e9e":"1 minute"},"schema":{"@context":"https:\/\/schema.org","@graph":[{"@type":"Article","@id":"https:\/\/you-stiftung.de\/fr\/gala-de-charite-de-lunesco\/#article","isPartOf":{"@id":"https:\/\/you-stiftung.de\/fr\/gala-de-charite-de-lunesco\/"},"author":{"name":"Anika","@id":"https:\/\/you-stiftung.de\/#\/schema\/person\/214a30a2452f82bf648d22ebdba2b10f"},"headline":"Gala de charit\u00e9 de l&rsquo;UNESCO","datePublished":"2015-01-01T10:40:54+00:00","mainEntityOfPage":{"@id":"https:\/\/you-stiftung.de\/fr\/gala-de-charite-de-lunesco\/"},"wordCount":167,"publisher":{"@id":"https:\/\/you-stiftung.de\/#organization"},"articleSection":["A l'int\u00e9rieur de la Fondation","Non classifi\u00e9(e)"],"inLanguage":"fr-FR"},{"@type":"WebPage","@id":"https:\/\/you-stiftung.de\/fr\/gala-de-charite-de-lunesco\/","url":"https:\/\/you-stiftung.de\/fr\/gala-de-charite-de-lunesco\/","name":"Gala de charit\u00e9 de l'UNESCO &#8211; You Stiftung","isPartOf":{"@id":"https:\/\/you-stiftung.de\/#website"},"datePublished":"2015-01-01T10:40:54+00:00","breadcrumb":{"@id":"https:\/\/you-stiftung.de\/fr\/gala-de-charite-de-lunesco\/#breadcrumb"},"inLanguage":"fr-FR","potentialAction":[{"@type":"ReadAction","target":["https:\/\/you-stiftung.de\/fr\/gala-de-charite-de-lunesco\/"]}]},{"@type":"BreadcrumbList","@id":"https:\/\/you-stiftung.de\/fr\/gala-de-charite-de-lunesco\/#breadcrumb","itemListElement":[{"@type":"ListItem","position":1,"name":"Home","item":"https:\/\/you-stiftung.de\/fr\/accueil-fr\/"},{"@type":"ListItem","position":2,"name":"Gala de charit\u00e9 de l&rsquo;UNESCO"}]},{"@type":"WebSite","@id":"https:\/\/you-stiftung.de\/#website","url":"https:\/\/you-stiftung.de\/","name":"YOU Stiftung","description":"Bildung f\u00fcr Kinder in Not","publisher":{"@id":"https:\/\/you-stiftung.de\/#organization"},"potentialAction":[{"@type":"SearchAction","target":{"@type":"EntryPoint","urlTemplate":"https:\/\/you-stiftung.de\/?s={search_term_string}"},"query-input":{"@type":"PropertyValueSpecification","valueRequired":true,"valueName":"search_term_string"}}],"inLanguage":"fr-FR"},{"@type":"Organization","@id":"https:\/\/you-stiftung.de\/#organization","name":"YOU Stiftung","url":"https:\/\/you-stiftung.de\/","logo":{"@type":"ImageObject","inLanguage":"fr-FR","@id":"https:\/\/you-stiftung.de\/#\/schema\/logo\/image\/","url":"https:\/\/you-stiftung.de\/wp-content\/uploads\/2021\/02\/YOU_Logo_pos_RGB_deutsch_RZ.png","contentUrl":"https:\/\/you-stiftung.de\/wp-content\/uploads\/2021\/02\/YOU_Logo_pos_RGB_deutsch_RZ.png","width":729,"height":449,"caption":"YOU Stiftung"},"image":{"@id":"https:\/\/you-stiftung.de\/#\/schema\/logo\/image\/"},"sameAs":["https:\/\/www.facebook.com\/youstiftung","https:\/\/www.instagram.com\/youstiftung"]},{"@type":"Person","@id":"https:\/\/you-stiftung.de\/#\/schema\/person\/214a30a2452f82bf648d22ebdba2b10f","name":"Anika","url":"https:\/\/you-stiftung.de\/fr\/author\/anika\/"}]}},"_links":{"self":[{"href":"https:\/\/you-stiftung.de\/fr\/wp-json\/wp\/v2\/posts\/12437","targetHints":{"allow":["GET"]}}],"collection":[{"href":"https:\/\/you-stiftung.de\/fr\/wp-json\/wp\/v2\/posts"}],"about":[{"href":"https:\/\/you-stiftung.de\/fr\/wp-json\/wp\/v2\/types\/post"}],"author":[{"embeddable":true,"href":"https:\/\/you-stiftung.de\/fr\/wp-json\/wp\/v2\/users\/9"}],"replies":[{"embeddable":true,"href":"https:\/\/you-stiftung.de\/fr\/wp-json\/wp\/v2\/comments?post=12437"}],"version-history":[{"count":0,"href":"https:\/\/you-stiftung.de\/fr\/wp-json\/wp\/v2\/posts\/12437\/revisions"}],"wp:attachment":[{"href":"https:\/\/you-stiftung.de\/fr\/wp-json\/wp\/v2\/media?parent=12437"}],"wp:term":[{"taxonomy":"category","embeddable":true,"href":"https:\/\/you-stiftung.de\/fr\/wp-json\/wp\/v2\/categories?post=12437"},{"taxonomy":"post_tag","embeddable":true,"href":"https:\/\/you-stiftung.de\/fr\/wp-json\/wp\/v2\/tags?post=12437"}],"curies":[{"name":"wp","href":"https:\/\/api.w.org\/{rel}","templated":true}]}}