{"id":12408,"date":"2017-05-02T14:18:24","date_gmt":"2017-05-02T12:18:24","guid":{"rendered":"https:\/\/you-charity.de\/le-president-macky-sall-visite-a-baraka\/"},"modified":"2023-09-12T16:45:22","modified_gmt":"2023-09-12T14:45:22","slug":"le-president-macky-sall-visite-a-baraka","status":"publish","type":"post","link":"https:\/\/you-stiftung.de\/fr\/le-president-macky-sall-visite-a-baraka\/","title":{"rendered":"LE PR\u00c9SIDENT MACKY SALL VISITE \u00c0 BARAKA"},"content":{"rendered":"Les habitants de Baraka se souviendront de ce jour pour le reste de leur vie : le pr\u00e9sident du S\u00e9n\u00e9gal, M. Machy Sall, leur a rendu visite dans leur bidonville de Dakar et a exprim\u00e9 sa joie quant aux am\u00e9liorations sur le point de commencer. 2000 habitants ont f\u00eat\u00e9 avec enthousiasme le Pr\u00e9sident s&rsquo;adressant \u00e0 eux dans leur langue maternelle le wolof. Ils savent que des changements substantiels sont en cours et qu&rsquo;il soutient officiellement le projet \u00ab\u00a0Baraka &#8211; Du bidonville au quartier moderne\u00a0\u00bb. droits de l&rsquo;homme et libert\u00e9 financi\u00e8re.\n\n<!--more-->\n\nAccompagn\u00e9s d&rsquo;une d\u00e9l\u00e9gation de sympathisants, de sponsors et de repr\u00e9sentants du gouvernement, le pr\u00e9sident Macky Sall et Ute-Henriette Ohoven ont visit\u00e9 le bidonville de Baraka. La d\u00e9l\u00e9gation comprenait l&rsquo;ambassadeur d&rsquo;Allemagne au S\u00e9n\u00e9gal, le Dr Renate Schimkoreit et Samih Sawiris (Cas Orascom), commandit\u00e9 et sponsor du projet. Sur une sc\u00e8ne qui avait \u00e9t\u00e9 install\u00e9e pendant la nuit, le pr\u00e9sident s&rsquo;est adress\u00e9 \u00e0 un public de plus de 2000 personnes et a f\u00e9licit\u00e9 Ute-Henriette Ohoven et la You Stiftung pour leurs efforts inlassables pour permettre un avenir meilleur aux habitants des bidonvilles. Il a soulign\u00e9 que Mme Ohoven lui avait demand\u00e9 de construire une mosqu\u00e9e \u00e0 Baraka malgr\u00e9 le fait qu&rsquo;elle-m\u00eame soit de confession chr\u00e9tienne. Dans son esprit, c&rsquo;\u00e9tait un signe important de tol\u00e9rance religieuse et une d\u00e9monstration de sa compr\u00e9hension du S\u00e9n\u00e9gal. Macky Sall a partag\u00e9 son appr\u00e9ciation pour les 26 ans d&rsquo;engagement d&rsquo;Ute-Henriette Ohoven et de sa fille Claudia Jerger au S\u00e9n\u00e9gal et pour Baraka en particulier.\n\nLire la suite: <a href=\"http:\/\/you-stiftung.de\/bauantrag-fuer-pilotprojekt-baraka-eingereicht\/\" target=\"_blank\" rel=\"noopener\">Candidature d\u00e9pos\u00e9e pour le projet pilote BARAKA au S\u00e9n\u00e9gal<\/a>\n\nPendant ce temps, les habitants ont du mal \u00e0 croire \u00e0 leur bonne fortune : ils ont c\u00e9l\u00e9br\u00e9 la visite pr\u00e9sidentielle dans leur bidonville et ont exprim\u00e9 leur joie avec des affiches et des t-shirts faits maison exprimant leur bonheur. \u00c0 maintes reprises, ils ont scand\u00e9 le nom du pr\u00e9sident, cri\u00e9 et pleur\u00e9 de joie. Le battement des tambours pouvait \u00eatre entendu de loin. Ce ne sont plus des r\u00e9fugi\u00e9s, ils deviennent enfin de vrais citoyens du S\u00e9n\u00e9gal et peuvent esp\u00e9rer vivre dans la dignit\u00e9. Ils ont eu la possibilit\u00e9 d&rsquo;avoir une vie meilleure et ont le contr\u00f4le de leur avenir.\n\n\n\t\t<style type=\"text\/css\">\n\t\t\t#gallery-1 {\n\t\t\t\tmargin: auto;\n\t\t\t}\n\t\t\t#gallery-1 .gallery-item {\n\t\t\t\tfloat: left;\n\t\t\t\tmargin-top: 10px;\n\t\t\t\ttext-align: center;\n\t\t\t\twidth: 33%;\n\t\t\t}\n\t\t\t#gallery-1 img {\n\t\t\t\tborder: 2px solid #cfcfcf;\n\t\t\t}\n\t\t\t#gallery-1 .gallery-caption {\n\t\t\t\tmargin-left: 0;\n\t\t\t}\n\t\t\t\/* see gallery_shortcode() in wp-includes\/media.php *\/\n\t\t<\/style>\n\t\t<div id='gallery-1' class='gallery galleryid-12408 gallery-columns-3 gallery-size-thumbnail'><dl class='gallery-item'>\n\t\t\t<dt class='gallery-icon landscape'>\n\t\t\t\t<a title=\"Baraka 27 4 17 Macky Sall 1\"  href='https:\/\/you-stiftung.de\/fr\/le-president-macky-sall-visite-a-baraka\/baraka_27_4_17_macky-sall-1-2\/'><img decoding=\"async\" width=\"150\" height=\"150\" src=\"https:\/\/you-stiftung.de\/wp-content\/uploads\/2017\/05\/Baraka_27_4_17_Macky-Sall-1-150x150.jpg\" class=\"attachment-thumbnail size-thumbnail\" alt=\"Baraka 27 4 17 Macky Sall 1\" aria-describedby=\"gallery-1-12415\" srcset=\"https:\/\/you-stiftung.de\/wp-content\/uploads\/2017\/05\/Baraka_27_4_17_Macky-Sall-1-150x150.jpg 150w, https:\/\/you-stiftung.de\/wp-content\/uploads\/2017\/05\/Baraka_27_4_17_Macky-Sall-1-300x300.jpg 300w, https:\/\/you-stiftung.de\/wp-content\/uploads\/2017\/05\/Baraka_27_4_17_Macky-Sall-1-100x100.jpg 100w, https:\/\/you-stiftung.de\/wp-content\/uploads\/2017\/05\/Baraka_27_4_17_Macky-Sall-1-125x125.jpg 125w\" sizes=\"(max-width: 150px) 100vw, 150px\" \/><\/a>\n\t\t\t<\/dt>\n\t\t\t\t<dd class='wp-caption-text gallery-caption' id='gallery-1-12415'>\n\t\t\t\tBaraka 27 4 17 Macky Sall 1\n\t\t\t\t<\/dd><\/dl><dl class='gallery-item'>\n\t\t\t<dt class='gallery-icon landscape'>\n\t\t\t\t<a title=\"Baraka 27 4 17 Macky Sall 13 e1496133664147\"  href='https:\/\/you-stiftung.de\/fr\/le-president-macky-sall-visite-a-baraka\/baraka_27_4_17_macky-sall-13-2\/'><img decoding=\"async\" width=\"150\" height=\"150\" src=\"https:\/\/you-stiftung.de\/wp-content\/uploads\/2017\/05\/Baraka_27_4_17_Macky-Sall-13-e1493726507802-150x150.jpg\" class=\"attachment-thumbnail size-thumbnail\" alt=\"Baraka 27 4 17 Macky Sall 13 e1496133664147\" aria-describedby=\"gallery-1-12410\" srcset=\"https:\/\/you-stiftung.de\/wp-content\/uploads\/2017\/05\/Baraka_27_4_17_Macky-Sall-13-e1493726507802-150x150.jpg 150w, https:\/\/you-stiftung.de\/wp-content\/uploads\/2017\/05\/Baraka_27_4_17_Macky-Sall-13-e1493726507802-125x125.jpg 125w\" sizes=\"(max-width: 150px) 100vw, 150px\" \/><\/a>\n\t\t\t<\/dt>\n\t\t\t\t<dd class='wp-caption-text gallery-caption' id='gallery-1-12410'>\n\t\t\t\tBaraka 27 4 17 Macky Sall 13 e1496133664147\n\t\t\t\t<\/dd><\/dl><dl class='gallery-item'>\n\t\t\t<dt class='gallery-icon landscape'>\n\t\t\t\t<a title=\"Baraka 27 4 17 Macky Sall 14\"  href='https:\/\/you-stiftung.de\/fr\/le-president-macky-sall-visite-a-baraka\/baraka_27_4_17_macky-sall-14-2\/'><img decoding=\"async\" width=\"150\" height=\"150\" src=\"https:\/\/you-stiftung.de\/wp-content\/uploads\/2017\/05\/Baraka_27_4_17_Macky-Sall-14-150x150.jpg\" class=\"attachment-thumbnail size-thumbnail\" alt=\"Baraka 27 4 17 Macky Sall 14\" aria-describedby=\"gallery-1-12414\" srcset=\"https:\/\/you-stiftung.de\/wp-content\/uploads\/2017\/05\/Baraka_27_4_17_Macky-Sall-14-150x150.jpg 150w, https:\/\/you-stiftung.de\/wp-content\/uploads\/2017\/05\/Baraka_27_4_17_Macky-Sall-14-300x300.jpg 300w, https:\/\/you-stiftung.de\/wp-content\/uploads\/2017\/05\/Baraka_27_4_17_Macky-Sall-14-100x100.jpg 100w, https:\/\/you-stiftung.de\/wp-content\/uploads\/2017\/05\/Baraka_27_4_17_Macky-Sall-14-125x125.jpg 125w\" sizes=\"(max-width: 150px) 100vw, 150px\" \/><\/a>\n\t\t\t<\/dt>\n\t\t\t\t<dd class='wp-caption-text gallery-caption' id='gallery-1-12414'>\n\t\t\t\tBaraka 27 4 17 Macky Sall 14\n\t\t\t\t<\/dd><\/dl><br style=\"clear: both\" \/><dl class='gallery-item'>\n\t\t\t<dt class='gallery-icon landscape'>\n\t\t\t\t<a title=\"Baraka 27 4 17 Macky Sall 11\"  href='https:\/\/you-stiftung.de\/fr\/le-president-macky-sall-visite-a-baraka\/baraka_27_4_17_macky-sall-11-2\/'><img loading=\"lazy\" decoding=\"async\" width=\"150\" height=\"150\" src=\"https:\/\/you-stiftung.de\/wp-content\/uploads\/2017\/05\/Baraka_27_4_17_Macky-Sall-11-150x150.jpg\" class=\"attachment-thumbnail size-thumbnail\" alt=\"Baraka 27 4 17 Macky Sall 11\" aria-describedby=\"gallery-1-12413\" srcset=\"https:\/\/you-stiftung.de\/wp-content\/uploads\/2017\/05\/Baraka_27_4_17_Macky-Sall-11-150x150.jpg 150w, https:\/\/you-stiftung.de\/wp-content\/uploads\/2017\/05\/Baraka_27_4_17_Macky-Sall-11-300x300.jpg 300w, https:\/\/you-stiftung.de\/wp-content\/uploads\/2017\/05\/Baraka_27_4_17_Macky-Sall-11-100x100.jpg 100w, https:\/\/you-stiftung.de\/wp-content\/uploads\/2017\/05\/Baraka_27_4_17_Macky-Sall-11-125x125.jpg 125w\" sizes=\"(max-width: 150px) 100vw, 150px\" \/><\/a>\n\t\t\t<\/dt>\n\t\t\t\t<dd class='wp-caption-text gallery-caption' id='gallery-1-12413'>\n\t\t\t\tBaraka 27 4 17 Macky Sall 11\n\t\t\t\t<\/dd><\/dl><dl class='gallery-item'>\n\t\t\t<dt class='gallery-icon landscape'>\n\t\t\t\t<a title=\"Baraka 27 4 17 Macky Sall 8\"  href='https:\/\/you-stiftung.de\/fr\/le-president-macky-sall-visite-a-baraka\/baraka_27_4_17_macky-sall-8-2\/'><img loading=\"lazy\" decoding=\"async\" width=\"150\" height=\"150\" src=\"https:\/\/you-stiftung.de\/wp-content\/uploads\/2017\/05\/Baraka_27_4_17_Macky-Sall-8-150x150.jpg\" class=\"attachment-thumbnail size-thumbnail\" alt=\"Baraka 27 4 17 Macky Sall 8\" aria-describedby=\"gallery-1-12412\" srcset=\"https:\/\/you-stiftung.de\/wp-content\/uploads\/2017\/05\/Baraka_27_4_17_Macky-Sall-8-150x150.jpg 150w, https:\/\/you-stiftung.de\/wp-content\/uploads\/2017\/05\/Baraka_27_4_17_Macky-Sall-8-300x300.jpg 300w, https:\/\/you-stiftung.de\/wp-content\/uploads\/2017\/05\/Baraka_27_4_17_Macky-Sall-8-100x100.jpg 100w, https:\/\/you-stiftung.de\/wp-content\/uploads\/2017\/05\/Baraka_27_4_17_Macky-Sall-8-600x600.jpg 600w, https:\/\/you-stiftung.de\/wp-content\/uploads\/2017\/05\/Baraka_27_4_17_Macky-Sall-8-768x768.jpg 768w, https:\/\/you-stiftung.de\/wp-content\/uploads\/2017\/05\/Baraka_27_4_17_Macky-Sall-8-750x750.jpg 750w, https:\/\/you-stiftung.de\/wp-content\/uploads\/2017\/05\/Baraka_27_4_17_Macky-Sall-8-545x545.jpg 545w, https:\/\/you-stiftung.de\/wp-content\/uploads\/2017\/05\/Baraka_27_4_17_Macky-Sall-8-125x125.jpg 125w, https:\/\/you-stiftung.de\/wp-content\/uploads\/2017\/05\/Baraka_27_4_17_Macky-Sall-8.jpg 960w\" sizes=\"(max-width: 150px) 100vw, 150px\" \/><\/a>\n\t\t\t<\/dt>\n\t\t\t\t<dd class='wp-caption-text gallery-caption' id='gallery-1-12412'>\n\t\t\t\tBaraka 27 4 17 Macky Sall 8\n\t\t\t\t<\/dd><\/dl><dl class='gallery-item'>\n\t\t\t<dt class='gallery-icon landscape'>\n\t\t\t\t<a title=\"Baraka 27 4 17 Macky Sall 5\"  href='https:\/\/you-stiftung.de\/fr\/le-president-macky-sall-visite-a-baraka\/baraka_27_4_17_macky-sall-5-2\/'><img loading=\"lazy\" decoding=\"async\" width=\"150\" height=\"150\" src=\"https:\/\/you-stiftung.de\/wp-content\/uploads\/2017\/05\/Baraka_27_4_17_Macky-Sall-5-150x150.jpg\" class=\"attachment-thumbnail size-thumbnail\" alt=\"Baraka 27 4 17 Macky Sall 5\" aria-describedby=\"gallery-1-12411\" srcset=\"https:\/\/you-stiftung.de\/wp-content\/uploads\/2017\/05\/Baraka_27_4_17_Macky-Sall-5-150x150.jpg 150w, https:\/\/you-stiftung.de\/wp-content\/uploads\/2017\/05\/Baraka_27_4_17_Macky-Sall-5-100x100.jpg 100w, https:\/\/you-stiftung.de\/wp-content\/uploads\/2017\/05\/Baraka_27_4_17_Macky-Sall-5-125x125.jpg 125w\" sizes=\"(max-width: 150px) 100vw, 150px\" \/><\/a>\n\t\t\t<\/dt>\n\t\t\t\t<dd class='wp-caption-text gallery-caption' id='gallery-1-12411'>\n\t\t\t\tBaraka 27 4 17 Macky Sall 5\n\t\t\t\t<\/dd><\/dl><br style=\"clear: both\" \/><dl class='gallery-item'>\n\t\t\t<dt class='gallery-icon portrait'>\n\t\t\t\t<a title=\"Baraka 27 4 17 Macky Sall 4\"  href='https:\/\/you-stiftung.de\/fr\/le-president-macky-sall-visite-a-baraka\/baraka_27_4_17_macky-sall-4-2\/'><img loading=\"lazy\" decoding=\"async\" width=\"150\" height=\"150\" src=\"https:\/\/you-stiftung.de\/wp-content\/uploads\/2017\/05\/Baraka_27_4_17_Macky-Sall-4-150x150.jpg\" class=\"attachment-thumbnail size-thumbnail\" alt=\"Baraka 27 4 17 Macky Sall 4\" aria-describedby=\"gallery-1-12416\" srcset=\"https:\/\/you-stiftung.de\/wp-content\/uploads\/2017\/05\/Baraka_27_4_17_Macky-Sall-4-150x150.jpg 150w, https:\/\/you-stiftung.de\/wp-content\/uploads\/2017\/05\/Baraka_27_4_17_Macky-Sall-4-300x300.jpg 300w, https:\/\/you-stiftung.de\/wp-content\/uploads\/2017\/05\/Baraka_27_4_17_Macky-Sall-4-100x100.jpg 100w, https:\/\/you-stiftung.de\/wp-content\/uploads\/2017\/05\/Baraka_27_4_17_Macky-Sall-4-125x125.jpg 125w\" sizes=\"(max-width: 150px) 100vw, 150px\" \/><\/a>\n\t\t\t<\/dt>\n\t\t\t\t<dd class='wp-caption-text gallery-caption' id='gallery-1-12416'>\n\t\t\t\tBaraka 27 4 17 Macky Sall 4\n\t\t\t\t<\/dd><\/dl><dl class='gallery-item'>\n\t\t\t<dt class='gallery-icon landscape'>\n\t\t\t\t<a title=\"Banner Baraka\"  href='https:\/\/you-stiftung.de\/fr\/le-president-macky-sall-visite-a-baraka\/banner-baraka-2\/'><img loading=\"lazy\" decoding=\"async\" width=\"150\" height=\"150\" src=\"https:\/\/you-stiftung.de\/wp-content\/uploads\/2017\/05\/Banner-Baraka-150x150.jpg\" class=\"attachment-thumbnail size-thumbnail\" alt=\"Banner Baraka\" aria-describedby=\"gallery-1-12417\" srcset=\"https:\/\/you-stiftung.de\/wp-content\/uploads\/2017\/05\/Banner-Baraka-150x150.jpg 150w, https:\/\/you-stiftung.de\/wp-content\/uploads\/2017\/05\/Banner-Baraka-300x300.jpg 300w, https:\/\/you-stiftung.de\/wp-content\/uploads\/2017\/05\/Banner-Baraka-100x100.jpg 100w, https:\/\/you-stiftung.de\/wp-content\/uploads\/2017\/05\/Banner-Baraka-125x125.jpg 125w\" sizes=\"(max-width: 150px) 100vw, 150px\" \/><\/a>\n\t\t\t<\/dt>\n\t\t\t\t<dd class='wp-caption-text gallery-caption' id='gallery-1-12417'>\n\t\t\t\tBanner Baraka\n\t\t\t\t<\/dd><\/dl>\n\t\t\t<br style='clear: both' \/>\n\t\t<\/div>\n\n\nIl faudra un certain temps avant que les habitants de Baraka puissent d\u00e9m\u00e9nager de leurs huttes dans les nouveaux appartements avec eau et \u00e9lectricit\u00e9, et jusqu&rsquo;\u00e0 ce qu&rsquo;ils aient un travail pour gagner leur vie. En ce moment, des experts effectuent une analyse g\u00e9ologique des sols pour d\u00e9terminer leur capacit\u00e9 de charge et adapter tous les b\u00e2timents en cons\u00e9quence. Le d\u00e9but des travaux est pr\u00e9vu apr\u00e8s la saison des pluies. Le plan directeur est le\u00a0<a href=\"http:\/\/you-stiftung.de\/category\/aktuelles\/pilotprojekte-baraka\/\" target=\"_blank\" rel=\"noopener\">Taxe de base pour les changements structurels<\/a>.\n\nSous la direction du professeur Jochen Schuster et de Bruno Braun, des \u00e9tudiants en architecture d&rsquo;une universit\u00e9 de D\u00fcsseldorf ont pass\u00e9 des mois \u00e0 concevoir ce plan adapt\u00e9 aux r\u00e9alit\u00e9s locales et aux besoins de la communaut\u00e9 locale.\n\nInformations sur Baraka : Actuellement, Baraka est un bidonville au milieu de Dakar. Depuis de nombreuses ann\u00e9es, Baraka est soutenu par la You Stiftung. Cette colonie chaotique s&rsquo;est d\u00e9velopp\u00e9e pendant plus de 20 ans et n&rsquo;a jamais re\u00e7u de permis formels des autorit\u00e9s gouvernementales. Des r\u00e9fugi\u00e9s de nombreux pays d&rsquo;Afrique de l&rsquo;Ouest vivent ici avec des familles s\u00e9n\u00e9galaises qui ont \u00e9t\u00e9 contraintes de fuir les zones rurales. La population des quartiers environnants n&rsquo;accepte pas les habitants de Baraka et les ostracise.\n<strong>You Stiftung<\/strong> et son projet souhaitent changer tout cela. Bient\u00f4t, chaque famille recevra son propre appartement. Avec la mise en place de rues adapt\u00e9es et l&rsquo;acc\u00e8s \u00e0 l&rsquo;eau et \u00e0 l&rsquo;\u00e9nergie \u00e9lectrique, la vie deviendra plus facile \u2013 et il deviendra possible d&rsquo;installer des commerces, de proposer des services et de cr\u00e9er de petites start-up qui permettent aux parents de gagner modestement leur vie. Une \u00e9cole et un centre de formation assureront l&rsquo;\u00e9ducation des enfants et des jeunes adultes.\nPlus d&rsquo;informations sur notre projet pilote sont sur notre page d&rsquo;accueil :\n\nPlus d&rsquo;informations sur notre projet pilote sont sur notre page d&rsquo;accueil: <a href=\"http:\/\/you-stiftung.de\/vom-slum-zum-vorzeigedorf\/\">http:\/\/you-stiftung.de\/vom-slum-zum-vorzeigedorf\/<\/a>\n\n[spendenTeaser] <strong>Aidez-nous<\/strong> maintenant\u00a0! Soutien aux habitants de Baraka.\n\n\n<div class=\"wp-block-buttons is-layout-flex wp-block-buttons-is-layout-flex\">\n<div class=\"wp-block-button\"><a class=\"wp-block-button__link wp-element-button\" href=\"https:\/\/you-stiftung.de\/fr\/donations\/\">Faire un don<\/a><\/div>\n<\/div>\n","protected":false},"excerpt":{"rendered":"<p>Les habitants de Baraka se souviendront de ce jour pour le reste de leur vie : le pr\u00e9sident du S\u00e9n\u00e9gal, M. Machy Sall, leur a rendu visite dans leur bidonville de Dakar et a exprim\u00e9 sa joie quant aux am\u00e9liorations sur le point de commencer. 2000 habitants ont f\u00eat\u00e9 avec enthousiasme le Pr\u00e9sident s&rsquo;adressant \u00e0 [&hellip;]<\/p>\n","protected":false},"author":9,"featured_media":0,"comment_status":"closed","ping_status":"closed","sticky":false,"template":"","format":"standard","meta":{"footnotes":""},"categories":[447,443,462],"tags":[522,501,523,497],"class_list":["post-12408","post","type-post","status-publish","format-standard","hentry","category-general-fr","category-non-classifiee","category-projets-pilotes-baraka","tag-baraka-fr","tag-entrainement","tag-projet-pilote","tag-senegal-fr"],"yoast_head":"<!-- This site is optimized with the Yoast SEO plugin v27.4 - https:\/\/yoast.com\/product\/yoast-seo-wordpress\/ -->\n<title>LE PR\u00c9SIDENT MACKY SALL VISITE \u00c0 BARAKA &#8211; You Stiftung<\/title>\n<meta name=\"robots\" content=\"index, follow, max-snippet:-1, max-image-preview:large, max-video-preview:-1\" \/>\n<link rel=\"canonical\" href=\"https:\/\/you-stiftung.de\/fr\/le-president-macky-sall-visite-a-baraka\/\" \/>\n<meta property=\"og:locale\" content=\"fr_FR\" \/>\n<meta property=\"og:type\" content=\"article\" \/>\n<meta property=\"og:title\" content=\"LE PR\u00c9SIDENT MACKY SALL VISITE \u00c0 BARAKA &#8211; You Stiftung\" \/>\n<meta property=\"og:description\" content=\"Les habitants de Baraka se souviendront de ce jour pour le reste de leur vie : le pr\u00e9sident du S\u00e9n\u00e9gal, M. Machy Sall, leur a rendu visite dans leur bidonville de Dakar et a exprim\u00e9 sa joie quant aux am\u00e9liorations sur le point de commencer. 2000 habitants ont f\u00eat\u00e9 avec enthousiasme le Pr\u00e9sident s&rsquo;adressant \u00e0 [&hellip;]\" \/>\n<meta property=\"og:url\" content=\"https:\/\/you-stiftung.de\/fr\/le-president-macky-sall-visite-a-baraka\/\" \/>\n<meta property=\"og:site_name\" content=\"You Stiftung\" \/>\n<meta property=\"article:publisher\" content=\"https:\/\/www.facebook.com\/youstiftung\" \/>\n<meta property=\"article:published_time\" content=\"2017-05-02T12:18:24+00:00\" \/>\n<meta property=\"article:modified_time\" content=\"2023-09-12T14:45:22+00:00\" \/>\n<meta property=\"og:image\" content=\"https:\/\/you-stiftung.de\/wp-content\/uploads\/2017\/05\/Baraka_27_4_17_Macky-Sall-1-150x150.jpg\" \/>\n<meta name=\"author\" content=\"Anika\" \/>\n<meta name=\"twitter:card\" content=\"summary_large_image\" \/>\n<meta name=\"twitter:label1\" content=\"\u00c9crit par\" \/>\n\t<meta name=\"twitter:data1\" content=\"Anika\" \/>\n\t<meta name=\"twitter:label2\" content=\"Dur\u00e9e de lecture estim\u00e9e\" \/>\n\t<meta name=\"twitter:data2\" content=\"3 minutes\" \/>\n<script type=\"application\/ld+json\" class=\"yoast-schema-graph\">{\"@context\":\"https:\\\/\\\/schema.org\",\"@graph\":[{\"@type\":\"Article\",\"@id\":\"https:\\\/\\\/you-stiftung.de\\\/fr\\\/le-president-macky-sall-visite-a-baraka\\\/#article\",\"isPartOf\":{\"@id\":\"https:\\\/\\\/you-stiftung.de\\\/fr\\\/le-president-macky-sall-visite-a-baraka\\\/\"},\"author\":{\"name\":\"Anika\",\"@id\":\"https:\\\/\\\/you-stiftung.de\\\/#\\\/schema\\\/person\\\/214a30a2452f82bf648d22ebdba2b10f\"},\"headline\":\"LE PR\u00c9SIDENT MACKY SALL VISITE \u00c0 BARAKA\",\"datePublished\":\"2017-05-02T12:18:24+00:00\",\"dateModified\":\"2023-09-12T14:45:22+00:00\",\"mainEntityOfPage\":{\"@id\":\"https:\\\/\\\/you-stiftung.de\\\/fr\\\/le-president-macky-sall-visite-a-baraka\\\/\"},\"wordCount\":767,\"publisher\":{\"@id\":\"https:\\\/\\\/you-stiftung.de\\\/#organization\"},\"keywords\":[\"Baraka\",\"entra\u00eenement\",\"Projet pilote\",\"Senegal\"],\"articleSection\":[\"general\",\"Non classifi\u00e9(e)\",\"Projets pilotes \\\/ Baraka\"],\"inLanguage\":\"fr-FR\"},{\"@type\":\"WebPage\",\"@id\":\"https:\\\/\\\/you-stiftung.de\\\/fr\\\/le-president-macky-sall-visite-a-baraka\\\/\",\"url\":\"https:\\\/\\\/you-stiftung.de\\\/fr\\\/le-president-macky-sall-visite-a-baraka\\\/\",\"name\":\"LE PR\u00c9SIDENT MACKY SALL VISITE \u00c0 BARAKA &#8211; You Stiftung\",\"isPartOf\":{\"@id\":\"https:\\\/\\\/you-stiftung.de\\\/#website\"},\"datePublished\":\"2017-05-02T12:18:24+00:00\",\"dateModified\":\"2023-09-12T14:45:22+00:00\",\"breadcrumb\":{\"@id\":\"https:\\\/\\\/you-stiftung.de\\\/fr\\\/le-president-macky-sall-visite-a-baraka\\\/#breadcrumb\"},\"inLanguage\":\"fr-FR\",\"potentialAction\":[{\"@type\":\"ReadAction\",\"target\":[\"https:\\\/\\\/you-stiftung.de\\\/fr\\\/le-president-macky-sall-visite-a-baraka\\\/\"]}]},{\"@type\":\"BreadcrumbList\",\"@id\":\"https:\\\/\\\/you-stiftung.de\\\/fr\\\/le-president-macky-sall-visite-a-baraka\\\/#breadcrumb\",\"itemListElement\":[{\"@type\":\"ListItem\",\"position\":1,\"name\":\"Home\",\"item\":\"https:\\\/\\\/you-stiftung.de\\\/fr\\\/accueil-fr\\\/\"},{\"@type\":\"ListItem\",\"position\":2,\"name\":\"LE PR\u00c9SIDENT MACKY SALL VISITE \u00c0 BARAKA\"}]},{\"@type\":\"WebSite\",\"@id\":\"https:\\\/\\\/you-stiftung.de\\\/#website\",\"url\":\"https:\\\/\\\/you-stiftung.de\\\/\",\"name\":\"YOU Stiftung\",\"description\":\"Bildung f\u00fcr Kinder in Not\",\"publisher\":{\"@id\":\"https:\\\/\\\/you-stiftung.de\\\/#organization\"},\"potentialAction\":[{\"@type\":\"SearchAction\",\"target\":{\"@type\":\"EntryPoint\",\"urlTemplate\":\"https:\\\/\\\/you-stiftung.de\\\/?s={search_term_string}\"},\"query-input\":{\"@type\":\"PropertyValueSpecification\",\"valueRequired\":true,\"valueName\":\"search_term_string\"}}],\"inLanguage\":\"fr-FR\"},{\"@type\":\"Organization\",\"@id\":\"https:\\\/\\\/you-stiftung.de\\\/#organization\",\"name\":\"YOU Stiftung\",\"url\":\"https:\\\/\\\/you-stiftung.de\\\/\",\"logo\":{\"@type\":\"ImageObject\",\"inLanguage\":\"fr-FR\",\"@id\":\"https:\\\/\\\/you-stiftung.de\\\/#\\\/schema\\\/logo\\\/image\\\/\",\"url\":\"https:\\\/\\\/you-stiftung.de\\\/wp-content\\\/uploads\\\/2021\\\/02\\\/YOU_Logo_pos_RGB_deutsch_RZ.png\",\"contentUrl\":\"https:\\\/\\\/you-stiftung.de\\\/wp-content\\\/uploads\\\/2021\\\/02\\\/YOU_Logo_pos_RGB_deutsch_RZ.png\",\"width\":729,\"height\":449,\"caption\":\"YOU Stiftung\"},\"image\":{\"@id\":\"https:\\\/\\\/you-stiftung.de\\\/#\\\/schema\\\/logo\\\/image\\\/\"},\"sameAs\":[\"https:\\\/\\\/www.facebook.com\\\/youstiftung\",\"https:\\\/\\\/www.instagram.com\\\/youstiftung\"]},{\"@type\":\"Person\",\"@id\":\"https:\\\/\\\/you-stiftung.de\\\/#\\\/schema\\\/person\\\/214a30a2452f82bf648d22ebdba2b10f\",\"name\":\"Anika\",\"url\":\"https:\\\/\\\/you-stiftung.de\\\/fr\\\/author\\\/anika\\\/\"}]}<\/script>\n<!-- \/ Yoast SEO plugin. -->","yoast_head_json":{"title":"LE PR\u00c9SIDENT MACKY SALL VISITE \u00c0 BARAKA &#8211; You Stiftung","robots":{"index":"index","follow":"follow","max-snippet":"max-snippet:-1","max-image-preview":"max-image-preview:large","max-video-preview":"max-video-preview:-1"},"canonical":"https:\/\/you-stiftung.de\/fr\/le-president-macky-sall-visite-a-baraka\/","og_locale":"fr_FR","og_type":"article","og_title":"LE PR\u00c9SIDENT MACKY SALL VISITE \u00c0 BARAKA &#8211; You Stiftung","og_description":"Les habitants de Baraka se souviendront de ce jour pour le reste de leur vie : le pr\u00e9sident du S\u00e9n\u00e9gal, M. Machy Sall, leur a rendu visite dans leur bidonville de Dakar et a exprim\u00e9 sa joie quant aux am\u00e9liorations sur le point de commencer. 2000 habitants ont f\u00eat\u00e9 avec enthousiasme le Pr\u00e9sident s&rsquo;adressant \u00e0 [&hellip;]","og_url":"https:\/\/you-stiftung.de\/fr\/le-president-macky-sall-visite-a-baraka\/","og_site_name":"You Stiftung","article_publisher":"https:\/\/www.facebook.com\/youstiftung","article_published_time":"2017-05-02T12:18:24+00:00","article_modified_time":"2023-09-12T14:45:22+00:00","og_image":[{"url":"https:\/\/you-stiftung.de\/wp-content\/uploads\/2017\/05\/Baraka_27_4_17_Macky-Sall-1-150x150.jpg","type":"","width":"","height":""}],"author":"Anika","twitter_card":"summary_large_image","twitter_misc":{"\u00c9crit par":"Anika","Dur\u00e9e de lecture estim\u00e9e":"3 minutes"},"schema":{"@context":"https:\/\/schema.org","@graph":[{"@type":"Article","@id":"https:\/\/you-stiftung.de\/fr\/le-president-macky-sall-visite-a-baraka\/#article","isPartOf":{"@id":"https:\/\/you-stiftung.de\/fr\/le-president-macky-sall-visite-a-baraka\/"},"author":{"name":"Anika","@id":"https:\/\/you-stiftung.de\/#\/schema\/person\/214a30a2452f82bf648d22ebdba2b10f"},"headline":"LE PR\u00c9SIDENT MACKY SALL VISITE \u00c0 BARAKA","datePublished":"2017-05-02T12:18:24+00:00","dateModified":"2023-09-12T14:45:22+00:00","mainEntityOfPage":{"@id":"https:\/\/you-stiftung.de\/fr\/le-president-macky-sall-visite-a-baraka\/"},"wordCount":767,"publisher":{"@id":"https:\/\/you-stiftung.de\/#organization"},"keywords":["Baraka","entra\u00eenement","Projet pilote","Senegal"],"articleSection":["general","Non classifi\u00e9(e)","Projets pilotes \/ Baraka"],"inLanguage":"fr-FR"},{"@type":"WebPage","@id":"https:\/\/you-stiftung.de\/fr\/le-president-macky-sall-visite-a-baraka\/","url":"https:\/\/you-stiftung.de\/fr\/le-president-macky-sall-visite-a-baraka\/","name":"LE PR\u00c9SIDENT MACKY SALL VISITE \u00c0 BARAKA &#8211; You Stiftung","isPartOf":{"@id":"https:\/\/you-stiftung.de\/#website"},"datePublished":"2017-05-02T12:18:24+00:00","dateModified":"2023-09-12T14:45:22+00:00","breadcrumb":{"@id":"https:\/\/you-stiftung.de\/fr\/le-president-macky-sall-visite-a-baraka\/#breadcrumb"},"inLanguage":"fr-FR","potentialAction":[{"@type":"ReadAction","target":["https:\/\/you-stiftung.de\/fr\/le-president-macky-sall-visite-a-baraka\/"]}]},{"@type":"BreadcrumbList","@id":"https:\/\/you-stiftung.de\/fr\/le-president-macky-sall-visite-a-baraka\/#breadcrumb","itemListElement":[{"@type":"ListItem","position":1,"name":"Home","item":"https:\/\/you-stiftung.de\/fr\/accueil-fr\/"},{"@type":"ListItem","position":2,"name":"LE PR\u00c9SIDENT MACKY SALL VISITE \u00c0 BARAKA"}]},{"@type":"WebSite","@id":"https:\/\/you-stiftung.de\/#website","url":"https:\/\/you-stiftung.de\/","name":"YOU Stiftung","description":"Bildung f\u00fcr Kinder in Not","publisher":{"@id":"https:\/\/you-stiftung.de\/#organization"},"potentialAction":[{"@type":"SearchAction","target":{"@type":"EntryPoint","urlTemplate":"https:\/\/you-stiftung.de\/?s={search_term_string}"},"query-input":{"@type":"PropertyValueSpecification","valueRequired":true,"valueName":"search_term_string"}}],"inLanguage":"fr-FR"},{"@type":"Organization","@id":"https:\/\/you-stiftung.de\/#organization","name":"YOU Stiftung","url":"https:\/\/you-stiftung.de\/","logo":{"@type":"ImageObject","inLanguage":"fr-FR","@id":"https:\/\/you-stiftung.de\/#\/schema\/logo\/image\/","url":"https:\/\/you-stiftung.de\/wp-content\/uploads\/2021\/02\/YOU_Logo_pos_RGB_deutsch_RZ.png","contentUrl":"https:\/\/you-stiftung.de\/wp-content\/uploads\/2021\/02\/YOU_Logo_pos_RGB_deutsch_RZ.png","width":729,"height":449,"caption":"YOU Stiftung"},"image":{"@id":"https:\/\/you-stiftung.de\/#\/schema\/logo\/image\/"},"sameAs":["https:\/\/www.facebook.com\/youstiftung","https:\/\/www.instagram.com\/youstiftung"]},{"@type":"Person","@id":"https:\/\/you-stiftung.de\/#\/schema\/person\/214a30a2452f82bf648d22ebdba2b10f","name":"Anika","url":"https:\/\/you-stiftung.de\/fr\/author\/anika\/"}]}},"_links":{"self":[{"href":"https:\/\/you-stiftung.de\/fr\/wp-json\/wp\/v2\/posts\/12408","targetHints":{"allow":["GET"]}}],"collection":[{"href":"https:\/\/you-stiftung.de\/fr\/wp-json\/wp\/v2\/posts"}],"about":[{"href":"https:\/\/you-stiftung.de\/fr\/wp-json\/wp\/v2\/types\/post"}],"author":[{"embeddable":true,"href":"https:\/\/you-stiftung.de\/fr\/wp-json\/wp\/v2\/users\/9"}],"replies":[{"embeddable":true,"href":"https:\/\/you-stiftung.de\/fr\/wp-json\/wp\/v2\/comments?post=12408"}],"version-history":[{"count":1,"href":"https:\/\/you-stiftung.de\/fr\/wp-json\/wp\/v2\/posts\/12408\/revisions"}],"predecessor-version":[{"id":17772,"href":"https:\/\/you-stiftung.de\/fr\/wp-json\/wp\/v2\/posts\/12408\/revisions\/17772"}],"wp:attachment":[{"href":"https:\/\/you-stiftung.de\/fr\/wp-json\/wp\/v2\/media?parent=12408"}],"wp:term":[{"taxonomy":"category","embeddable":true,"href":"https:\/\/you-stiftung.de\/fr\/wp-json\/wp\/v2\/categories?post=12408"},{"taxonomy":"post_tag","embeddable":true,"href":"https:\/\/you-stiftung.de\/fr\/wp-json\/wp\/v2\/tags?post=12408"}],"curies":[{"name":"wp","href":"https:\/\/api.w.org\/{rel}","templated":true}]}}