{"id":12382,"date":"2019-11-15T14:39:43","date_gmt":"2019-11-15T13:39:43","guid":{"rendered":"https:\/\/you-charity.de\/moldavie-des-realisations-grace-a-linitiative-de-noel\/"},"modified":"2022-04-25T16:45:14","modified_gmt":"2022-04-25T14:45:14","slug":"moldavie-des-realisations-grace-a-linitiative-de-noel","status":"publish","type":"post","link":"https:\/\/you-stiftung.de\/fr\/moldavie-des-realisations-grace-a-linitiative-de-noel\/","title":{"rendered":"Moldavie : Des r\u00e9alisations gr\u00e2ce \u00e0 l&rsquo;Initiative de No\u00ebl"},"content":{"rendered":"<p>Fin 2017, de nombreux lecteurs du Recklingh\u00e4user Zeitung ont fait des dons pour les enfants et les jeunes en Moldavie qui doivent vivre dans l&rsquo;extr\u00eame pauvret\u00e9. Tr\u00e8s peu peuvent aller \u00e0 l&rsquo;\u00e9cole. Avec l&rsquo;aide des dons, plusieurs projets ont pu \u00eatre soutenus, ainsi que le gar\u00e7on Nikita, qui maintenant, dans le vrai sens du terme, a le monde \u00e0 ses pieds&#8230;<\/p>\n<p>&nbsp;<\/p>\n<p>Il y a un an, Nikita \u00e9tait en fauteuil roulant car il est n\u00e9 avec une paralysie c\u00e9r\u00e9brale. Cette maladie est caus\u00e9e par des l\u00e9sions c\u00e9r\u00e9brales de la petite enfance, dont les cons\u00e9quences sont des troubles du mouvement. Les personnes concern\u00e9es doivent vivre avec un sens de l&rsquo;\u00e9quilibre perturb\u00e9 et une motricit\u00e9 parfois tr\u00e8s s\u00e9v\u00e8rement alt\u00e9r\u00e9e.<\/p>\n<h2>Syst\u00e8me de sant\u00e9 moldave rudimentaire<\/h2>\n<p>Un traitement m\u00e9dical est n\u00e9cessaire pour la paralysie c\u00e9r\u00e9brale infantile afin d&rsquo;\u00e9viter que la maladie ne progresse et que les troubles du mouvement ne s&rsquo;aggravent. Dans certains cas, cela peut m\u00eame conduire \u00e0 une am\u00e9lioration, rendant la vie plus vivable. Mais sans aucun moyen, ces opportunit\u00e9s manquent. Surtout en Moldavie, la maison pauvre de l&rsquo;Europe, dont le syst\u00e8me de sant\u00e9 est arri\u00e9r\u00e9. Selon l&rsquo;Organisation mondiale de la sant\u00e9 (OMS), la Moldavie paie pr\u00e8s de 190 dollars am\u00e9ricains par habitant. D&rsquo;autres pays en d\u00e9veloppement s&rsquo;en sortent beaucoup mieux.<\/p>\n<div id=\"attachment_12758\" style=\"width: 690px\" class=\"wp-caption aligncenter\"><a href=\"https:\/\/you-stiftung.de\/wp-content\/uploads\/2019\/11\/Nikita1-e1573823902950.jpg\"><img fetchpriority=\"high\" decoding=\"async\" aria-describedby=\"caption-attachment-12758\" class=\"wp-image-6638 size-large\" src=\"https:\/\/you-stiftung.de\/wp-content\/uploads\/2019\/11\/Nikita1-e1573823902950-768x1024.jpg\" alt=\"\" width=\"680\" height=\"907\" srcset=\"https:\/\/you-stiftung.de\/wp-content\/uploads\/2019\/11\/Nikita1-e1573823902950-768x1024.jpg 768w, https:\/\/you-stiftung.de\/wp-content\/uploads\/2019\/11\/Nikita1-e1573823902950-600x800.jpg 600w, https:\/\/you-stiftung.de\/wp-content\/uploads\/2019\/11\/Nikita1-e1573823902950-225x300.jpg 225w, https:\/\/you-stiftung.de\/wp-content\/uploads\/2019\/11\/Nikita1-e1573823902950-563x750.jpg 563w, https:\/\/you-stiftung.de\/wp-content\/uploads\/2019\/11\/Nikita1-e1573823902950-409x545.jpg 409w, https:\/\/you-stiftung.de\/wp-content\/uploads\/2019\/11\/Nikita1-e1573823902950-scaled.jpg 1920w\" sizes=\"(max-width: 680px) 100vw, 680px\" \/><\/a><p id=\"caption-attachment-12758\" class=\"wp-caption-text\">Gr\u00e2ce au soutien des donateurs, Nikita n&rsquo;est plus d\u00e9pendante d&rsquo;un fauteuil roulant<\/p><\/div>\n<p>Nikita peut s&rsquo;estimer chanceux dans cette mis\u00e9rable position de d\u00e9part. Parce que dans son cas, une campagne de No\u00ebl pour la Moldavie a \u00e9galement permis l&rsquo;op\u00e9ration et la r\u00e9\u00e9ducation qui a suivi, ce qui a conduit \u00e0 de grandes am\u00e9liorations &#8211; au point qu&rsquo;il peut maintenant marcher ! Une sensation incroyable pour le jeune qui peut se tenir debout pour la premi\u00e8re fois.<\/p>\n<blockquote><p>\u00ab Chers donateurs, merci pour votre soutien. Tu m&rsquo;as donn\u00e9 une seconde vie ! \u00bb, a d\u00e9clar\u00e9 Nikita une semaine avant de commencer sa r\u00e9\u00e9ducation.<\/p><\/blockquote>\n<p>Son traitement a commenc\u00e9 l&rsquo;ann\u00e9e derni\u00e8re et il a fait des progr\u00e8s constants depuis lors. Il n&rsquo;a plus besoin d&rsquo;\u00eatre en fauteuil roulant, ce qui est encore plus difficile dans un pays comme la Moldavie. Lors d&rsquo;un premier voyage au stade avec sa m\u00e8re, il s&rsquo;est tenu debout sur ses deux pieds, a march\u00e9 sur ses propres pas. Le monde est maintenant litt\u00e9ralement aux pieds du gar\u00e7on.<\/p>\n<h2>Aide pour la Moldavie<\/h2>\n<p>L&rsquo;op\u00e9ration de Nikita \u00e9tait l&rsquo;un des nombreux programmes soutenus par la Fondation YOU avec la campagne de No\u00ebl de Recklinghausen pour la Moldavie. Cette action a soutenu quatre autres projets dans le pays : un centre de formation inclusif pour les jeunes, une \u00e9cole pour le d\u00e9veloppement socio-psychologique des enfants d&rsquo;\u00e2ge pr\u00e9scolaire, en particulier des enfants \u00e0 besoins sp\u00e9ciaux, un projet sportif pour le d\u00e9veloppement des capacit\u00e9s physiques des enfants \u00e0 des capacit\u00e9s sanitaires limit\u00e9es et un projet sp\u00e9cial de maternelle pour les enfants atteints de tuberculose.<\/p>\n<p>Pour les enfants de Moldavie, la maison pauvre de l&rsquo;Europe, une autre \u00e9tape importante a \u00e9t\u00e9 franchie, de nouvelles opportunit\u00e9s se pr\u00e9sentent pour sortir du maelstr\u00f6m de l&rsquo;am\u00e8re pauvret\u00e9. Pour beaucoup, aller \u00e0 l&rsquo;\u00e9cole reste un r\u00eave lointain qui restera inaccessible sans aide suppl\u00e9mentaire.<\/p>\n<p><strong>Avec votre soutien, les enfants et les jeunes peuvent mener une vie plus humaine \u00e0 long terme et durablement. Promouvoir l&rsquo;\u00e9galit\u00e9 des chances pour notre monde unique.<\/strong><\/p>\n<p><strong>Informations pour les dons :<\/strong><\/p>\n<p>You Foundation \u2013 \u00c9ducation pour les enfants dans le besoin<\/p>\n<p>Commerzbank D\u00fcsseldorf<br \/>\nIBAN: DE 72 300 400 00 0 34 80 100 00<br \/>\nBIC: COBADEFFXXX<\/p>\n<p>Objectif : sant\u00e9<\/p>\n\n<div class=\"wp-block-buttons is-layout-flex wp-block-buttons-is-layout-flex\">\n<div class=\"wp-block-button\"><a class=\"wp-block-button__link\" href=\"https:\/\/you-stiftung.de\/fr\/dons\/moldavie-ce-qui-y-a-ete-accompli-grace-a-christmas-media-action\">Faire un don<\/a><\/div>\n<\/div>\n","protected":false},"excerpt":{"rendered":"<p>Fin 2017, de nombreux lecteurs du Recklingh\u00e4user Zeitung ont fait des dons pour les enfants et les jeunes en Moldavie qui doivent vivre dans l&rsquo;extr\u00eame pauvret\u00e9. Tr\u00e8s peu peuvent aller \u00e0 l&rsquo;\u00e9cole. Avec l&rsquo;aide des dons, plusieurs projets ont pu \u00eatre soutenus, ainsi que le gar\u00e7on Nikita, qui maintenant, dans le vrai sens du terme, [&hellip;]<\/p>\n","protected":false},"author":10,"featured_media":12754,"comment_status":"closed","ping_status":"closed","sticky":false,"template":"","format":"standard","meta":{"footnotes":""},"categories":[499,447],"tags":[],"class_list":["post-12382","post","type-post","status-publish","format-standard","has-post-thumbnail","hentry","category-europe-fr","category-general-fr"],"yoast_head":"<!-- This site is optimized with the Yoast SEO plugin v27.4 - https:\/\/yoast.com\/product\/yoast-seo-wordpress\/ -->\n<title>Moldavie : Des r\u00e9alisations gr\u00e2ce \u00e0 l&#039;Initiative de No\u00ebl &#8211; You Stiftung<\/title>\n<meta name=\"robots\" content=\"index, follow, max-snippet:-1, max-image-preview:large, max-video-preview:-1\" \/>\n<link rel=\"canonical\" href=\"https:\/\/you-stiftung.de\/fr\/moldavie-des-realisations-grace-a-linitiative-de-noel\/\" \/>\n<meta property=\"og:locale\" content=\"fr_FR\" \/>\n<meta property=\"og:type\" content=\"article\" \/>\n<meta property=\"og:title\" content=\"Moldavie : Des r\u00e9alisations gr\u00e2ce \u00e0 l&#039;Initiative de No\u00ebl &#8211; You Stiftung\" \/>\n<meta property=\"og:description\" content=\"Fin 2017, de nombreux lecteurs du Recklingh\u00e4user Zeitung ont fait des dons pour les enfants et les jeunes en Moldavie qui doivent vivre dans l&rsquo;extr\u00eame pauvret\u00e9. Tr\u00e8s peu peuvent aller \u00e0 l&rsquo;\u00e9cole. Avec l&rsquo;aide des dons, plusieurs projets ont pu \u00eatre soutenus, ainsi que le gar\u00e7on Nikita, qui maintenant, dans le vrai sens du terme, [&hellip;]\" \/>\n<meta property=\"og:url\" content=\"https:\/\/you-stiftung.de\/fr\/moldavie-des-realisations-grace-a-linitiative-de-noel\/\" \/>\n<meta property=\"og:site_name\" content=\"You Stiftung\" \/>\n<meta property=\"article:publisher\" content=\"https:\/\/www.facebook.com\/youstiftung\" \/>\n<meta property=\"article:published_time\" content=\"2019-11-15T13:39:43+00:00\" \/>\n<meta property=\"article:modified_time\" content=\"2022-04-25T14:45:14+00:00\" \/>\n<meta property=\"og:image\" content=\"https:\/\/you-stiftung.de\/wp-content\/uploads\/2019\/11\/Nikita7-1.jpg\" \/>\n\t<meta property=\"og:image:width\" content=\"1280\" \/>\n\t<meta property=\"og:image:height\" content=\"853\" \/>\n\t<meta property=\"og:image:type\" content=\"image\/jpeg\" \/>\n<meta name=\"author\" content=\"Claudia Jerger\" \/>\n<meta name=\"twitter:card\" content=\"summary_large_image\" \/>\n<meta name=\"twitter:label1\" content=\"\u00c9crit par\" \/>\n\t<meta name=\"twitter:data1\" content=\"Claudia Jerger\" \/>\n\t<meta name=\"twitter:label2\" content=\"Dur\u00e9e de lecture estim\u00e9e\" \/>\n\t<meta name=\"twitter:data2\" content=\"3 minutes\" \/>\n<script type=\"application\/ld+json\" class=\"yoast-schema-graph\">{\"@context\":\"https:\\\/\\\/schema.org\",\"@graph\":[{\"@type\":\"Article\",\"@id\":\"https:\\\/\\\/you-stiftung.de\\\/fr\\\/moldavie-des-realisations-grace-a-linitiative-de-noel\\\/#article\",\"isPartOf\":{\"@id\":\"https:\\\/\\\/you-stiftung.de\\\/fr\\\/moldavie-des-realisations-grace-a-linitiative-de-noel\\\/\"},\"author\":{\"name\":\"Claudia Jerger\",\"@id\":\"https:\\\/\\\/you-stiftung.de\\\/#\\\/schema\\\/person\\\/d52d29815c5386bd4743f97541a917ef\"},\"headline\":\"Moldavie : Des r\u00e9alisations gr\u00e2ce \u00e0 l&rsquo;Initiative de No\u00ebl\",\"datePublished\":\"2019-11-15T13:39:43+00:00\",\"dateModified\":\"2022-04-25T14:45:14+00:00\",\"mainEntityOfPage\":{\"@id\":\"https:\\\/\\\/you-stiftung.de\\\/fr\\\/moldavie-des-realisations-grace-a-linitiative-de-noel\\\/\"},\"wordCount\":658,\"publisher\":{\"@id\":\"https:\\\/\\\/you-stiftung.de\\\/#organization\"},\"image\":{\"@id\":\"https:\\\/\\\/you-stiftung.de\\\/fr\\\/moldavie-des-realisations-grace-a-linitiative-de-noel\\\/#primaryimage\"},\"thumbnailUrl\":\"https:\\\/\\\/you-stiftung.de\\\/wp-content\\\/uploads\\\/2019\\\/11\\\/Nikita7-1.jpg\",\"articleSection\":[\"Europe\",\"general\"],\"inLanguage\":\"fr-FR\"},{\"@type\":\"WebPage\",\"@id\":\"https:\\\/\\\/you-stiftung.de\\\/fr\\\/moldavie-des-realisations-grace-a-linitiative-de-noel\\\/\",\"url\":\"https:\\\/\\\/you-stiftung.de\\\/fr\\\/moldavie-des-realisations-grace-a-linitiative-de-noel\\\/\",\"name\":\"Moldavie : Des r\u00e9alisations gr\u00e2ce \u00e0 l'Initiative de No\u00ebl &#8211; You Stiftung\",\"isPartOf\":{\"@id\":\"https:\\\/\\\/you-stiftung.de\\\/#website\"},\"primaryImageOfPage\":{\"@id\":\"https:\\\/\\\/you-stiftung.de\\\/fr\\\/moldavie-des-realisations-grace-a-linitiative-de-noel\\\/#primaryimage\"},\"image\":{\"@id\":\"https:\\\/\\\/you-stiftung.de\\\/fr\\\/moldavie-des-realisations-grace-a-linitiative-de-noel\\\/#primaryimage\"},\"thumbnailUrl\":\"https:\\\/\\\/you-stiftung.de\\\/wp-content\\\/uploads\\\/2019\\\/11\\\/Nikita7-1.jpg\",\"datePublished\":\"2019-11-15T13:39:43+00:00\",\"dateModified\":\"2022-04-25T14:45:14+00:00\",\"breadcrumb\":{\"@id\":\"https:\\\/\\\/you-stiftung.de\\\/fr\\\/moldavie-des-realisations-grace-a-linitiative-de-noel\\\/#breadcrumb\"},\"inLanguage\":\"fr-FR\",\"potentialAction\":[{\"@type\":\"ReadAction\",\"target\":[\"https:\\\/\\\/you-stiftung.de\\\/fr\\\/moldavie-des-realisations-grace-a-linitiative-de-noel\\\/\"]}]},{\"@type\":\"ImageObject\",\"inLanguage\":\"fr-FR\",\"@id\":\"https:\\\/\\\/you-stiftung.de\\\/fr\\\/moldavie-des-realisations-grace-a-linitiative-de-noel\\\/#primaryimage\",\"url\":\"https:\\\/\\\/you-stiftung.de\\\/wp-content\\\/uploads\\\/2019\\\/11\\\/Nikita7-1.jpg\",\"contentUrl\":\"https:\\\/\\\/you-stiftung.de\\\/wp-content\\\/uploads\\\/2019\\\/11\\\/Nikita7-1.jpg\",\"width\":1280,\"height\":853,\"caption\":\"Nikita7 1\"},{\"@type\":\"BreadcrumbList\",\"@id\":\"https:\\\/\\\/you-stiftung.de\\\/fr\\\/moldavie-des-realisations-grace-a-linitiative-de-noel\\\/#breadcrumb\",\"itemListElement\":[{\"@type\":\"ListItem\",\"position\":1,\"name\":\"Home\",\"item\":\"https:\\\/\\\/you-stiftung.de\\\/fr\\\/accueil-fr\\\/\"},{\"@type\":\"ListItem\",\"position\":2,\"name\":\"Moldavie : Des r\u00e9alisations gr\u00e2ce \u00e0 l&#8217;Initiative de No\u00ebl\"}]},{\"@type\":\"WebSite\",\"@id\":\"https:\\\/\\\/you-stiftung.de\\\/#website\",\"url\":\"https:\\\/\\\/you-stiftung.de\\\/\",\"name\":\"YOU Stiftung\",\"description\":\"Bildung f\u00fcr Kinder in Not\",\"publisher\":{\"@id\":\"https:\\\/\\\/you-stiftung.de\\\/#organization\"},\"potentialAction\":[{\"@type\":\"SearchAction\",\"target\":{\"@type\":\"EntryPoint\",\"urlTemplate\":\"https:\\\/\\\/you-stiftung.de\\\/?s={search_term_string}\"},\"query-input\":{\"@type\":\"PropertyValueSpecification\",\"valueRequired\":true,\"valueName\":\"search_term_string\"}}],\"inLanguage\":\"fr-FR\"},{\"@type\":\"Organization\",\"@id\":\"https:\\\/\\\/you-stiftung.de\\\/#organization\",\"name\":\"YOU Stiftung\",\"url\":\"https:\\\/\\\/you-stiftung.de\\\/\",\"logo\":{\"@type\":\"ImageObject\",\"inLanguage\":\"fr-FR\",\"@id\":\"https:\\\/\\\/you-stiftung.de\\\/#\\\/schema\\\/logo\\\/image\\\/\",\"url\":\"https:\\\/\\\/you-stiftung.de\\\/wp-content\\\/uploads\\\/2021\\\/02\\\/YOU_Logo_pos_RGB_deutsch_RZ.png\",\"contentUrl\":\"https:\\\/\\\/you-stiftung.de\\\/wp-content\\\/uploads\\\/2021\\\/02\\\/YOU_Logo_pos_RGB_deutsch_RZ.png\",\"width\":729,\"height\":449,\"caption\":\"YOU Stiftung\"},\"image\":{\"@id\":\"https:\\\/\\\/you-stiftung.de\\\/#\\\/schema\\\/logo\\\/image\\\/\"},\"sameAs\":[\"https:\\\/\\\/www.facebook.com\\\/youstiftung\",\"https:\\\/\\\/www.instagram.com\\\/youstiftung\"]},{\"@type\":\"Person\",\"@id\":\"https:\\\/\\\/you-stiftung.de\\\/#\\\/schema\\\/person\\\/d52d29815c5386bd4743f97541a917ef\",\"name\":\"Claudia Jerger\",\"url\":\"https:\\\/\\\/you-stiftung.de\\\/fr\\\/author\\\/claudia-jerger\\\/\"}]}<\/script>\n<!-- \/ Yoast SEO plugin. -->","yoast_head_json":{"title":"Moldavie : Des r\u00e9alisations gr\u00e2ce \u00e0 l'Initiative de No\u00ebl &#8211; You Stiftung","robots":{"index":"index","follow":"follow","max-snippet":"max-snippet:-1","max-image-preview":"max-image-preview:large","max-video-preview":"max-video-preview:-1"},"canonical":"https:\/\/you-stiftung.de\/fr\/moldavie-des-realisations-grace-a-linitiative-de-noel\/","og_locale":"fr_FR","og_type":"article","og_title":"Moldavie : Des r\u00e9alisations gr\u00e2ce \u00e0 l'Initiative de No\u00ebl &#8211; You Stiftung","og_description":"Fin 2017, de nombreux lecteurs du Recklingh\u00e4user Zeitung ont fait des dons pour les enfants et les jeunes en Moldavie qui doivent vivre dans l&rsquo;extr\u00eame pauvret\u00e9. Tr\u00e8s peu peuvent aller \u00e0 l&rsquo;\u00e9cole. Avec l&rsquo;aide des dons, plusieurs projets ont pu \u00eatre soutenus, ainsi que le gar\u00e7on Nikita, qui maintenant, dans le vrai sens du terme, [&hellip;]","og_url":"https:\/\/you-stiftung.de\/fr\/moldavie-des-realisations-grace-a-linitiative-de-noel\/","og_site_name":"You Stiftung","article_publisher":"https:\/\/www.facebook.com\/youstiftung","article_published_time":"2019-11-15T13:39:43+00:00","article_modified_time":"2022-04-25T14:45:14+00:00","og_image":[{"width":1280,"height":853,"url":"https:\/\/you-stiftung.de\/wp-content\/uploads\/2019\/11\/Nikita7-1.jpg","type":"image\/jpeg"}],"author":"Claudia Jerger","twitter_card":"summary_large_image","twitter_misc":{"\u00c9crit par":"Claudia Jerger","Dur\u00e9e de lecture estim\u00e9e":"3 minutes"},"schema":{"@context":"https:\/\/schema.org","@graph":[{"@type":"Article","@id":"https:\/\/you-stiftung.de\/fr\/moldavie-des-realisations-grace-a-linitiative-de-noel\/#article","isPartOf":{"@id":"https:\/\/you-stiftung.de\/fr\/moldavie-des-realisations-grace-a-linitiative-de-noel\/"},"author":{"name":"Claudia Jerger","@id":"https:\/\/you-stiftung.de\/#\/schema\/person\/d52d29815c5386bd4743f97541a917ef"},"headline":"Moldavie : Des r\u00e9alisations gr\u00e2ce \u00e0 l&rsquo;Initiative de No\u00ebl","datePublished":"2019-11-15T13:39:43+00:00","dateModified":"2022-04-25T14:45:14+00:00","mainEntityOfPage":{"@id":"https:\/\/you-stiftung.de\/fr\/moldavie-des-realisations-grace-a-linitiative-de-noel\/"},"wordCount":658,"publisher":{"@id":"https:\/\/you-stiftung.de\/#organization"},"image":{"@id":"https:\/\/you-stiftung.de\/fr\/moldavie-des-realisations-grace-a-linitiative-de-noel\/#primaryimage"},"thumbnailUrl":"https:\/\/you-stiftung.de\/wp-content\/uploads\/2019\/11\/Nikita7-1.jpg","articleSection":["Europe","general"],"inLanguage":"fr-FR"},{"@type":"WebPage","@id":"https:\/\/you-stiftung.de\/fr\/moldavie-des-realisations-grace-a-linitiative-de-noel\/","url":"https:\/\/you-stiftung.de\/fr\/moldavie-des-realisations-grace-a-linitiative-de-noel\/","name":"Moldavie : Des r\u00e9alisations gr\u00e2ce \u00e0 l'Initiative de No\u00ebl &#8211; You Stiftung","isPartOf":{"@id":"https:\/\/you-stiftung.de\/#website"},"primaryImageOfPage":{"@id":"https:\/\/you-stiftung.de\/fr\/moldavie-des-realisations-grace-a-linitiative-de-noel\/#primaryimage"},"image":{"@id":"https:\/\/you-stiftung.de\/fr\/moldavie-des-realisations-grace-a-linitiative-de-noel\/#primaryimage"},"thumbnailUrl":"https:\/\/you-stiftung.de\/wp-content\/uploads\/2019\/11\/Nikita7-1.jpg","datePublished":"2019-11-15T13:39:43+00:00","dateModified":"2022-04-25T14:45:14+00:00","breadcrumb":{"@id":"https:\/\/you-stiftung.de\/fr\/moldavie-des-realisations-grace-a-linitiative-de-noel\/#breadcrumb"},"inLanguage":"fr-FR","potentialAction":[{"@type":"ReadAction","target":["https:\/\/you-stiftung.de\/fr\/moldavie-des-realisations-grace-a-linitiative-de-noel\/"]}]},{"@type":"ImageObject","inLanguage":"fr-FR","@id":"https:\/\/you-stiftung.de\/fr\/moldavie-des-realisations-grace-a-linitiative-de-noel\/#primaryimage","url":"https:\/\/you-stiftung.de\/wp-content\/uploads\/2019\/11\/Nikita7-1.jpg","contentUrl":"https:\/\/you-stiftung.de\/wp-content\/uploads\/2019\/11\/Nikita7-1.jpg","width":1280,"height":853,"caption":"Nikita7 1"},{"@type":"BreadcrumbList","@id":"https:\/\/you-stiftung.de\/fr\/moldavie-des-realisations-grace-a-linitiative-de-noel\/#breadcrumb","itemListElement":[{"@type":"ListItem","position":1,"name":"Home","item":"https:\/\/you-stiftung.de\/fr\/accueil-fr\/"},{"@type":"ListItem","position":2,"name":"Moldavie : Des r\u00e9alisations gr\u00e2ce \u00e0 l&#8217;Initiative de No\u00ebl"}]},{"@type":"WebSite","@id":"https:\/\/you-stiftung.de\/#website","url":"https:\/\/you-stiftung.de\/","name":"YOU Stiftung","description":"Bildung f\u00fcr Kinder in Not","publisher":{"@id":"https:\/\/you-stiftung.de\/#organization"},"potentialAction":[{"@type":"SearchAction","target":{"@type":"EntryPoint","urlTemplate":"https:\/\/you-stiftung.de\/?s={search_term_string}"},"query-input":{"@type":"PropertyValueSpecification","valueRequired":true,"valueName":"search_term_string"}}],"inLanguage":"fr-FR"},{"@type":"Organization","@id":"https:\/\/you-stiftung.de\/#organization","name":"YOU Stiftung","url":"https:\/\/you-stiftung.de\/","logo":{"@type":"ImageObject","inLanguage":"fr-FR","@id":"https:\/\/you-stiftung.de\/#\/schema\/logo\/image\/","url":"https:\/\/you-stiftung.de\/wp-content\/uploads\/2021\/02\/YOU_Logo_pos_RGB_deutsch_RZ.png","contentUrl":"https:\/\/you-stiftung.de\/wp-content\/uploads\/2021\/02\/YOU_Logo_pos_RGB_deutsch_RZ.png","width":729,"height":449,"caption":"YOU Stiftung"},"image":{"@id":"https:\/\/you-stiftung.de\/#\/schema\/logo\/image\/"},"sameAs":["https:\/\/www.facebook.com\/youstiftung","https:\/\/www.instagram.com\/youstiftung"]},{"@type":"Person","@id":"https:\/\/you-stiftung.de\/#\/schema\/person\/d52d29815c5386bd4743f97541a917ef","name":"Claudia Jerger","url":"https:\/\/you-stiftung.de\/fr\/author\/claudia-jerger\/"}]}},"_links":{"self":[{"href":"https:\/\/you-stiftung.de\/fr\/wp-json\/wp\/v2\/posts\/12382","targetHints":{"allow":["GET"]}}],"collection":[{"href":"https:\/\/you-stiftung.de\/fr\/wp-json\/wp\/v2\/posts"}],"about":[{"href":"https:\/\/you-stiftung.de\/fr\/wp-json\/wp\/v2\/types\/post"}],"author":[{"embeddable":true,"href":"https:\/\/you-stiftung.de\/fr\/wp-json\/wp\/v2\/users\/10"}],"replies":[{"embeddable":true,"href":"https:\/\/you-stiftung.de\/fr\/wp-json\/wp\/v2\/comments?post=12382"}],"version-history":[{"count":3,"href":"https:\/\/you-stiftung.de\/fr\/wp-json\/wp\/v2\/posts\/12382\/revisions"}],"predecessor-version":[{"id":15777,"href":"https:\/\/you-stiftung.de\/fr\/wp-json\/wp\/v2\/posts\/12382\/revisions\/15777"}],"wp:featuredmedia":[{"embeddable":true,"href":"https:\/\/you-stiftung.de\/fr\/wp-json\/wp\/v2\/media\/12754"}],"wp:attachment":[{"href":"https:\/\/you-stiftung.de\/fr\/wp-json\/wp\/v2\/media?parent=12382"}],"wp:term":[{"taxonomy":"category","embeddable":true,"href":"https:\/\/you-stiftung.de\/fr\/wp-json\/wp\/v2\/categories?post=12382"},{"taxonomy":"post_tag","embeddable":true,"href":"https:\/\/you-stiftung.de\/fr\/wp-json\/wp\/v2\/tags?post=12382"}],"curies":[{"name":"wp","href":"https:\/\/api.w.org\/{rel}","templated":true}]}}