{"id":12381,"date":"2019-11-21T15:06:27","date_gmt":"2019-11-21T14:06:27","guid":{"rendered":"https:\/\/you-charity.de\/le-travail-des-enfants-est-une-realite-amere-aidez-nous-a-y-mettre-fin\/"},"modified":"2021-08-25T18:38:07","modified_gmt":"2021-08-25T16:38:07","slug":"le-travail-des-enfants-est-une-realite-amere-aidez-nous-a-y-mettre-fin","status":"publish","type":"post","link":"https:\/\/you-stiftung.de\/fr\/le-travail-des-enfants-est-une-realite-amere-aidez-nous-a-y-mettre-fin\/","title":{"rendered":"Le travail des enfants est une r\u00e9alit\u00e9 am\u00e8re\u00a0: aidez-nous \u00e0 y mettre fin\u00a0!"},"content":{"rendered":"<p>Les enfants d&rsquo;aujourd&rsquo;hui sont toujours exploit\u00e9s \u00e9conomiquement et utilis\u00e9s comme source de main-d&rsquo;\u0153uvre bon march\u00e9 \u2013 <strong> m\u00eame dans les pays qui ont sign\u00e9 la Convention des Nations Unies relative aux droits de l&rsquo;enfant. <\/strong>.<\/p>\n<p><!--plus--><\/p>\n<p>Claudia Jerger, vice-pr\u00e9sidente du conseil d&rsquo;administration de la Fondation YOU, a \u00e9t\u00e9 t\u00e9moin au Bangladesh de la fa\u00e7on dont les enfants travaillaient \u00e0 plein temps dans les usines. Le gouvernement permet aux enfants de travailler au lieu d&rsquo;aller \u00e0 l&rsquo;\u00e9cole.<\/p>\n<h2>\u00ab&nbsp;Ils sont pi\u00e9g\u00e9s dans un cercle vicieux&nbsp;\u00bb<\/h2>\n<p>Tout en aidant \u00e0 soutenir leur famille, les enfants sont fiers du travail qu&rsquo;ils font, en particulier ceux qui travaillent dans l&rsquo;industrie m\u00e9tallurgique. Les propri\u00e9taires d&rsquo;usines sont \u00e9galement fiers qui pensent qu&rsquo;\u00e0 travers le travail des enfants, ils aident les familles \u00e0 survivre. Les parents comptent g\u00e9n\u00e9ralement sur les enfants pour travailler. \u00ab Ils sont pi\u00e9g\u00e9s dans un cercle vicieux \u00bb, explique Claudia Jerger.<\/p>\n<h2>L&rsquo;aide humanitaire ne peut pas briser ce cercle vicieux<\/h2>\n<p>De nombreuses familles n&rsquo;ont pas d&rsquo;autres options. Une cabane dans les bidonvilles co\u00fbte 30 euros par mois et les parents gagnent souvent moins de 15 euros par mois ;<strong>un enfant peut gagner jusqu&rsquo;\u00e0 8 euros par mois en travaillant chaque jour pendant 10 heures. <\/strong>De plus, la famille a encore besoin d&rsquo;acheter de la nourriture pour survivre. L&rsquo;aide humanitaire ne peut pas changer les lois d&rsquo;un pays, mais nous pouvons nous efforcer de sensibiliser et d&rsquo;am\u00e9liorer les conditions de vie ! Nous ne voulons m\u00eame pas imaginer ce qui se passerait dans cette situation si un membre de la famille tombait malade !<\/p>\n<h2>Comment pouvons-nous retirer les enfants de ce cycle infernal&nbsp;?<\/h2>\n<p>Les <strong>\u00e9coles du soir<\/strong> offrent <strong>une chance<\/strong> de sortir de ce cycle. Les enfants re\u00e7oivent un enseignement \u00e9l\u00e9mentaire et des comp\u00e9tences de base et sont inform\u00e9s de leurs droits. Des jeux et des activit\u00e9s culturelles sont \u00e9galement propos\u00e9s. \u00ab Nous souhaitons renforcer les enfants avec la connaissance &#8211; dans la soci\u00e9t\u00e9 et dans leurs quartiers &#8211; et leur offrir une chance d&rsquo;\u00eatre des enfants.<\/p>\n<p>En tant qu&rsquo;adultes, ils auront de meilleures chances sur le march\u00e9 du travail, ils conna\u00eetront leurs droits et avec cette force ils pourront briser le cycle.<\/p>\n<p><!--[galerie ids=\"6671,6661,6665\"]\n\n--><\/p>\n<h2>Vous pouvez arr\u00eater la machinerie infernale<\/h2>\n<p>S&rsquo;il vous pla\u00eet, n&rsquo;ignorez pas ce probl\u00e8me et aidez ces enfants \u00e0 esp\u00e9rer un avenir meilleur.<\/p>\n<p><strong>Nous demandons votre aide&nbsp;:&nbsp;s&rsquo;il vous pla\u00eet, soutenez les \u00e9coles du soir au Bangladesh et offrez \u00e0 ces enfants un avenir meilleur.<\/strong><\/p>\n<p><strong><br \/>\n<\/strong><strong><\/strong><\/p>\n","protected":false},"excerpt":{"rendered":"<p>Les enfants d&rsquo;aujourd&rsquo;hui sont toujours exploit\u00e9s \u00e9conomiquement et utilis\u00e9s comme source de main-d&rsquo;\u0153uvre bon march\u00e9 \u2013 m\u00eame dans les pays qui ont sign\u00e9 la Convention des Nations Unies relative aux droits de l&rsquo;enfant. . Claudia Jerger, vice-pr\u00e9sidente du conseil d&rsquo;administration de la Fondation YOU, a \u00e9t\u00e9 t\u00e9moin au Bangladesh de la fa\u00e7on dont les enfants [&hellip;]<\/p>\n","protected":false},"author":10,"featured_media":12361,"comment_status":"closed","ping_status":"closed","sticky":false,"template":"","format":"standard","meta":{"footnotes":""},"categories":[447],"tags":[],"class_list":["post-12381","post","type-post","status-publish","format-standard","has-post-thumbnail","hentry","category-general-fr"],"yoast_head":"<!-- This site is optimized with the Yoast SEO plugin v27.4 - https:\/\/yoast.com\/product\/yoast-seo-wordpress\/ -->\n<title>Le travail des enfants est une r\u00e9alit\u00e9 am\u00e8re\u00a0: aidez-nous \u00e0 y mettre fin\u00a0!<\/title>\n<meta name=\"description\" content=\"Les enfants sont toujours exploit\u00e9s \u00e9conomiquement et maltrait\u00e9s en tant que main-d&#039;\u0153uvre bon march\u00e9 - m\u00eame dans les pays qui connaissent les droits des enfants de l&#039;ONU.\" \/>\n<meta name=\"robots\" content=\"index, follow, max-snippet:-1, max-image-preview:large, max-video-preview:-1\" \/>\n<link rel=\"canonical\" href=\"https:\/\/you-stiftung.de\/fr\/le-travail-des-enfants-est-une-realite-amere-aidez-nous-a-y-mettre-fin\/\" \/>\n<meta property=\"og:locale\" content=\"fr_FR\" \/>\n<meta property=\"og:type\" content=\"article\" \/>\n<meta property=\"og:title\" content=\"Le travail des enfants est une r\u00e9alit\u00e9 am\u00e8re\u00a0: aidez-nous \u00e0 y mettre fin\u00a0!\" \/>\n<meta property=\"og:description\" content=\"Les enfants sont toujours exploit\u00e9s \u00e9conomiquement et maltrait\u00e9s en tant que main-d&#039;\u0153uvre bon march\u00e9 - m\u00eame dans les pays qui connaissent les droits des enfants de l&#039;ONU.\" \/>\n<meta property=\"og:url\" content=\"https:\/\/you-stiftung.de\/fr\/le-travail-des-enfants-est-une-realite-amere-aidez-nous-a-y-mettre-fin\/\" \/>\n<meta property=\"og:site_name\" content=\"You Stiftung\" \/>\n<meta property=\"article:publisher\" content=\"https:\/\/www.facebook.com\/youstiftung\" \/>\n<meta property=\"article:published_time\" content=\"2019-11-21T14:06:27+00:00\" \/>\n<meta property=\"article:modified_time\" content=\"2021-08-25T16:38:07+00:00\" \/>\n<meta property=\"og:image\" content=\"https:\/\/you-stiftung.de\/wp-content\/uploads\/2020\/06\/Bangla6-1-901x1024.jpg\" \/>\n\t<meta property=\"og:image:width\" content=\"901\" \/>\n\t<meta property=\"og:image:height\" content=\"1024\" \/>\n\t<meta property=\"og:image:type\" content=\"image\/jpeg\" \/>\n<meta name=\"author\" content=\"Claudia Jerger\" \/>\n<meta name=\"twitter:card\" content=\"summary_large_image\" \/>\n<meta name=\"twitter:label1\" content=\"\u00c9crit par\" \/>\n\t<meta name=\"twitter:data1\" content=\"Claudia Jerger\" \/>\n\t<meta name=\"twitter:label2\" content=\"Dur\u00e9e de lecture estim\u00e9e\" \/>\n\t<meta name=\"twitter:data2\" content=\"2 minutes\" \/>\n<script type=\"application\/ld+json\" class=\"yoast-schema-graph\">{\"@context\":\"https:\\\/\\\/schema.org\",\"@graph\":[{\"@type\":\"Article\",\"@id\":\"https:\\\/\\\/you-stiftung.de\\\/fr\\\/le-travail-des-enfants-est-une-realite-amere-aidez-nous-a-y-mettre-fin\\\/#article\",\"isPartOf\":{\"@id\":\"https:\\\/\\\/you-stiftung.de\\\/fr\\\/le-travail-des-enfants-est-une-realite-amere-aidez-nous-a-y-mettre-fin\\\/\"},\"author\":{\"name\":\"Claudia Jerger\",\"@id\":\"https:\\\/\\\/you-stiftung.de\\\/#\\\/schema\\\/person\\\/d52d29815c5386bd4743f97541a917ef\"},\"headline\":\"Le travail des enfants est une r\u00e9alit\u00e9 am\u00e8re\u00a0: aidez-nous \u00e0 y mettre fin\u00a0!\",\"datePublished\":\"2019-11-21T14:06:27+00:00\",\"dateModified\":\"2021-08-25T16:38:07+00:00\",\"mainEntityOfPage\":{\"@id\":\"https:\\\/\\\/you-stiftung.de\\\/fr\\\/le-travail-des-enfants-est-une-realite-amere-aidez-nous-a-y-mettre-fin\\\/\"},\"wordCount\":454,\"publisher\":{\"@id\":\"https:\\\/\\\/you-stiftung.de\\\/#organization\"},\"image\":{\"@id\":\"https:\\\/\\\/you-stiftung.de\\\/fr\\\/le-travail-des-enfants-est-une-realite-amere-aidez-nous-a-y-mettre-fin\\\/#primaryimage\"},\"thumbnailUrl\":\"https:\\\/\\\/you-stiftung.de\\\/wp-content\\\/uploads\\\/2020\\\/06\\\/Bangla6-1.jpg\",\"articleSection\":[\"general\"],\"inLanguage\":\"fr-FR\"},{\"@type\":\"WebPage\",\"@id\":\"https:\\\/\\\/you-stiftung.de\\\/fr\\\/le-travail-des-enfants-est-une-realite-amere-aidez-nous-a-y-mettre-fin\\\/\",\"url\":\"https:\\\/\\\/you-stiftung.de\\\/fr\\\/le-travail-des-enfants-est-une-realite-amere-aidez-nous-a-y-mettre-fin\\\/\",\"name\":\"Le travail des enfants est une r\u00e9alit\u00e9 am\u00e8re\u00a0: aidez-nous \u00e0 y mettre fin\u00a0!\",\"isPartOf\":{\"@id\":\"https:\\\/\\\/you-stiftung.de\\\/#website\"},\"primaryImageOfPage\":{\"@id\":\"https:\\\/\\\/you-stiftung.de\\\/fr\\\/le-travail-des-enfants-est-une-realite-amere-aidez-nous-a-y-mettre-fin\\\/#primaryimage\"},\"image\":{\"@id\":\"https:\\\/\\\/you-stiftung.de\\\/fr\\\/le-travail-des-enfants-est-une-realite-amere-aidez-nous-a-y-mettre-fin\\\/#primaryimage\"},\"thumbnailUrl\":\"https:\\\/\\\/you-stiftung.de\\\/wp-content\\\/uploads\\\/2020\\\/06\\\/Bangla6-1.jpg\",\"datePublished\":\"2019-11-21T14:06:27+00:00\",\"dateModified\":\"2021-08-25T16:38:07+00:00\",\"description\":\"Les enfants sont toujours exploit\u00e9s \u00e9conomiquement et maltrait\u00e9s en tant que main-d'\u0153uvre bon march\u00e9 - m\u00eame dans les pays qui connaissent les droits des enfants de l'ONU.\",\"breadcrumb\":{\"@id\":\"https:\\\/\\\/you-stiftung.de\\\/fr\\\/le-travail-des-enfants-est-une-realite-amere-aidez-nous-a-y-mettre-fin\\\/#breadcrumb\"},\"inLanguage\":\"fr-FR\",\"potentialAction\":[{\"@type\":\"ReadAction\",\"target\":[\"https:\\\/\\\/you-stiftung.de\\\/fr\\\/le-travail-des-enfants-est-une-realite-amere-aidez-nous-a-y-mettre-fin\\\/\"]}]},{\"@type\":\"ImageObject\",\"inLanguage\":\"fr-FR\",\"@id\":\"https:\\\/\\\/you-stiftung.de\\\/fr\\\/le-travail-des-enfants-est-une-realite-amere-aidez-nous-a-y-mettre-fin\\\/#primaryimage\",\"url\":\"https:\\\/\\\/you-stiftung.de\\\/wp-content\\\/uploads\\\/2020\\\/06\\\/Bangla6-1.jpg\",\"contentUrl\":\"https:\\\/\\\/you-stiftung.de\\\/wp-content\\\/uploads\\\/2020\\\/06\\\/Bangla6-1.jpg\",\"width\":2200,\"height\":2499,\"caption\":\"Bangla6 1\"},{\"@type\":\"BreadcrumbList\",\"@id\":\"https:\\\/\\\/you-stiftung.de\\\/fr\\\/le-travail-des-enfants-est-une-realite-amere-aidez-nous-a-y-mettre-fin\\\/#breadcrumb\",\"itemListElement\":[{\"@type\":\"ListItem\",\"position\":1,\"name\":\"Home\",\"item\":\"https:\\\/\\\/you-stiftung.de\\\/fr\\\/accueil-fr\\\/\"},{\"@type\":\"ListItem\",\"position\":2,\"name\":\"Le travail des enfants est une r\u00e9alit\u00e9 am\u00e8re\u00a0: aidez-nous \u00e0 y mettre fin\u00a0!\"}]},{\"@type\":\"WebSite\",\"@id\":\"https:\\\/\\\/you-stiftung.de\\\/#website\",\"url\":\"https:\\\/\\\/you-stiftung.de\\\/\",\"name\":\"YOU Stiftung\",\"description\":\"Bildung f\u00fcr Kinder in Not\",\"publisher\":{\"@id\":\"https:\\\/\\\/you-stiftung.de\\\/#organization\"},\"potentialAction\":[{\"@type\":\"SearchAction\",\"target\":{\"@type\":\"EntryPoint\",\"urlTemplate\":\"https:\\\/\\\/you-stiftung.de\\\/?s={search_term_string}\"},\"query-input\":{\"@type\":\"PropertyValueSpecification\",\"valueRequired\":true,\"valueName\":\"search_term_string\"}}],\"inLanguage\":\"fr-FR\"},{\"@type\":\"Organization\",\"@id\":\"https:\\\/\\\/you-stiftung.de\\\/#organization\",\"name\":\"YOU Stiftung\",\"url\":\"https:\\\/\\\/you-stiftung.de\\\/\",\"logo\":{\"@type\":\"ImageObject\",\"inLanguage\":\"fr-FR\",\"@id\":\"https:\\\/\\\/you-stiftung.de\\\/#\\\/schema\\\/logo\\\/image\\\/\",\"url\":\"https:\\\/\\\/you-stiftung.de\\\/wp-content\\\/uploads\\\/2021\\\/02\\\/YOU_Logo_pos_RGB_deutsch_RZ.png\",\"contentUrl\":\"https:\\\/\\\/you-stiftung.de\\\/wp-content\\\/uploads\\\/2021\\\/02\\\/YOU_Logo_pos_RGB_deutsch_RZ.png\",\"width\":729,\"height\":449,\"caption\":\"YOU Stiftung\"},\"image\":{\"@id\":\"https:\\\/\\\/you-stiftung.de\\\/#\\\/schema\\\/logo\\\/image\\\/\"},\"sameAs\":[\"https:\\\/\\\/www.facebook.com\\\/youstiftung\",\"https:\\\/\\\/www.instagram.com\\\/youstiftung\"]},{\"@type\":\"Person\",\"@id\":\"https:\\\/\\\/you-stiftung.de\\\/#\\\/schema\\\/person\\\/d52d29815c5386bd4743f97541a917ef\",\"name\":\"Claudia Jerger\",\"url\":\"https:\\\/\\\/you-stiftung.de\\\/fr\\\/author\\\/claudia-jerger\\\/\"}]}<\/script>\n<!-- \/ Yoast SEO plugin. -->","yoast_head_json":{"title":"Le travail des enfants est une r\u00e9alit\u00e9 am\u00e8re\u00a0: aidez-nous \u00e0 y mettre fin\u00a0!","description":"Les enfants sont toujours exploit\u00e9s \u00e9conomiquement et maltrait\u00e9s en tant que main-d'\u0153uvre bon march\u00e9 - m\u00eame dans les pays qui connaissent les droits des enfants de l'ONU.","robots":{"index":"index","follow":"follow","max-snippet":"max-snippet:-1","max-image-preview":"max-image-preview:large","max-video-preview":"max-video-preview:-1"},"canonical":"https:\/\/you-stiftung.de\/fr\/le-travail-des-enfants-est-une-realite-amere-aidez-nous-a-y-mettre-fin\/","og_locale":"fr_FR","og_type":"article","og_title":"Le travail des enfants est une r\u00e9alit\u00e9 am\u00e8re\u00a0: aidez-nous \u00e0 y mettre fin\u00a0!","og_description":"Les enfants sont toujours exploit\u00e9s \u00e9conomiquement et maltrait\u00e9s en tant que main-d'\u0153uvre bon march\u00e9 - m\u00eame dans les pays qui connaissent les droits des enfants de l'ONU.","og_url":"https:\/\/you-stiftung.de\/fr\/le-travail-des-enfants-est-une-realite-amere-aidez-nous-a-y-mettre-fin\/","og_site_name":"You Stiftung","article_publisher":"https:\/\/www.facebook.com\/youstiftung","article_published_time":"2019-11-21T14:06:27+00:00","article_modified_time":"2021-08-25T16:38:07+00:00","og_image":[{"width":901,"height":1024,"url":"https:\/\/you-stiftung.de\/wp-content\/uploads\/2020\/06\/Bangla6-1-901x1024.jpg","type":"image\/jpeg"}],"author":"Claudia Jerger","twitter_card":"summary_large_image","twitter_misc":{"\u00c9crit par":"Claudia Jerger","Dur\u00e9e de lecture estim\u00e9e":"2 minutes"},"schema":{"@context":"https:\/\/schema.org","@graph":[{"@type":"Article","@id":"https:\/\/you-stiftung.de\/fr\/le-travail-des-enfants-est-une-realite-amere-aidez-nous-a-y-mettre-fin\/#article","isPartOf":{"@id":"https:\/\/you-stiftung.de\/fr\/le-travail-des-enfants-est-une-realite-amere-aidez-nous-a-y-mettre-fin\/"},"author":{"name":"Claudia Jerger","@id":"https:\/\/you-stiftung.de\/#\/schema\/person\/d52d29815c5386bd4743f97541a917ef"},"headline":"Le travail des enfants est une r\u00e9alit\u00e9 am\u00e8re\u00a0: aidez-nous \u00e0 y mettre fin\u00a0!","datePublished":"2019-11-21T14:06:27+00:00","dateModified":"2021-08-25T16:38:07+00:00","mainEntityOfPage":{"@id":"https:\/\/you-stiftung.de\/fr\/le-travail-des-enfants-est-une-realite-amere-aidez-nous-a-y-mettre-fin\/"},"wordCount":454,"publisher":{"@id":"https:\/\/you-stiftung.de\/#organization"},"image":{"@id":"https:\/\/you-stiftung.de\/fr\/le-travail-des-enfants-est-une-realite-amere-aidez-nous-a-y-mettre-fin\/#primaryimage"},"thumbnailUrl":"https:\/\/you-stiftung.de\/wp-content\/uploads\/2020\/06\/Bangla6-1.jpg","articleSection":["general"],"inLanguage":"fr-FR"},{"@type":"WebPage","@id":"https:\/\/you-stiftung.de\/fr\/le-travail-des-enfants-est-une-realite-amere-aidez-nous-a-y-mettre-fin\/","url":"https:\/\/you-stiftung.de\/fr\/le-travail-des-enfants-est-une-realite-amere-aidez-nous-a-y-mettre-fin\/","name":"Le travail des enfants est une r\u00e9alit\u00e9 am\u00e8re\u00a0: aidez-nous \u00e0 y mettre fin\u00a0!","isPartOf":{"@id":"https:\/\/you-stiftung.de\/#website"},"primaryImageOfPage":{"@id":"https:\/\/you-stiftung.de\/fr\/le-travail-des-enfants-est-une-realite-amere-aidez-nous-a-y-mettre-fin\/#primaryimage"},"image":{"@id":"https:\/\/you-stiftung.de\/fr\/le-travail-des-enfants-est-une-realite-amere-aidez-nous-a-y-mettre-fin\/#primaryimage"},"thumbnailUrl":"https:\/\/you-stiftung.de\/wp-content\/uploads\/2020\/06\/Bangla6-1.jpg","datePublished":"2019-11-21T14:06:27+00:00","dateModified":"2021-08-25T16:38:07+00:00","description":"Les enfants sont toujours exploit\u00e9s \u00e9conomiquement et maltrait\u00e9s en tant que main-d'\u0153uvre bon march\u00e9 - m\u00eame dans les pays qui connaissent les droits des enfants de l'ONU.","breadcrumb":{"@id":"https:\/\/you-stiftung.de\/fr\/le-travail-des-enfants-est-une-realite-amere-aidez-nous-a-y-mettre-fin\/#breadcrumb"},"inLanguage":"fr-FR","potentialAction":[{"@type":"ReadAction","target":["https:\/\/you-stiftung.de\/fr\/le-travail-des-enfants-est-une-realite-amere-aidez-nous-a-y-mettre-fin\/"]}]},{"@type":"ImageObject","inLanguage":"fr-FR","@id":"https:\/\/you-stiftung.de\/fr\/le-travail-des-enfants-est-une-realite-amere-aidez-nous-a-y-mettre-fin\/#primaryimage","url":"https:\/\/you-stiftung.de\/wp-content\/uploads\/2020\/06\/Bangla6-1.jpg","contentUrl":"https:\/\/you-stiftung.de\/wp-content\/uploads\/2020\/06\/Bangla6-1.jpg","width":2200,"height":2499,"caption":"Bangla6 1"},{"@type":"BreadcrumbList","@id":"https:\/\/you-stiftung.de\/fr\/le-travail-des-enfants-est-une-realite-amere-aidez-nous-a-y-mettre-fin\/#breadcrumb","itemListElement":[{"@type":"ListItem","position":1,"name":"Home","item":"https:\/\/you-stiftung.de\/fr\/accueil-fr\/"},{"@type":"ListItem","position":2,"name":"Le travail des enfants est une r\u00e9alit\u00e9 am\u00e8re\u00a0: aidez-nous \u00e0 y mettre fin\u00a0!"}]},{"@type":"WebSite","@id":"https:\/\/you-stiftung.de\/#website","url":"https:\/\/you-stiftung.de\/","name":"YOU Stiftung","description":"Bildung f\u00fcr Kinder in Not","publisher":{"@id":"https:\/\/you-stiftung.de\/#organization"},"potentialAction":[{"@type":"SearchAction","target":{"@type":"EntryPoint","urlTemplate":"https:\/\/you-stiftung.de\/?s={search_term_string}"},"query-input":{"@type":"PropertyValueSpecification","valueRequired":true,"valueName":"search_term_string"}}],"inLanguage":"fr-FR"},{"@type":"Organization","@id":"https:\/\/you-stiftung.de\/#organization","name":"YOU Stiftung","url":"https:\/\/you-stiftung.de\/","logo":{"@type":"ImageObject","inLanguage":"fr-FR","@id":"https:\/\/you-stiftung.de\/#\/schema\/logo\/image\/","url":"https:\/\/you-stiftung.de\/wp-content\/uploads\/2021\/02\/YOU_Logo_pos_RGB_deutsch_RZ.png","contentUrl":"https:\/\/you-stiftung.de\/wp-content\/uploads\/2021\/02\/YOU_Logo_pos_RGB_deutsch_RZ.png","width":729,"height":449,"caption":"YOU Stiftung"},"image":{"@id":"https:\/\/you-stiftung.de\/#\/schema\/logo\/image\/"},"sameAs":["https:\/\/www.facebook.com\/youstiftung","https:\/\/www.instagram.com\/youstiftung"]},{"@type":"Person","@id":"https:\/\/you-stiftung.de\/#\/schema\/person\/d52d29815c5386bd4743f97541a917ef","name":"Claudia Jerger","url":"https:\/\/you-stiftung.de\/fr\/author\/claudia-jerger\/"}]}},"_links":{"self":[{"href":"https:\/\/you-stiftung.de\/fr\/wp-json\/wp\/v2\/posts\/12381","targetHints":{"allow":["GET"]}}],"collection":[{"href":"https:\/\/you-stiftung.de\/fr\/wp-json\/wp\/v2\/posts"}],"about":[{"href":"https:\/\/you-stiftung.de\/fr\/wp-json\/wp\/v2\/types\/post"}],"author":[{"embeddable":true,"href":"https:\/\/you-stiftung.de\/fr\/wp-json\/wp\/v2\/users\/10"}],"replies":[{"embeddable":true,"href":"https:\/\/you-stiftung.de\/fr\/wp-json\/wp\/v2\/comments?post=12381"}],"version-history":[{"count":3,"href":"https:\/\/you-stiftung.de\/fr\/wp-json\/wp\/v2\/posts\/12381\/revisions"}],"predecessor-version":[{"id":12890,"href":"https:\/\/you-stiftung.de\/fr\/wp-json\/wp\/v2\/posts\/12381\/revisions\/12890"}],"wp:featuredmedia":[{"embeddable":true,"href":"https:\/\/you-stiftung.de\/fr\/wp-json\/wp\/v2\/media\/12361"}],"wp:attachment":[{"href":"https:\/\/you-stiftung.de\/fr\/wp-json\/wp\/v2\/media?parent=12381"}],"wp:term":[{"taxonomy":"category","embeddable":true,"href":"https:\/\/you-stiftung.de\/fr\/wp-json\/wp\/v2\/categories?post=12381"},{"taxonomy":"post_tag","embeddable":true,"href":"https:\/\/you-stiftung.de\/fr\/wp-json\/wp\/v2\/tags?post=12381"}],"curies":[{"name":"wp","href":"https:\/\/api.w.org\/{rel}","templated":true}]}}