{"id":12283,"date":"2021-05-31T16:06:45","date_gmt":"2021-05-31T14:06:45","guid":{"rendered":"https:\/\/you-charity.de\/unesco-journee-mondiale-des-oceans\/"},"modified":"2021-08-24T22:29:04","modified_gmt":"2021-08-24T20:29:04","slug":"unesco-journee-mondiale-des-oceans","status":"publish","type":"post","link":"https:\/\/you-stiftung.de\/fr\/unesco-journee-mondiale-des-oceans\/","title":{"rendered":"UNESCO : Journ\u00e9e mondiale des oc\u00e9ans"},"content":{"rendered":"<p>Par sa r\u00e9solution 63\/111(link is external) du 5 d\u00e9cembre 2008, l&rsquo;Assembl\u00e9e g\u00e9n\u00e9rale des Nations Unies a d\u00e9sign\u00e9 le 8 juin Journ\u00e9e mondiale des oc\u00e9ans.<br \/>\nLe concept d&rsquo;une Journ\u00e9e mondiale des oc\u00e9ans a \u00e9t\u00e9 propos\u00e9 pour la premi\u00e8re fois en 1992 lors du Sommet de la Terre \u00e0 Rio de Janeiro comme un moyen de c\u00e9l\u00e9brer l&rsquo;oc\u00e9an commun de notre monde et notre lien personnel avec la mer, ainsi que de sensibiliser au r\u00f4le crucial que joue l&rsquo;oc\u00e9an. dans nos vies et les fa\u00e7ons importantes dont les gens peuvent aider \u00e0 le prot\u00e9ger.<\/p>\n","protected":false},"excerpt":{"rendered":"<p>Par sa r\u00e9solution 63\/111(link is external) du 5 d\u00e9cembre 2008, l&rsquo;Assembl\u00e9e g\u00e9n\u00e9rale des Nations Unies a d\u00e9sign\u00e9 le 8 juin Journ\u00e9e mondiale des oc\u00e9ans. Le concept d&rsquo;une Journ\u00e9e mondiale des oc\u00e9ans a \u00e9t\u00e9 propos\u00e9 pour la premi\u00e8re fois en 1992 lors du Sommet de la Terre \u00e0 Rio de Janeiro comme un moyen de c\u00e9l\u00e9brer [&hellip;]<\/p>\n","protected":false},"author":15,"featured_media":12284,"comment_status":"closed","ping_status":"closed","sticky":false,"template":"","format":"standard","meta":{"footnotes":""},"categories":[447,452],"tags":[],"class_list":["post-12283","post","type-post","status-publish","format-standard","has-post-thumbnail","hentry","category-general-fr","category-partenariats"],"yoast_head":"<!-- This site is optimized with the Yoast SEO plugin v27.4 - https:\/\/yoast.com\/product\/yoast-seo-wordpress\/ -->\n<title>UNESCO : Journ\u00e9e mondiale des oc\u00e9ans &#8211; You Stiftung<\/title>\n<meta name=\"robots\" content=\"index, follow, max-snippet:-1, max-image-preview:large, max-video-preview:-1\" \/>\n<link rel=\"canonical\" href=\"https:\/\/you-stiftung.de\/fr\/unesco-journee-mondiale-des-oceans\/\" \/>\n<meta property=\"og:locale\" content=\"fr_FR\" \/>\n<meta property=\"og:type\" content=\"article\" \/>\n<meta property=\"og:title\" content=\"UNESCO : Journ\u00e9e mondiale des oc\u00e9ans &#8211; You Stiftung\" \/>\n<meta property=\"og:description\" content=\"Par sa r\u00e9solution 63\/111(link is external) du 5 d\u00e9cembre 2008, l&rsquo;Assembl\u00e9e g\u00e9n\u00e9rale des Nations Unies a d\u00e9sign\u00e9 le 8 juin Journ\u00e9e mondiale des oc\u00e9ans. Le concept d&rsquo;une Journ\u00e9e mondiale des oc\u00e9ans a \u00e9t\u00e9 propos\u00e9 pour la premi\u00e8re fois en 1992 lors du Sommet de la Terre \u00e0 Rio de Janeiro comme un moyen de c\u00e9l\u00e9brer [&hellip;]\" \/>\n<meta property=\"og:url\" content=\"https:\/\/you-stiftung.de\/fr\/unesco-journee-mondiale-des-oceans\/\" \/>\n<meta property=\"og:site_name\" content=\"You Stiftung\" \/>\n<meta property=\"article:publisher\" content=\"https:\/\/www.facebook.com\/youstiftung\" \/>\n<meta property=\"article:published_time\" content=\"2021-05-31T14:06:45+00:00\" \/>\n<meta property=\"article:modified_time\" content=\"2021-08-24T20:29:04+00:00\" \/>\n<meta property=\"og:image\" content=\"https:\/\/you-stiftung.de\/wp-content\/uploads\/2021\/05\/UNESCO-World-Ocean-Day-1.png\" \/>\n\t<meta property=\"og:image:width\" content=\"712\" \/>\n\t<meta property=\"og:image:height\" content=\"440\" \/>\n\t<meta property=\"og:image:type\" content=\"image\/png\" \/>\n<meta name=\"author\" content=\"Christina Uhr\" \/>\n<meta name=\"twitter:card\" content=\"summary_large_image\" \/>\n<meta name=\"twitter:label1\" content=\"\u00c9crit par\" \/>\n\t<meta name=\"twitter:data1\" content=\"Christina Uhr\" \/>\n\t<meta name=\"twitter:label2\" content=\"Dur\u00e9e de lecture estim\u00e9e\" \/>\n\t<meta name=\"twitter:data2\" content=\"1 minute\" \/>\n<script type=\"application\/ld+json\" class=\"yoast-schema-graph\">{\"@context\":\"https:\\\/\\\/schema.org\",\"@graph\":[{\"@type\":\"Article\",\"@id\":\"https:\\\/\\\/you-stiftung.de\\\/fr\\\/unesco-journee-mondiale-des-oceans\\\/#article\",\"isPartOf\":{\"@id\":\"https:\\\/\\\/you-stiftung.de\\\/fr\\\/unesco-journee-mondiale-des-oceans\\\/\"},\"author\":{\"name\":\"Christina Uhr\",\"@id\":\"https:\\\/\\\/you-stiftung.de\\\/#\\\/schema\\\/person\\\/d25b48a34e05346efa7866132da05213\"},\"headline\":\"UNESCO : Journ\u00e9e mondiale des oc\u00e9ans\",\"datePublished\":\"2021-05-31T14:06:45+00:00\",\"dateModified\":\"2021-08-24T20:29:04+00:00\",\"mainEntityOfPage\":{\"@id\":\"https:\\\/\\\/you-stiftung.de\\\/fr\\\/unesco-journee-mondiale-des-oceans\\\/\"},\"wordCount\":115,\"publisher\":{\"@id\":\"https:\\\/\\\/you-stiftung.de\\\/#organization\"},\"image\":{\"@id\":\"https:\\\/\\\/you-stiftung.de\\\/fr\\\/unesco-journee-mondiale-des-oceans\\\/#primaryimage\"},\"thumbnailUrl\":\"https:\\\/\\\/you-stiftung.de\\\/wp-content\\\/uploads\\\/2021\\\/05\\\/UNESCO-World-Ocean-Day-1.png\",\"articleSection\":[\"general\",\"Partenariats\"],\"inLanguage\":\"fr-FR\"},{\"@type\":\"WebPage\",\"@id\":\"https:\\\/\\\/you-stiftung.de\\\/fr\\\/unesco-journee-mondiale-des-oceans\\\/\",\"url\":\"https:\\\/\\\/you-stiftung.de\\\/fr\\\/unesco-journee-mondiale-des-oceans\\\/\",\"name\":\"UNESCO : Journ\u00e9e mondiale des oc\u00e9ans &#8211; You Stiftung\",\"isPartOf\":{\"@id\":\"https:\\\/\\\/you-stiftung.de\\\/#website\"},\"primaryImageOfPage\":{\"@id\":\"https:\\\/\\\/you-stiftung.de\\\/fr\\\/unesco-journee-mondiale-des-oceans\\\/#primaryimage\"},\"image\":{\"@id\":\"https:\\\/\\\/you-stiftung.de\\\/fr\\\/unesco-journee-mondiale-des-oceans\\\/#primaryimage\"},\"thumbnailUrl\":\"https:\\\/\\\/you-stiftung.de\\\/wp-content\\\/uploads\\\/2021\\\/05\\\/UNESCO-World-Ocean-Day-1.png\",\"datePublished\":\"2021-05-31T14:06:45+00:00\",\"dateModified\":\"2021-08-24T20:29:04+00:00\",\"breadcrumb\":{\"@id\":\"https:\\\/\\\/you-stiftung.de\\\/fr\\\/unesco-journee-mondiale-des-oceans\\\/#breadcrumb\"},\"inLanguage\":\"fr-FR\",\"potentialAction\":[{\"@type\":\"ReadAction\",\"target\":[\"https:\\\/\\\/you-stiftung.de\\\/fr\\\/unesco-journee-mondiale-des-oceans\\\/\"]}]},{\"@type\":\"ImageObject\",\"inLanguage\":\"fr-FR\",\"@id\":\"https:\\\/\\\/you-stiftung.de\\\/fr\\\/unesco-journee-mondiale-des-oceans\\\/#primaryimage\",\"url\":\"https:\\\/\\\/you-stiftung.de\\\/wp-content\\\/uploads\\\/2021\\\/05\\\/UNESCO-World-Ocean-Day-1.png\",\"contentUrl\":\"https:\\\/\\\/you-stiftung.de\\\/wp-content\\\/uploads\\\/2021\\\/05\\\/UNESCO-World-Ocean-Day-1.png\",\"width\":712,\"height\":440,\"caption\":\"UNESCO World Ocean Day 1\"},{\"@type\":\"BreadcrumbList\",\"@id\":\"https:\\\/\\\/you-stiftung.de\\\/fr\\\/unesco-journee-mondiale-des-oceans\\\/#breadcrumb\",\"itemListElement\":[{\"@type\":\"ListItem\",\"position\":1,\"name\":\"Home\",\"item\":\"https:\\\/\\\/you-stiftung.de\\\/fr\\\/accueil-fr\\\/\"},{\"@type\":\"ListItem\",\"position\":2,\"name\":\"UNESCO : Journ\u00e9e mondiale des oc\u00e9ans\"}]},{\"@type\":\"WebSite\",\"@id\":\"https:\\\/\\\/you-stiftung.de\\\/#website\",\"url\":\"https:\\\/\\\/you-stiftung.de\\\/\",\"name\":\"YOU Stiftung\",\"description\":\"Bildung f\u00fcr Kinder in Not\",\"publisher\":{\"@id\":\"https:\\\/\\\/you-stiftung.de\\\/#organization\"},\"potentialAction\":[{\"@type\":\"SearchAction\",\"target\":{\"@type\":\"EntryPoint\",\"urlTemplate\":\"https:\\\/\\\/you-stiftung.de\\\/?s={search_term_string}\"},\"query-input\":{\"@type\":\"PropertyValueSpecification\",\"valueRequired\":true,\"valueName\":\"search_term_string\"}}],\"inLanguage\":\"fr-FR\"},{\"@type\":\"Organization\",\"@id\":\"https:\\\/\\\/you-stiftung.de\\\/#organization\",\"name\":\"YOU Stiftung\",\"url\":\"https:\\\/\\\/you-stiftung.de\\\/\",\"logo\":{\"@type\":\"ImageObject\",\"inLanguage\":\"fr-FR\",\"@id\":\"https:\\\/\\\/you-stiftung.de\\\/#\\\/schema\\\/logo\\\/image\\\/\",\"url\":\"https:\\\/\\\/you-stiftung.de\\\/wp-content\\\/uploads\\\/2021\\\/02\\\/YOU_Logo_pos_RGB_deutsch_RZ.png\",\"contentUrl\":\"https:\\\/\\\/you-stiftung.de\\\/wp-content\\\/uploads\\\/2021\\\/02\\\/YOU_Logo_pos_RGB_deutsch_RZ.png\",\"width\":729,\"height\":449,\"caption\":\"YOU Stiftung\"},\"image\":{\"@id\":\"https:\\\/\\\/you-stiftung.de\\\/#\\\/schema\\\/logo\\\/image\\\/\"},\"sameAs\":[\"https:\\\/\\\/www.facebook.com\\\/youstiftung\",\"https:\\\/\\\/www.instagram.com\\\/youstiftung\"]},{\"@type\":\"Person\",\"@id\":\"https:\\\/\\\/you-stiftung.de\\\/#\\\/schema\\\/person\\\/d25b48a34e05346efa7866132da05213\",\"name\":\"Christina Uhr\",\"url\":\"https:\\\/\\\/you-stiftung.de\\\/fr\\\/author\\\/christina-uhr\\\/\"}]}<\/script>\n<!-- \/ Yoast SEO plugin. -->","yoast_head_json":{"title":"UNESCO : Journ\u00e9e mondiale des oc\u00e9ans &#8211; You Stiftung","robots":{"index":"index","follow":"follow","max-snippet":"max-snippet:-1","max-image-preview":"max-image-preview:large","max-video-preview":"max-video-preview:-1"},"canonical":"https:\/\/you-stiftung.de\/fr\/unesco-journee-mondiale-des-oceans\/","og_locale":"fr_FR","og_type":"article","og_title":"UNESCO : Journ\u00e9e mondiale des oc\u00e9ans &#8211; You Stiftung","og_description":"Par sa r\u00e9solution 63\/111(link is external) du 5 d\u00e9cembre 2008, l&rsquo;Assembl\u00e9e g\u00e9n\u00e9rale des Nations Unies a d\u00e9sign\u00e9 le 8 juin Journ\u00e9e mondiale des oc\u00e9ans. Le concept d&rsquo;une Journ\u00e9e mondiale des oc\u00e9ans a \u00e9t\u00e9 propos\u00e9 pour la premi\u00e8re fois en 1992 lors du Sommet de la Terre \u00e0 Rio de Janeiro comme un moyen de c\u00e9l\u00e9brer [&hellip;]","og_url":"https:\/\/you-stiftung.de\/fr\/unesco-journee-mondiale-des-oceans\/","og_site_name":"You Stiftung","article_publisher":"https:\/\/www.facebook.com\/youstiftung","article_published_time":"2021-05-31T14:06:45+00:00","article_modified_time":"2021-08-24T20:29:04+00:00","og_image":[{"width":712,"height":440,"url":"https:\/\/you-stiftung.de\/wp-content\/uploads\/2021\/05\/UNESCO-World-Ocean-Day-1.png","type":"image\/png"}],"author":"Christina Uhr","twitter_card":"summary_large_image","twitter_misc":{"\u00c9crit par":"Christina Uhr","Dur\u00e9e de lecture estim\u00e9e":"1 minute"},"schema":{"@context":"https:\/\/schema.org","@graph":[{"@type":"Article","@id":"https:\/\/you-stiftung.de\/fr\/unesco-journee-mondiale-des-oceans\/#article","isPartOf":{"@id":"https:\/\/you-stiftung.de\/fr\/unesco-journee-mondiale-des-oceans\/"},"author":{"name":"Christina Uhr","@id":"https:\/\/you-stiftung.de\/#\/schema\/person\/d25b48a34e05346efa7866132da05213"},"headline":"UNESCO : Journ\u00e9e mondiale des oc\u00e9ans","datePublished":"2021-05-31T14:06:45+00:00","dateModified":"2021-08-24T20:29:04+00:00","mainEntityOfPage":{"@id":"https:\/\/you-stiftung.de\/fr\/unesco-journee-mondiale-des-oceans\/"},"wordCount":115,"publisher":{"@id":"https:\/\/you-stiftung.de\/#organization"},"image":{"@id":"https:\/\/you-stiftung.de\/fr\/unesco-journee-mondiale-des-oceans\/#primaryimage"},"thumbnailUrl":"https:\/\/you-stiftung.de\/wp-content\/uploads\/2021\/05\/UNESCO-World-Ocean-Day-1.png","articleSection":["general","Partenariats"],"inLanguage":"fr-FR"},{"@type":"WebPage","@id":"https:\/\/you-stiftung.de\/fr\/unesco-journee-mondiale-des-oceans\/","url":"https:\/\/you-stiftung.de\/fr\/unesco-journee-mondiale-des-oceans\/","name":"UNESCO : Journ\u00e9e mondiale des oc\u00e9ans &#8211; You Stiftung","isPartOf":{"@id":"https:\/\/you-stiftung.de\/#website"},"primaryImageOfPage":{"@id":"https:\/\/you-stiftung.de\/fr\/unesco-journee-mondiale-des-oceans\/#primaryimage"},"image":{"@id":"https:\/\/you-stiftung.de\/fr\/unesco-journee-mondiale-des-oceans\/#primaryimage"},"thumbnailUrl":"https:\/\/you-stiftung.de\/wp-content\/uploads\/2021\/05\/UNESCO-World-Ocean-Day-1.png","datePublished":"2021-05-31T14:06:45+00:00","dateModified":"2021-08-24T20:29:04+00:00","breadcrumb":{"@id":"https:\/\/you-stiftung.de\/fr\/unesco-journee-mondiale-des-oceans\/#breadcrumb"},"inLanguage":"fr-FR","potentialAction":[{"@type":"ReadAction","target":["https:\/\/you-stiftung.de\/fr\/unesco-journee-mondiale-des-oceans\/"]}]},{"@type":"ImageObject","inLanguage":"fr-FR","@id":"https:\/\/you-stiftung.de\/fr\/unesco-journee-mondiale-des-oceans\/#primaryimage","url":"https:\/\/you-stiftung.de\/wp-content\/uploads\/2021\/05\/UNESCO-World-Ocean-Day-1.png","contentUrl":"https:\/\/you-stiftung.de\/wp-content\/uploads\/2021\/05\/UNESCO-World-Ocean-Day-1.png","width":712,"height":440,"caption":"UNESCO World Ocean Day 1"},{"@type":"BreadcrumbList","@id":"https:\/\/you-stiftung.de\/fr\/unesco-journee-mondiale-des-oceans\/#breadcrumb","itemListElement":[{"@type":"ListItem","position":1,"name":"Home","item":"https:\/\/you-stiftung.de\/fr\/accueil-fr\/"},{"@type":"ListItem","position":2,"name":"UNESCO : Journ\u00e9e mondiale des oc\u00e9ans"}]},{"@type":"WebSite","@id":"https:\/\/you-stiftung.de\/#website","url":"https:\/\/you-stiftung.de\/","name":"YOU Stiftung","description":"Bildung f\u00fcr Kinder in Not","publisher":{"@id":"https:\/\/you-stiftung.de\/#organization"},"potentialAction":[{"@type":"SearchAction","target":{"@type":"EntryPoint","urlTemplate":"https:\/\/you-stiftung.de\/?s={search_term_string}"},"query-input":{"@type":"PropertyValueSpecification","valueRequired":true,"valueName":"search_term_string"}}],"inLanguage":"fr-FR"},{"@type":"Organization","@id":"https:\/\/you-stiftung.de\/#organization","name":"YOU Stiftung","url":"https:\/\/you-stiftung.de\/","logo":{"@type":"ImageObject","inLanguage":"fr-FR","@id":"https:\/\/you-stiftung.de\/#\/schema\/logo\/image\/","url":"https:\/\/you-stiftung.de\/wp-content\/uploads\/2021\/02\/YOU_Logo_pos_RGB_deutsch_RZ.png","contentUrl":"https:\/\/you-stiftung.de\/wp-content\/uploads\/2021\/02\/YOU_Logo_pos_RGB_deutsch_RZ.png","width":729,"height":449,"caption":"YOU Stiftung"},"image":{"@id":"https:\/\/you-stiftung.de\/#\/schema\/logo\/image\/"},"sameAs":["https:\/\/www.facebook.com\/youstiftung","https:\/\/www.instagram.com\/youstiftung"]},{"@type":"Person","@id":"https:\/\/you-stiftung.de\/#\/schema\/person\/d25b48a34e05346efa7866132da05213","name":"Christina Uhr","url":"https:\/\/you-stiftung.de\/fr\/author\/christina-uhr\/"}]}},"_links":{"self":[{"href":"https:\/\/you-stiftung.de\/fr\/wp-json\/wp\/v2\/posts\/12283","targetHints":{"allow":["GET"]}}],"collection":[{"href":"https:\/\/you-stiftung.de\/fr\/wp-json\/wp\/v2\/posts"}],"about":[{"href":"https:\/\/you-stiftung.de\/fr\/wp-json\/wp\/v2\/types\/post"}],"author":[{"embeddable":true,"href":"https:\/\/you-stiftung.de\/fr\/wp-json\/wp\/v2\/users\/15"}],"replies":[{"embeddable":true,"href":"https:\/\/you-stiftung.de\/fr\/wp-json\/wp\/v2\/comments?post=12283"}],"version-history":[{"count":1,"href":"https:\/\/you-stiftung.de\/fr\/wp-json\/wp\/v2\/posts\/12283\/revisions"}],"predecessor-version":[{"id":12646,"href":"https:\/\/you-stiftung.de\/fr\/wp-json\/wp\/v2\/posts\/12283\/revisions\/12646"}],"wp:featuredmedia":[{"embeddable":true,"href":"https:\/\/you-stiftung.de\/fr\/wp-json\/wp\/v2\/media\/12284"}],"wp:attachment":[{"href":"https:\/\/you-stiftung.de\/fr\/wp-json\/wp\/v2\/media?parent=12283"}],"wp:term":[{"taxonomy":"category","embeddable":true,"href":"https:\/\/you-stiftung.de\/fr\/wp-json\/wp\/v2\/categories?post=12283"},{"taxonomy":"post_tag","embeddable":true,"href":"https:\/\/you-stiftung.de\/fr\/wp-json\/wp\/v2\/tags?post=12283"}],"curies":[{"name":"wp","href":"https:\/\/api.w.org\/{rel}","templated":true}]}}